{"id":118368,"date":"2021-06-10T16:19:03","date_gmt":"2021-06-10T20:19:03","guid":{"rendered":"https:\/\/linitiative.ca\/International\/reconciliation-nationale\/"},"modified":"2021-06-10T16:19:03","modified_gmt":"2021-06-10T20:19:03","slug":"reconciliation-nationale","status":"publish","type":"post","link":"https:\/\/linitiative.ca\/International\/reconciliation-nationale\/","title":{"rendered":"RECONCILIATION NATIONALE"},"content":{"rendered":"<div class=\"featured-area featured-area-inner\">\n<figure class=\"single-featured-image\"><img decoding=\"async\" width=\"780\" height=\"436\" src=\"https:\/\/lepays.bf\/wp-content\/uploads\/2017\/07\/lepaysresponsive.png\" class=\"attachment-jannah-image-post default-featured-img\" alt=\"\" loading=\"lazy\" srcset=\"https:\/\/lepays.bf\/wp-content\/uploads\/2017\/07\/lepaysresponsive.png 1137w, https:\/\/lepays.bf\/wp-content\/uploads\/2017\/07\/lepaysresponsive-300x168.png 300w, https:\/\/lepays.bf\/wp-content\/uploads\/2017\/07\/lepaysresponsive-768x430.png 768w, https:\/\/lepays.bf\/wp-content\/uploads\/2017\/07\/lepaysresponsive-1024x573.png 1024w\" sizes=\"auto, (max-width: 780px) 100vw, 780px\"\/><\/figure>\n<\/div>\n<div class=\"entry-content entry clearfix\" readability=\"65\">\n<p class=\"c4\"><em>\u00ab\u00a0Celui qui rentre et qui a un dossier en Justice, ira voir le juge\u00a0\u00bb. C\u2019est ce qu\u2019a d\u00e9clar\u00e9 le ministre de la R\u00e9conciliation nationale et de la coh\u00e9sion sociale, Z\u00e9phirin Diabr\u00e9, au cours d\u2019un point de presse anim\u00e9 le 1<sup>er<\/sup> juin dernier. Il r\u00e9pondait \u00e0 une question des journalistes sur le sort qui sera r\u00e9serv\u00e9 aux exil\u00e9s dans le processus de r\u00e9conciliation nationale. Je ne suis pas de ceux-l\u00e0 qui soutiennent qu\u2019au nom de la r\u00e9conciliation nationale, il faut passer par pertes et profits, certains crimes commis. Je n\u2019encourage pas l\u2019impunit\u00e9. Loin s\u2019en faut\u00a0! Mais quand j\u2019entends celui-l\u00e0 m\u00eame qui est aux devants des choses pour r\u00e9concilier les Burkinab\u00e8, tenir certains propos, il y a de quoi m\u2019interroger. Quel contenu veut-on donner exactement \u00e0 la r\u00e9conciliation nationale\u00a0? Dans quel sens veut-on aller\u00a0? Je m\u2019interroge d\u2019autant plus que j\u2019ai l\u2019impression que pendant que l\u2019on plaide le retour des exil\u00e9s, l\u2019on actionne le levier de la Justice. En t\u00e9moigne la r\u00e9cente mise en accusation de Blaise Compaor\u00e9 dans l\u2019affaire Thomas Sankara. Je ne suis pas dans une logique de vouloir absoudre quelqu\u2019un. Non, tel n\u2019est pas mon objectif. Mais je dis que l\u2019on ne peut pas vouloir d\u2019une chose et de son contraire. C\u2019est-\u00e0-dire vouloir que rentrent les exil\u00e9s et leur demander d\u2019aller r\u00e9pondre devant le juge. Que chacun de nous essaie de se mettre \u00e0 leur place pour comprendre qu\u2019une telle posture de nos dirigeants qui appellent de leurs v\u0153ux la r\u00e9conciliation nationale, ne rassure pas. Surtout quand on sait que de plus en plus, les juges ont acquis leur ind\u00e9pendance. Si fait qu\u2019ils n\u2019h\u00e9sitent m\u00eame pas \u00e0 ramer \u00e0 contre-courant parfois des d\u00e9cisions du gouvernement. En fait, tout se passe comme si Roch lui-m\u00eame \u00e9tait d\u00e9pass\u00e9 par les \u00e9v\u00e9nements au point qu\u2019il a de la peine \u00e0 donner une ligne de conduite claire au processus de r\u00e9conciliation nationale.<\/em><\/p>\n<p class=\"c4\"><em>\u00a0<\/em><\/p>\n<p class=\"c6\"><strong><em>Je souhaite que l\u2019on aille \u00a0le plus t\u00f4t possible au forum national<\/em><\/strong><\/p>\n<p class=\"c6\"><strong><em>\u00a0<\/em><\/strong><\/p>\n<p class=\"c4\"><em>\u00a0<\/em><\/p>\n<p class=\"c4\"><em>Je le dis parce qu\u2019il doit mesurer aujourd\u2019hui qu\u2019il ne ma\u00eetrise pas l\u2019appareil judiciaire comme ce fut le cas sous l\u2019ancien r\u00e9gime.\u00a0<\/em> <em>Dans ces conditions, vous conviendrez avec moi qu\u2019aucun exil\u00e9 ne prendra le risque de retourner au bercail et se voir d\u00e9cerner un mandat d\u2019arr\u00eat d\u00e8s sa descente d\u2019avion. C\u2019est pourquoi je souhaite que l\u2019on aille \u00a0le plus t\u00f4t possible au forum national qui, je l\u2019esp\u00e8re, nous permettra de conna\u00eetre les contours et la forme que prendra la r\u00e9conciliation nationale qui est sur toutes les l\u00e8vres. Cela dit, je voudrais saisir l\u2019occasion pour rappeler aux uns et aux autres que lorsqu\u2019on parle de r\u00e9conciliation nationale, cela ne doit pas se r\u00e9sumer \u00e0 la classe politique seulement. Je dis non\u00a0! Car, au-del\u00e0 des conflits communautaires n\u00e9s de la crise s\u00e9curitaire, il y a les probl\u00e8mes li\u00e9s au foncier qui constituent une v\u00e9ritable bombe sociale qui, si rien n\u2019est fait, ne tardera pas \u00e0 exploser. Il suffit d\u2019\u00e9couter les sorties des propri\u00e9taires terriens, des promoteurs immobiliers et des acteurs de la soci\u00e9t\u00e9 civile pour comprendre que le mal est plus profond que l\u2019on y pense. C\u2019est pourquoi je souhaite que les autorit\u00e9s en tiennent\u00a0 compte pour autant que l\u2019on veuille d\u2019un Burkina Faso r\u00e9concili\u00e9 avec lui-m\u00eame et qui tournera r\u00e9solument la page du pass\u00e9. Ce n\u2019est pas impossible, pour peu que l\u2019on y mette un peu de volont\u00e9 politique.<\/em><\/p>\n<p class=\"c4\"><em>\u00a0<\/em><\/p>\n<p class=\"c6\"><strong><em>\u00ab\u00a0Le Fou\u00a0\u00bb<\/em><\/strong><\/p>\n<p class=\"c4\"><em>\u00a0<\/em><\/p>\n<\/div>\n<p>Auteur: Editions LEPAYS<br \/>\n<a href=\"https:\/\/lepays.bf\/reconciliation-nationale-7\/\">Cliquez ici pour lire l&rsquo;article depuis sa source.<\/a><\/p>\n","protected":false},"excerpt":{"rendered":"<p>\u00ab\u00a0Celui qui rentre et qui a un dossier en Justice, ira voir le juge\u00a0\u00bb. C\u2019est ce qu\u2019a d\u00e9clar\u00e9 le ministre de la R\u00e9conciliation nationale et de la coh\u00e9sion sociale, Z\u00e9phirin Diabr\u00e9, au cours d\u2019un point de presse anim\u00e9 le 1er juin dernier. Il r\u00e9pondait \u00e0 une question des journalistes sur le sort qui sera r\u00e9serv\u00e9 [&hellip;]<\/p>\n","protected":false},"author":1813,"featured_media":0,"comment_status":"closed","ping_status":"closed","sticky":false,"template":"","format":"standard","meta":{"fifu_image_url":"https:\/\/lepays.bf\/wp-content\/uploads\/2017\/07\/lepaysresponsive.png","fifu_image_alt":"RECONCILIATION NATIONALE","footnotes":""},"categories":[73,81],"tags":[],"class_list":["post-118368","post","type-post","status-publish","format-standard","hentry","category-actualite","category-burkina-faso"],"_links":{"self":[{"href":"https:\/\/linitiative.ca\/International\/wp-json\/wp\/v2\/posts\/118368","targetHints":{"allow":["GET"]}}],"collection":[{"href":"https:\/\/linitiative.ca\/International\/wp-json\/wp\/v2\/posts"}],"about":[{"href":"https:\/\/linitiative.ca\/International\/wp-json\/wp\/v2\/types\/post"}],"author":[{"embeddable":true,"href":"https:\/\/linitiative.ca\/International\/wp-json\/wp\/v2\/users\/1813"}],"replies":[{"embeddable":true,"href":"https:\/\/linitiative.ca\/International\/wp-json\/wp\/v2\/comments?post=118368"}],"version-history":[{"count":0,"href":"https:\/\/linitiative.ca\/International\/wp-json\/wp\/v2\/posts\/118368\/revisions"}],"wp:attachment":[{"href":"https:\/\/linitiative.ca\/International\/wp-json\/wp\/v2\/media?parent=118368"}],"wp:term":[{"taxonomy":"category","embeddable":true,"href":"https:\/\/linitiative.ca\/International\/wp-json\/wp\/v2\/categories?post=118368"},{"taxonomy":"post_tag","embeddable":true,"href":"https:\/\/linitiative.ca\/International\/wp-json\/wp\/v2\/tags?post=118368"}],"curies":[{"name":"wp","href":"https:\/\/api.w.org\/{rel}","templated":true}]}}