{"id":118369,"date":"2021-06-10T16:23:34","date_gmt":"2021-06-10T20:23:34","guid":{"rendered":"https:\/\/linitiative.ca\/International\/retour-annonce-de-laurent-gbagbo-en-cote-divoire\/"},"modified":"2021-06-10T16:23:34","modified_gmt":"2021-06-10T20:23:34","slug":"retour-annonce-de-laurent-gbagbo-en-cote-divoire","status":"publish","type":"post","link":"https:\/\/linitiative.ca\/International\/retour-annonce-de-laurent-gbagbo-en-cote-divoire\/","title":{"rendered":"RETOUR ANNONCE DE LAURENT GBAGBO EN COTE D\u2019IVOIRE"},"content":{"rendered":"<p class=\"c4\"><em>En C\u00f4te d\u2019Ivoire, les choses se pr\u00e9cisent quant au retour de l\u2019ex-pr\u00e9sident Laurent Gbagbo au bercail. Non seulement la date du 17 juin qui avait \u00e9t\u00e9 annonc\u00e9e par ses proches, mais aussi les contours de l\u2019accueil qui lui sera r\u00e9serv\u00e9 et qui faisait pol\u00e9mique entre les partisans d\u2019un retour triomphal comme le veut sa famille politique, et ceux d\u2019un retour discret comme le voulait le pouvoir d\u2019Abidjan.\u00a0 Entre les deux, l\u2019entente semble se faire entre les deux parties toujours en concertations, pour un retour \u00ab\u00a0visible \u00bb, sans \u00eatre ni trop discret ni trop triomphant du Christ de Mama.\u00a0<\/em> <em>Le moins que l\u2019on puisse dire, c\u2019est que les lignes sont en train de bouger pour un retour tr\u00e8s imminent, 10 ans apr\u00e8s son transf\u00e8rement \u00e0 la Cour p\u00e9nale internationale, de l\u2019ex-locataire de la prison de Scheveningen, sur les bords de la lagune Ebri\u00e9. Et le doute ne semble plus permis sur la date du\u00a0 jeudi 17 juin prochain, depuis qu\u2019on a vu circuler, sur les r\u00e9seaux sociaux, la photo d\u2019un billet d\u2019avion au nom de Laurent Gbagbo et de son \u00e9pouse Nady Bamba, confirm\u00e9, sur un vol commercial de la Brussels Airlines pour la date indiqu\u00e9e.\u00a0\u00a0<\/em><\/p>\n<p class=\"c4\"><em>\u00a0<\/em><\/p>\n<p class=\"c6\"><strong><em>Une fa\u00e7on de \u00ab\u00a0laisser\u2026 aux Gbagboistes ce qui appartient aux GOR (Gbagbo ou rien)\u00a0\u00bb<\/em><\/strong><\/p>\n<p class=\"c4\"><em>\u00a0<\/em><\/p>\n<p class=\"c4\"><em>\u00a0<\/em><\/p>\n<p class=\"c4\"><em>C\u2019est dire si le compte \u00e0 rebours a v\u00e9ritablement commenc\u00e9 pour ce qui appara\u00eet aux yeux de ses partisans, comme le retour de l\u2019enfant prodigue, apr\u00e8s avoir \u00e9t\u00e9 \u00ab\u00a0totalement blanchi\u00a0\u00bbpar la Justice internationale. Mais c\u2019est dire aussi que l\u2019Etat de C\u00f4te d\u2019Ivoire n\u2019affr\u00e9tera pas un avion sp\u00e9cial pour le retour du Woody.\u00a0\u00a0 Comment peut-il en \u00eatre autrement quand les autorit\u00e9s d\u2019Abidjan disent avoir \u00e9t\u00e9 mises devant le fait accompli du choix de la date par les partisans de Laurent Gbagbo\u00a0? Mais en en \u00ab\u00a0prenant acte\u00a0\u00bb, comme l\u2019a soutenu le ministre de la R\u00e9conciliation nationale, Kouadio Konan Bertin, et en se pla\u00e7ant en partenaire dans les pr\u00e9paratifs, le pouvoir ivoirien envoie un signal de sa volont\u00e9 de jouer balle \u00e0 terre et de ne pas donner l\u2019impression de faire dans le forcing de la r\u00e9cup\u00e9ration. Et si ce n\u2019est pas finalement une fa\u00e7on de \u00ab\u00a0laisser\u2026 aux Gbagboistes ce qui appartient aux GOR (Gbagbo ou rien)\u00a0\u00bb qui sont dans une man\u0153uvre \u00a0\u00a0d\u2019orchestration de ce retour, cela y ressemble fort. M\u00eame si l\u2019on comprend sa volont\u00e9 somme toute l\u00e9gitime de rester au contr\u00f4le de la situation. En tout cas, en choisissant de ne pas trop tirer sur la corde, le pouvoir fait \u00a0une option d\u2019apaisement qui ne saurait gu\u00e8re surprendre, d\u2019autant qu\u2019elle cadre bien avec le processus de r\u00e9conciliation nationale en cours. C\u2019est pourquoi l\u2019on ne saurait mieux conseiller aux autorit\u00e9s d\u2019Abidjan, d\u2019\u00e9viter de faire dans les restrictions pour ne pas pr\u00eater le flanc au risque de cr\u00e9er inutilement la tambouille. Car, \u00e0 l\u2019allure o\u00f9 vont les choses, tout porte \u00e0 croire que ce retour attendu de Gbagbo dans son pays natal, ne peut plus \u00eatre discret. Il appartient donc aux autorit\u00e9s ivoiriennes de faire avec. Et surtout, de savoir encadrer le mouvement pour \u00e9viter les d\u00e9bordements. De leur c\u00f4t\u00e9, il revient aux partisans de Gbagbo de savoir faire dans la retenue pour ne pas donner le sentiment de faire dans la provocation.<\/em><\/p>\n<p class=\"c4\"><em>\u00a0<\/em><\/p>\n<p class=\"c4\"><em>\u00a0<\/em><\/p>\n<p class=\"c6\"><strong><em>Ce retour de Laurent Gbagbo en C\u00f4te d\u2019Ivoire ne doit pas \u00eatre v\u00e9cu comme la victoire d\u2019un camp sur un autre<\/em><\/strong><\/p>\n<p class=\"c4\"><em>\u00a0<\/em><\/p>\n<p class=\"c4\"><em>\u00a0<\/em><\/p>\n<p class=\"c4\"><em>C\u2019est dire si des deux c\u00f4t\u00e9s, chacun doit mettre de l\u2019eau dans son vin.\u00a0 Et les acteurs politiques ivoiriens ont d\u2019autant plus int\u00e9r\u00eat \u00e0 montrer une volont\u00e9 d\u2019apaiser le jeu et de ne pas surchauffer outre mesure le climat sociopolitique longtemps charg\u00e9 de souffre, que la paix, en C\u00f4te d\u2019Ivoire, ne semble encore\u00a0 tenir qu\u2019\u00e0 un fil. Celui, t\u00e9nu, de la r\u00e9conciliation nationale, qui ne demande qu\u2019\u00e0 \u00eatre raffermi. C\u2019est pourquoi le d\u00e9sarmement des paroles et des c\u0153urs se pose comme une imp\u00e9rieuse n\u00e9cessit\u00e9, pour r\u00e9ussir le pari de la vraie r\u00e9conciliation. Car, tant que les Ivoiriens nourriront les uns envers les autres, des rancunes et des ranc\u0153urs, la r\u00e9conciliation tant chant\u00e9e restera une gageure.\u00a0 Et les c\u0153urs \u00e9tant difficiles \u00e0 sonder, il appartient aux uns et aux autres d\u2019\u00e9viter les propos \u00a0incendiaires, de nature \u00e0 r\u00e9veiller les d\u00e9mons de la division qui peinent encore \u00e0 s\u2019assoupir d\u00e9finitivement en Eburnie. Autant dire que quelle que soit la symbolique, ce retour de Laurent Gbagbo en C\u00f4te d\u2019Ivoire ne doit pas \u00eatre v\u00e9cu comme la victoire d\u2019un camp sur un autre. Et qui, mieux que l\u2019int\u00e9ress\u00e9 lui-m\u00eame, pour calmer le jeu dans son pays\u00a0? Car, comme on le sait, l\u2019homme est tr\u00e8s \u00e9cout\u00e9 par les siens et a une grande influence sur ses partisans. Et de son discours pourrait fortement d\u00e9pendre la coloration de la r\u00e9conciliation nationale en C\u00f4te d\u2019Ivoire, en attendant de voir clair dans son dossier judiciaire du casse de la BCEAO, qui continue de planer sur sa t\u00eate comme une \u00e9p\u00e9e de Damocl\u00e8s. Reste \u00e0 esp\u00e9rer que la sagesse pr\u00e9vaudra.<\/em><\/p>\n<p class=\"c4\"><em>\u00a0<\/em><\/p>\n<p class=\"c6\"><strong><em>\u00a0\u00ab\u00a0Le Pays\u00a0\u00bb<\/em><\/strong><\/p>\n<p>Auteur: Editions LEPAYS<br \/>\n<a href=\"https:\/\/lepays.bf\/retour-annonce-de-laurent-gbagbo-en-cote-divoire\/\">Cliquez ici pour lire l&rsquo;article depuis sa source.<\/a><\/p>\n","protected":false},"excerpt":{"rendered":"<p>En C\u00f4te d\u2019Ivoire, les choses se pr\u00e9cisent quant au retour de l\u2019ex-pr\u00e9sident Laurent Gbagbo au bercail. Non seulement la date du 17 juin qui avait \u00e9t\u00e9 annonc\u00e9e par ses proches, mais aussi les contours de l\u2019accueil qui lui sera r\u00e9serv\u00e9 et qui faisait pol\u00e9mique entre les partisans d\u2019un retour triomphal comme le veut sa famille [&hellip;]<\/p>\n","protected":false},"author":1813,"featured_media":0,"comment_status":"closed","ping_status":"closed","sticky":false,"template":"","format":"standard","meta":{"fifu_image_url":"","fifu_image_alt":"","footnotes":""},"categories":[73,81],"tags":[],"class_list":["post-118369","post","type-post","status-publish","format-standard","hentry","category-actualite","category-burkina-faso"],"_links":{"self":[{"href":"https:\/\/linitiative.ca\/International\/wp-json\/wp\/v2\/posts\/118369","targetHints":{"allow":["GET"]}}],"collection":[{"href":"https:\/\/linitiative.ca\/International\/wp-json\/wp\/v2\/posts"}],"about":[{"href":"https:\/\/linitiative.ca\/International\/wp-json\/wp\/v2\/types\/post"}],"author":[{"embeddable":true,"href":"https:\/\/linitiative.ca\/International\/wp-json\/wp\/v2\/users\/1813"}],"replies":[{"embeddable":true,"href":"https:\/\/linitiative.ca\/International\/wp-json\/wp\/v2\/comments?post=118369"}],"version-history":[{"count":0,"href":"https:\/\/linitiative.ca\/International\/wp-json\/wp\/v2\/posts\/118369\/revisions"}],"wp:attachment":[{"href":"https:\/\/linitiative.ca\/International\/wp-json\/wp\/v2\/media?parent=118369"}],"wp:term":[{"taxonomy":"category","embeddable":true,"href":"https:\/\/linitiative.ca\/International\/wp-json\/wp\/v2\/categories?post=118369"},{"taxonomy":"post_tag","embeddable":true,"href":"https:\/\/linitiative.ca\/International\/wp-json\/wp\/v2\/tags?post=118369"}],"curies":[{"name":"wp","href":"https:\/\/api.w.org\/{rel}","templated":true}]}}