{"id":118370,"date":"2021-06-10T16:29:33","date_gmt":"2021-06-10T20:29:33","guid":{"rendered":"https:\/\/linitiative.ca\/International\/annonce-de-la-fin-de-loperation-barkhane-au-sahel\/"},"modified":"2021-06-10T16:29:33","modified_gmt":"2021-06-10T20:29:33","slug":"annonce-de-la-fin-de-loperation-barkhane-au-sahel","status":"publish","type":"post","link":"https:\/\/linitiative.ca\/International\/annonce-de-la-fin-de-loperation-barkhane-au-sahel\/","title":{"rendered":"ANNONCE DE LA FIN DE L\u2019OPERATION\u00a0 BARKHANE AU SAHEL  \u00a0"},"content":{"rendered":"<p class=\"c4\"><em>La France est-elle en train de mettre \u00e0 ex\u00e9cution sa menace de retrait de ses troupes militaires au Mali? On est tent\u00e9 de r\u00e9pondre par l\u2019affirmative au regard de l\u2019annonce, hier, par le pr\u00e9sident fran\u00e7ais, Emmanuel Macron, de la fin de l\u2019op\u00e9ration Barkhane au Sahel. On est d\u2019autant plus fond\u00e9 \u00e0 le croire que la France avait, au lendemain du second coup d\u2019Etat du colonel Assimi Goita, gel\u00e9 sa mission d\u2019accompagnement au combat\u00a0 des forces maliennes. C\u2019est vrai que la France n\u2019a pas vocation \u00e0 s\u2019\u00e9terniser au Mali comme l\u2019ont d\u2019ailleurs toujours assen\u00e9 ses autorit\u00e9s. Mais cette annonce de la fin de l\u2019op\u00e9ration Barkhane, \u00e0 bien des \u00e9gards, sonne comme une sanction contre la soldatesque qui vient de confisquer le pouvoir au Mali. C\u2019est aussi,\u00a0 pourrait-on dire, un v\u00e9ritable camouflet pour la CEDEAO qui a d\u00e9cid\u00e9 de caresser le colonel Goita et compagnie dans le sens du poil, puisqu\u2019elle a \u00e9t\u00e9 incapable de leur infliger des sanctions. Certes, le calendrier et les modalit\u00e9s de la fin de l\u2019op\u00e9ration Barkhane n\u2019ont pas encore \u00e9t\u00e9 communiqu\u00e9s puisqu\u2019ils ne le seront qu\u2019en fin juin. Mais d\u2019ores et d\u00e9j\u00e0, l\u2019on peut, sans risque de se tromper, dire que c\u2019est une mauvaise nouvelle pour les nouveaux occupants du palais de Koulouba et bien au-del\u00e0, notamment ces pays du Sahel. C\u2019est d\u2019autant plus vrai que ce n\u2019est un secret pour personne que les FAMa peinent \u00e0 remporter \u00e0 elles seules des victoires majeures face aux groupes terroristes qui \u00e9cument le territoire malien\u00a0; et elles ne sont pas les seules emp\u00eatr\u00e9es dans cette gal\u00e8re. \u00a0Le moins que l\u2019on puisse dire, c\u2019est qu\u2019Assimi Goita et ses fr\u00e8res d\u2019armes vont devoir attacher maintenant, solidement les lacets de leurs godasses. Car, il ne fait aucun doute qu\u2019ils auront fort \u00e0 faire en l\u2019absence de Barkhane pour stopper la folie meurtri\u00e8re des hommes du chef du GSIM, Iyad Ag Ghaly et des autres groupes tels que l\u2019EIGS.\u00a0 Les FAMa parviendront-elles \u00e0 d\u00e9fendre l\u2019int\u00e9grit\u00e9 du territoire malien face \u00e0 la horde djihadiste qui leur donne du fil \u00e0 retordre? Rien n\u2019est moins s\u00fbr. Dire donc que le Mali perd un soutien de taille est un euph\u00e9misme d\u2019autant que la Force Barkhane est forte de 5100 soldats.<\/em><\/p>\n<p class=\"c4\"><em>\u00a0<\/em><\/p>\n<p class=\"c6\"><strong><em>Le locataire de l\u2019Elys\u00e9e reconna\u00eet que la strat\u00e9gie mise en \u0153uvre au Sahel, a montr\u00e9 ses limites<\/em><\/strong><\/p>\n<p class=\"c4\"><em>\u00a0<\/em><\/p>\n<p class=\"c4\"><em>\u00a0<\/em><\/p>\n<p class=\"c4\"><em>Et en d\u00e9pit des critiques et autres griefs formul\u00e9s contre cette force, il faut reconna\u00eetre qu\u2019elle aura permis, non seulement aux forces arm\u00e9es maliennes, mais aussi \u00e0 celles d\u2019autres pays du Sahel de limiter les d\u00e9g\u00e2ts. Mais, pour ce qui la concerne, la France a pay\u00e9 un lourd tribut \u00e0 la guerre au Sahel contre l\u2019hydre terroriste car, elle a perdu une cinquantaine d\u2019hommes depuis son engagement en 2013, aux c\u00f4t\u00e9s des forces maliennes, contre le terrorisme. Cela dit, en attendant de voir le nouveau format de la force fran\u00e7aise qui restera au Sahel pour accompagner les arm\u00e9es dans la traque contre les terroristes, on peut dire qu\u2019Emmanuel Macron met les chefs d\u2019Etat du Sahel face \u00e0 leurs responsabilit\u00e9s. On le sait, l\u2019hostilit\u00e9 de plus en plus visible de certaines populations contre cette force, n\u2019est souvent, en r\u00e9alit\u00e9, que l\u2019\u0153uvre de certains dirigeants pour se d\u00e9douaner ou du moins, cacher leur incapacit\u00e9 \u00e0 trouver l\u2019antidote contre les ing\u00e9nieurs du mal. Avec cette annonce de la fin de l\u2019op\u00e9ration Barkhane, chaque pays du Sahel va devoir \u00e0 pr\u00e9sent retrousser ses manches et ce sont les forces du mal qui rient d\u00e9j\u00e0 sous cape. En mettant fin \u00e0 l\u2019op\u00e9ration Barkhane, le locataire du palais de l\u2019Elys\u00e9e reconna\u00eet d\u2019une certaine mani\u00e8re que la strat\u00e9gie mise en \u0153uvre par ses troupes au Sahel, a montr\u00e9 ses limites. On pourrait aussi dire qu\u2019\u00e0 travers cette d\u00e9cision, Emmanuel Macron r\u00e9pond aux pr\u00e9occupations de certains de ses citoyens qui avaient commenc\u00e9 \u00e0 se poser des questions sur le bien-fond\u00e9 de la pr\u00e9sence de l\u2019arm\u00e9e fran\u00e7aise dans le Sahel, les soldats maliens se pr\u00e9occupant de postes alors que leur place est plut\u00f4t au front. Pourquoi les troupes fran\u00e7aises devraient-elles continuer \u00e0 mourir dans ces conditions\u00a0? Sur le plan politique, cette d\u00e9cision pourrait mettre \u00e9galement Emmanuel Macron \u00e0 l\u2019abri d\u2019une \u00e9ventuelle sanction de la part de certains \u00e9lecteurs s\u2019il venait \u00e0 se lancer \u00e0 la course \u00e0 la pr\u00e9sidentielle qui aura lieu en 2022.<\/em><\/p>\n<p class=\"c4\"><em>\u00a0<\/em><\/p>\n<p class=\"c6\"><strong><em>Dabadi ZOUMBARA<\/em><\/strong><\/p>\n<p class=\"c4\"><em>\u00a0<\/em><\/p>\n<p class=\"c4\"><em>\u00a0<\/em><\/p>\n<p>Auteur: Editions LEPAYS<br \/>\n<a href=\"https:\/\/lepays.bf\/annonce-de-la-fin-de-loperation-barkhane-au-sahel\/\">Cliquez ici pour lire l&rsquo;article depuis sa source.<\/a><\/p>\n","protected":false},"excerpt":{"rendered":"<p>La France est-elle en train de mettre \u00e0 ex\u00e9cution sa menace de retrait de ses troupes militaires au Mali? On est tent\u00e9 de r\u00e9pondre par l\u2019affirmative au regard de l\u2019annonce, hier, par le pr\u00e9sident fran\u00e7ais, Emmanuel Macron, de la fin de l\u2019op\u00e9ration Barkhane au Sahel. On est d\u2019autant plus fond\u00e9 \u00e0 le croire que la [&hellip;]<\/p>\n","protected":false},"author":1813,"featured_media":0,"comment_status":"closed","ping_status":"closed","sticky":false,"template":"","format":"standard","meta":{"fifu_image_url":"","fifu_image_alt":"","footnotes":""},"categories":[73,81],"tags":[],"class_list":["post-118370","post","type-post","status-publish","format-standard","hentry","category-actualite","category-burkina-faso"],"_links":{"self":[{"href":"https:\/\/linitiative.ca\/International\/wp-json\/wp\/v2\/posts\/118370","targetHints":{"allow":["GET"]}}],"collection":[{"href":"https:\/\/linitiative.ca\/International\/wp-json\/wp\/v2\/posts"}],"about":[{"href":"https:\/\/linitiative.ca\/International\/wp-json\/wp\/v2\/types\/post"}],"author":[{"embeddable":true,"href":"https:\/\/linitiative.ca\/International\/wp-json\/wp\/v2\/users\/1813"}],"replies":[{"embeddable":true,"href":"https:\/\/linitiative.ca\/International\/wp-json\/wp\/v2\/comments?post=118370"}],"version-history":[{"count":0,"href":"https:\/\/linitiative.ca\/International\/wp-json\/wp\/v2\/posts\/118370\/revisions"}],"wp:attachment":[{"href":"https:\/\/linitiative.ca\/International\/wp-json\/wp\/v2\/media?parent=118370"}],"wp:term":[{"taxonomy":"category","embeddable":true,"href":"https:\/\/linitiative.ca\/International\/wp-json\/wp\/v2\/categories?post=118370"},{"taxonomy":"post_tag","embeddable":true,"href":"https:\/\/linitiative.ca\/International\/wp-json\/wp\/v2\/tags?post=118370"}],"curies":[{"name":"wp","href":"https:\/\/api.w.org\/{rel}","templated":true}]}}