{"id":118371,"date":"2021-06-10T06:41:56","date_gmt":"2021-06-10T10:41:56","guid":{"rendered":"https:\/\/linitiative.ca\/International\/representation-diplomatique-du-burkina-faso-a-paris-hommage-aux-victimes-de-lattaque-terroriste-de-solhan\/"},"modified":"2021-06-10T06:41:56","modified_gmt":"2021-06-10T10:41:56","slug":"representation-diplomatique-du-burkina-faso-a-paris-hommage-aux-victimes-de-lattaque-terroriste-de-solhan","status":"publish","type":"post","link":"https:\/\/linitiative.ca\/International\/representation-diplomatique-du-burkina-faso-a-paris-hommage-aux-victimes-de-lattaque-terroriste-de-solhan\/","title":{"rendered":"Repr\u00e9sentation diplomatique du Burkina Faso \u00e0 Paris: Hommage aux victimes de l\u2019attaque terroriste de Solhan"},"content":{"rendered":"<div class=\"td-post-featured-image\"><a href=\"https:\/\/www.sidwaya.info\/wp-content\/uploads\/2021\/06\/hommage.jpg\" data-caption=\"\"><img loading=\"lazy\" decoding=\"async\" width=\"696\" height=\"391\" class=\"entry-thumb td-modal-image\" src=\"https:\/\/www.sidwaya.info\/wp-content\/uploads\/2021\/06\/hommage-696x391.jpg\" srcset=\"https:\/\/www.sidwaya.info\/wp-content\/uploads\/2021\/06\/hommage-696x391.jpg 696w, https:\/\/www.sidwaya.info\/wp-content\/uploads\/2021\/06\/hommage-300x169.jpg 300w, https:\/\/www.sidwaya.info\/wp-content\/uploads\/2021\/06\/hommage-768x432.jpg 768w, https:\/\/www.sidwaya.info\/wp-content\/uploads\/2021\/06\/hommage-150x84.jpg 150w, https:\/\/www.sidwaya.info\/wp-content\/uploads\/2021\/06\/hommage-747x420.jpg 747w, https:\/\/www.sidwaya.info\/wp-content\/uploads\/2021\/06\/hommage.jpg 900w\" sizes=\"auto, (max-width: 696px) 100vw, 696px\" alt=\"\" title=\"hommage\"\/><\/a><\/div>\n<p><strong>La Repr\u00e9sentation diplomatique du Burkina Faso \u00e0 Paris a organis\u00e9 ce mercredi 09 juin 2021, une c\u00e9r\u00e9monie d\u2019hommage aux victimes de l\u2019attaque terroriste de Solhan.<\/strong><\/p>\n<p>Le personnel de l\u2019ambassade et du Consulat g\u00e9n\u00e9ral s\u2019est retrouv\u00e9 dans l\u2019enceinte de l\u2019ambassade \u00e0 Paris pour marquer sa solidarit\u00e9 et sa compassion aux familles \u00e9plor\u00e9es des victimes de l\u2019attaque terroriste de Solhan. La c\u00e9r\u00e9monie a commenc\u00e9 par une minute de silence \u00e0 la m\u00e9moire des victimes. Ensuite, le personnel de la Repr\u00e9sentation diplomatique a chant\u00e9 le Ditany\u00e8 pour marquer son amour et son attachement \u00e0 la M\u00e8re Patrie.<\/p>\n<p>A l\u2019occasion, l\u2019Ambassadeur Alain Francis Gustave ILBOUDO a condamn\u00e9 cette attaque terroriste l\u00e2che et barbare. Il a ensuite invit\u00e9 l\u2019ensemble du personnel diplomatique \u00e0 la prudence et \u00e0 la vigilance dans le partage des informations sur les r\u00e9seaux sociaux. Il a insist\u00e9 sur la v\u00e9rification des informations avant leur publication. \u00ab\u00a0Il ne faut partager et publier que les informations officielles\u00a0\u00bb, a-t-il insist\u00e9 car en tant de guerre, il faut \u00e9viter de tomber dans le pi\u00e8ge de l\u2019ennemi.<\/p>\n<p>Au cours de la c\u00e9r\u00e9monie, le personnel diplomatique s\u2019est montr\u00e9 solidaire des familles \u00e9plor\u00e9es des victimes de Solhan \u00e0 travers la collecte d\u2019une contribution financi\u00e8re de plus de 750\u00a0000 F CFA.<\/p>\n<p>Un livre de condol\u00e9ances a, par ailleurs, \u00e9t\u00e9 ouvert du 9 au 11 juin 2021 \u00e0 l\u2019intention du Corps diplomatique et de la communaut\u00e9 burkinab\u00e8 en France pour recevoir les messages de compassion et de soutien.<\/p>\n<p><strong>\u00a0<\/strong><strong>Services presse et Relations publiques de l\u2019ambassade du Burkina Faso \u00e0 Paris<\/strong><\/p>\n<div class=\"td-a-rec td-a-rec-id-content_bottom tdi_33_ecc td_block_template_1\">\n<p><img loading=\"lazy\" decoding=\"async\" class=\"aligncenter size-full wp-image-27454\" src=\"https:\/\/www.sidwaya.info\/wp-content\/uploads\/2020\/10\/PUB-Bandeau-paiement-mobile-siteweb.jpg\" alt=\"\" width=\"728\" height=\"90\"\/><\/div>\n<p>Auteur: BS. Sidwaya<br \/>\n<a href=\"https:\/\/www.sidwaya.info\/blog\/2021\/06\/10\/representation-diplomatique-du-burkina-faso-a-paris-hommage-aux-victimes-de-lattaque-terroriste-de-solhan\/\">Cliquez ici pour lire l&rsquo;article depuis sa source.<\/a><\/p>\n","protected":false},"excerpt":{"rendered":"<p>La Repr\u00e9sentation diplomatique du Burkina Faso \u00e0 Paris a organis\u00e9 ce mercredi 09 juin 2021, une c\u00e9r\u00e9monie d\u2019hommage aux victimes de l\u2019attaque terroriste de Solhan. Le personnel de l\u2019ambassade et du Consulat g\u00e9n\u00e9ral s\u2019est retrouv\u00e9 dans l\u2019enceinte de l\u2019ambassade \u00e0 Paris pour marquer sa solidarit\u00e9 et sa compassion aux familles \u00e9plor\u00e9es des victimes de l\u2019attaque [&hellip;]<\/p>\n","protected":false},"author":1816,"featured_media":0,"comment_status":"closed","ping_status":"closed","sticky":false,"template":"","format":"standard","meta":{"fifu_image_url":"https:\/\/www.sidwaya.info\/wp-content\/uploads\/2021\/06\/hommage-696x391.jpg","fifu_image_alt":"Repr\u00e9sentation diplomatique du Burkina Faso \u00e0 Paris: Hommage aux victimes de l\u2019attaque terroriste de Solhan","footnotes":""},"categories":[73,81],"tags":[],"class_list":["post-118371","post","type-post","status-publish","format-standard","hentry","category-actualite","category-burkina-faso"],"_links":{"self":[{"href":"https:\/\/linitiative.ca\/International\/wp-json\/wp\/v2\/posts\/118371","targetHints":{"allow":["GET"]}}],"collection":[{"href":"https:\/\/linitiative.ca\/International\/wp-json\/wp\/v2\/posts"}],"about":[{"href":"https:\/\/linitiative.ca\/International\/wp-json\/wp\/v2\/types\/post"}],"author":[{"embeddable":true,"href":"https:\/\/linitiative.ca\/International\/wp-json\/wp\/v2\/users\/1816"}],"replies":[{"embeddable":true,"href":"https:\/\/linitiative.ca\/International\/wp-json\/wp\/v2\/comments?post=118371"}],"version-history":[{"count":0,"href":"https:\/\/linitiative.ca\/International\/wp-json\/wp\/v2\/posts\/118371\/revisions"}],"wp:attachment":[{"href":"https:\/\/linitiative.ca\/International\/wp-json\/wp\/v2\/media?parent=118371"}],"wp:term":[{"taxonomy":"category","embeddable":true,"href":"https:\/\/linitiative.ca\/International\/wp-json\/wp\/v2\/categories?post=118371"},{"taxonomy":"post_tag","embeddable":true,"href":"https:\/\/linitiative.ca\/International\/wp-json\/wp\/v2\/tags?post=118371"}],"curies":[{"name":"wp","href":"https:\/\/api.w.org\/{rel}","templated":true}]}}