{"id":118373,"date":"2021-06-10T11:27:38","date_gmt":"2021-06-10T15:27:38","guid":{"rendered":"https:\/\/linitiative.ca\/International\/burkinachristophe-dabire-ouvre-la-1ere-session-du-conseil-dorientation-et-du-suivi-du-mecanisme-national-de-reponses-aux-risques-securitaires\/"},"modified":"2021-06-10T11:27:38","modified_gmt":"2021-06-10T15:27:38","slug":"burkinachristophe-dabire-ouvre-la-1ere-session-du-conseil-dorientation-et-du-suivi-du-mecanisme-national-de-reponses-aux-risques-securitaires","status":"publish","type":"post","link":"https:\/\/linitiative.ca\/International\/burkinachristophe-dabire-ouvre-la-1ere-session-du-conseil-dorientation-et-du-suivi-du-mecanisme-national-de-reponses-aux-risques-securitaires\/","title":{"rendered":"Burkina:Christophe Dabir\u00e9 ouvre la 1ere\u00a0session du Conseil d\u2019orientation et du suivi du m\u00e9canisme national de r\u00e9ponses aux risques s\u00e9curitaires"},"content":{"rendered":"<div class=\"td-post-featured-image\"><a href=\"https:\/\/www.sidwaya.info\/wp-content\/uploads\/2021\/06\/download.jpg\" data-caption=\"\"><img loading=\"lazy\" decoding=\"async\" width=\"696\" height=\"343\" class=\"entry-thumb td-modal-image\" src=\"https:\/\/www.sidwaya.info\/wp-content\/uploads\/2021\/06\/download-696x343.jpg\" srcset=\"https:\/\/www.sidwaya.info\/wp-content\/uploads\/2021\/06\/download-696x343.jpg 696w, https:\/\/www.sidwaya.info\/wp-content\/uploads\/2021\/06\/download-300x148.jpg 300w, https:\/\/www.sidwaya.info\/wp-content\/uploads\/2021\/06\/download-768x379.jpg 768w, https:\/\/www.sidwaya.info\/wp-content\/uploads\/2021\/06\/download-150x74.jpg 150w, https:\/\/www.sidwaya.info\/wp-content\/uploads\/2021\/06\/download-851x420.jpg 851w, https:\/\/www.sidwaya.info\/wp-content\/uploads\/2021\/06\/download-324x160.jpg 324w, https:\/\/www.sidwaya.info\/wp-content\/uploads\/2021\/06\/download.jpg 900w\" sizes=\"auto, (max-width: 696px) 100vw, 696px\" alt=\"\" title=\"download\"\/><\/a><\/div>\n<p>Le premier ministre, Christophe Dabir\u00e9 a ouvert ce jeudi \u00e0 Ouagadougou, la premi\u00e8re session du Conseil d\u2019orientation et du suivi du m\u00e9canisme national d\u2019alerte pr\u00e9coce et de r\u00e9ponses aux risques s\u00e9curitaires. Ii s\u2019est agi\u00a0d\u2019examiner le bilan des activit\u00e9s de l\u2019ann\u00e9e 2020 et d\u2019adopter celles programm\u00e9es ou en cours d\u2019ex\u00e9cution pour l\u2019ann\u00e9e 2021.<\/p>\n<p>Institu\u00e9 au Burkina Faso en juillet 2016, le m\u00e9canisme national d\u2019alerte pr\u00e9coce et de r\u00e9ponses aux risques s\u00e9curitaires est une initiative prise par les Chefs d\u2019Etat de la CEDEAO lors de sa 45eme session ordinaire tenue le 14 juillet 2014 \u00e0 Accra (Ghana).<\/p>\n<p>Ce dispositif de pr\u00e9vention vise \u00e0 mettre \u00e0 la disposition des Etats membres de CEDEAO, des rapports et des tendances relatives \u00e0 la s\u00e9curit\u00e9 humaine ainsi que des options de r\u00e9ponses. Il a pour mission essentielle de recueillir, d\u2019analyser et de traiter les informations sur la s\u00e9curit\u00e9 humaine notamment sur la gouvernance et les droits humains, les crimes et la criminalit\u00e9, la s\u00e9curit\u00e9, l\u2019environnement et la sant\u00e9.<\/p>\n<p>Il permettra aussi d\u2019alerter sur les menaces potentielles et les facteurs de risque sur la s\u00e9curit\u00e9 humaine et de proposer\u00a0au gouvernement des r\u00e9ponses adapt\u00e9es aux menaces et aux facteurs de risques identifi\u00e9s.<\/p>\n<p>AB<\/p>\n<div class=\"td-a-rec td-a-rec-id-content_bottom tdi_33_c60 td_block_template_1\">\n<p><img loading=\"lazy\" decoding=\"async\" class=\"aligncenter size-full wp-image-27454\" src=\"https:\/\/www.sidwaya.info\/wp-content\/uploads\/2020\/10\/PUB-Bandeau-paiement-mobile-siteweb.jpg\" alt=\"\" width=\"728\" height=\"90\"\/><\/div>\n<p>Auteur: BANGRE SIDWAYA<br \/>\n<a href=\"https:\/\/www.sidwaya.info\/blog\/2021\/06\/10\/burkina-christophe-dabire-ouvre-la-premiere-session-du-dalerte-precoce-et-de-reponses-aux-risques-securitaires\/\">Cliquez ici pour lire l&rsquo;article depuis sa source.<\/a><\/p>\n","protected":false},"excerpt":{"rendered":"<p>Le premier ministre, Christophe Dabir\u00e9 a ouvert ce jeudi \u00e0 Ouagadougou, la premi\u00e8re session du Conseil d\u2019orientation et du suivi du m\u00e9canisme national d\u2019alerte pr\u00e9coce et de r\u00e9ponses aux risques s\u00e9curitaires. Ii s\u2019est agi\u00a0d\u2019examiner le bilan des activit\u00e9s de l\u2019ann\u00e9e 2020 et d\u2019adopter celles programm\u00e9es ou en cours d\u2019ex\u00e9cution pour l\u2019ann\u00e9e 2021. Institu\u00e9 au Burkina [&hellip;]<\/p>\n","protected":false},"author":1816,"featured_media":0,"comment_status":"closed","ping_status":"closed","sticky":false,"template":"","format":"standard","meta":{"fifu_image_url":"https:\/\/www.sidwaya.info\/wp-content\/uploads\/2021\/06\/download-696x343.jpg","fifu_image_alt":"Burkina:Christophe Dabir\u00e9 ouvre la 1ere\u00a0session du Conseil d\u2019orientation et du suivi du m\u00e9canisme national de r\u00e9ponses aux risques s\u00e9curitaires","footnotes":""},"categories":[73,81],"tags":[],"class_list":["post-118373","post","type-post","status-publish","format-standard","hentry","category-actualite","category-burkina-faso"],"_links":{"self":[{"href":"https:\/\/linitiative.ca\/International\/wp-json\/wp\/v2\/posts\/118373","targetHints":{"allow":["GET"]}}],"collection":[{"href":"https:\/\/linitiative.ca\/International\/wp-json\/wp\/v2\/posts"}],"about":[{"href":"https:\/\/linitiative.ca\/International\/wp-json\/wp\/v2\/types\/post"}],"author":[{"embeddable":true,"href":"https:\/\/linitiative.ca\/International\/wp-json\/wp\/v2\/users\/1816"}],"replies":[{"embeddable":true,"href":"https:\/\/linitiative.ca\/International\/wp-json\/wp\/v2\/comments?post=118373"}],"version-history":[{"count":0,"href":"https:\/\/linitiative.ca\/International\/wp-json\/wp\/v2\/posts\/118373\/revisions"}],"wp:attachment":[{"href":"https:\/\/linitiative.ca\/International\/wp-json\/wp\/v2\/media?parent=118373"}],"wp:term":[{"taxonomy":"category","embeddable":true,"href":"https:\/\/linitiative.ca\/International\/wp-json\/wp\/v2\/categories?post=118373"},{"taxonomy":"post_tag","embeddable":true,"href":"https:\/\/linitiative.ca\/International\/wp-json\/wp\/v2\/tags?post=118373"}],"curies":[{"name":"wp","href":"https:\/\/api.w.org\/{rel}","templated":true}]}}