{"id":118374,"date":"2021-06-10T13:09:44","date_gmt":"2021-06-10T17:09:44","guid":{"rendered":"https:\/\/linitiative.ca\/International\/emmanuel-macron-annonce-la-fin-de-loperation-barkhane-au-sahel\/"},"modified":"2021-06-10T13:09:44","modified_gmt":"2021-06-10T17:09:44","slug":"emmanuel-macron-annonce-la-fin-de-loperation-barkhane-au-sahel","status":"publish","type":"post","link":"https:\/\/linitiative.ca\/International\/emmanuel-macron-annonce-la-fin-de-loperation-barkhane-au-sahel\/","title":{"rendered":"Emmanuel Macron annonce la fin de l\u2019op\u00e9ration Barkhane au Sahel"},"content":{"rendered":"<div class=\"td-post-featured-image\"><a href=\"https:\/\/www.sidwaya.info\/wp-content\/uploads\/2021\/06\/1-22.jpg\" data-caption=\"\"><img loading=\"lazy\" decoding=\"async\" width=\"510\" height=\"279\" class=\"entry-thumb td-modal-image\" src=\"https:\/\/www.sidwaya.info\/wp-content\/uploads\/2021\/06\/1-22.jpg\" srcset=\"https:\/\/www.sidwaya.info\/wp-content\/uploads\/2021\/06\/1-22.jpg 510w, https:\/\/www.sidwaya.info\/wp-content\/uploads\/2021\/06\/1-22-300x164.jpg 300w, https:\/\/www.sidwaya.info\/wp-content\/uploads\/2021\/06\/1-22-150x82.jpg 150w\" sizes=\"auto, (max-width: 510px) 100vw, 510px\" alt=\"\" title=\"1\"\/><\/a><\/div>\n<p>Emmanuel Macron a annonc\u00e9 jeudi la fin de l\u2019op\u00e9ration Barkhane de lutte contre les jihadistes au Sahel, dans le cadre d\u2019une \u00ab\u00a0transformation profonde\u00a0\u00bb de la pr\u00e9sence militaire de la France dans la r\u00e9gion.<\/p>\n<p>En rappelle, Paris d\u00e9ploie quelque 5 100 soldats contre les jihadistes affili\u00e9s au groupe \u00c9tat islamique et \u00e0 Al-Qa\u00efda, un soutien de taille aux arm\u00e9es affaiblies des \u00c9tats du Sahel qui peinent \u00e0 les combattre seules. Le calendrier et les modalit\u00e9s de la fin de l\u2019op\u00e9ration Barkhane seront d\u00e9voil\u00e9s fin juin, selon le chef de l\u2019\u00c9tat.<\/p>\n<p>\u00ab\u00a0\u00c9videmment, la France n\u2019a pas vocation \u00e0 rester \u00e9ternellement au Sahel (\u2026). Il est vraisemblable qu\u2019il faille adapter le dispositif Barkhane\u00a0\u00bb, avait d\u00e9clar\u00e9 un peu plus t\u00f4t\u00a0le ministre fran\u00e7ais des Affaires \u00e9trang\u00e8res, Jean-Yves Le Drian, en d\u00e9placement \u00e0 Abidjan, sans plus de pr\u00e9cisions.<\/p>\n<p>AFP\/France 24<\/p>\n<div class=\"td-a-rec td-a-rec-id-content_bottom tdi_33_66f td_block_template_1\">\n<p><img loading=\"lazy\" decoding=\"async\" class=\"aligncenter size-full wp-image-27454\" src=\"https:\/\/www.sidwaya.info\/wp-content\/uploads\/2020\/10\/PUB-Bandeau-paiement-mobile-siteweb.jpg\" alt=\"\" width=\"728\" height=\"90\"\/><\/div>\n<p>Auteur: BS. Sidwaya<br \/>\n<a href=\"https:\/\/www.sidwaya.info\/blog\/2021\/06\/10\/emmanuel-macron-annonce-la-fin-de-loperation-barkhane-au-sahel\/\">Cliquez ici pour lire l&rsquo;article depuis sa source.<\/a><\/p>\n","protected":false},"excerpt":{"rendered":"<p>Emmanuel Macron a annonc\u00e9 jeudi la fin de l\u2019op\u00e9ration Barkhane de lutte contre les jihadistes au Sahel, dans le cadre d\u2019une \u00ab\u00a0transformation profonde\u00a0\u00bb de la pr\u00e9sence militaire de la France dans la r\u00e9gion. En rappelle, Paris d\u00e9ploie quelque 5 100 soldats contre les jihadistes affili\u00e9s au groupe \u00c9tat islamique et \u00e0 Al-Qa\u00efda, un soutien de [&hellip;]<\/p>\n","protected":false},"author":1816,"featured_media":0,"comment_status":"closed","ping_status":"closed","sticky":false,"template":"","format":"standard","meta":{"fifu_image_url":"https:\/\/www.sidwaya.info\/wp-content\/uploads\/2021\/06\/1-22.jpg","fifu_image_alt":"Emmanuel Macron annonce la fin de l\u2019op\u00e9ration Barkhane au Sahel","footnotes":""},"categories":[73,81],"tags":[],"class_list":["post-118374","post","type-post","status-publish","format-standard","hentry","category-actualite","category-burkina-faso"],"_links":{"self":[{"href":"https:\/\/linitiative.ca\/International\/wp-json\/wp\/v2\/posts\/118374","targetHints":{"allow":["GET"]}}],"collection":[{"href":"https:\/\/linitiative.ca\/International\/wp-json\/wp\/v2\/posts"}],"about":[{"href":"https:\/\/linitiative.ca\/International\/wp-json\/wp\/v2\/types\/post"}],"author":[{"embeddable":true,"href":"https:\/\/linitiative.ca\/International\/wp-json\/wp\/v2\/users\/1816"}],"replies":[{"embeddable":true,"href":"https:\/\/linitiative.ca\/International\/wp-json\/wp\/v2\/comments?post=118374"}],"version-history":[{"count":0,"href":"https:\/\/linitiative.ca\/International\/wp-json\/wp\/v2\/posts\/118374\/revisions"}],"wp:attachment":[{"href":"https:\/\/linitiative.ca\/International\/wp-json\/wp\/v2\/media?parent=118374"}],"wp:term":[{"taxonomy":"category","embeddable":true,"href":"https:\/\/linitiative.ca\/International\/wp-json\/wp\/v2\/categories?post=118374"},{"taxonomy":"post_tag","embeddable":true,"href":"https:\/\/linitiative.ca\/International\/wp-json\/wp\/v2\/tags?post=118374"}],"curies":[{"name":"wp","href":"https:\/\/api.w.org\/{rel}","templated":true}]}}