{"id":118375,"date":"2021-06-10T14:57:49","date_gmt":"2021-06-10T18:57:49","guid":{"rendered":"https:\/\/linitiative.ca\/International\/affaire-entraineurs-locaux-la-justice-saisit-les-comptes-de-la-fbf\/"},"modified":"2021-06-10T14:57:49","modified_gmt":"2021-06-10T18:57:49","slug":"affaire-entraineurs-locaux-la-justice-saisit-les-comptes-de-la-fbf","status":"publish","type":"post","link":"https:\/\/linitiative.ca\/International\/affaire-entraineurs-locaux-la-justice-saisit-les-comptes-de-la-fbf\/","title":{"rendered":"Affaire entraineurs locaux  La justice saisit les comptes de la FBF"},"content":{"rendered":"<div class=\"td-post-featured-image\"><a href=\"https:\/\/www.sidwaya.info\/wp-content\/uploads\/2021\/06\/Siege-FBF.jpg\" data-caption=\"\"><img loading=\"lazy\" decoding=\"async\" width=\"696\" height=\"522\" class=\"entry-thumb td-modal-image\" src=\"https:\/\/www.sidwaya.info\/wp-content\/uploads\/2021\/06\/Siege-FBF-696x522.jpg\" srcset=\"https:\/\/www.sidwaya.info\/wp-content\/uploads\/2021\/06\/Siege-FBF-696x522.jpg 696w, https:\/\/www.sidwaya.info\/wp-content\/uploads\/2021\/06\/Siege-FBF-300x225.jpg 300w, https:\/\/www.sidwaya.info\/wp-content\/uploads\/2021\/06\/Siege-FBF-150x113.jpg 150w, https:\/\/www.sidwaya.info\/wp-content\/uploads\/2021\/06\/Siege-FBF-560x420.jpg 560w, https:\/\/www.sidwaya.info\/wp-content\/uploads\/2021\/06\/Siege-FBF-80x60.jpg 80w, https:\/\/www.sidwaya.info\/wp-content\/uploads\/2021\/06\/Siege-FBF-265x198.jpg 265w, https:\/\/www.sidwaya.info\/wp-content\/uploads\/2021\/06\/Siege-FBF.jpg 768w\" sizes=\"auto, (max-width: 696px) 100vw, 696px\" alt=\"\" title=\"Si\u00e8ge FBF\"\/><\/a><\/div>\n<p>L\u2019affaire de rupture de contrat \u00ab\u00a0abusif\u00a0\u00bb opposant les trois entraineurs locaux \u00e0 leur ex-employeur, \u00a0la F\u00e9d\u00e9ration burkinab\u00e8 de football (FBF), vient de connaitre\u00a0 un rebondissement, d\u2019apr\u00e8s nos informations.\u00a0 \u00a0A l\u2019inspection du travail, le 2 mai 2021, la justice avait somm\u00e9 l\u2019instance dirigeante du football burkinab\u00e8 de payer\u00a0 trois \u00a0mois de salaire et deux mois de cong\u00e9s pay\u00e9s \u00e0 Seydou Zerbo dit Krol, \u00e0 Boureima Kabor\u00e9 et \u00e0 Issaka Ou\u00e9draogo. Selon nos sources, la FBF n\u2019a pas r\u00e9agi. Ce qui a pouss\u00e9 l\u2019avocat des trois entraineurs \u00e0 proc\u00e9der \u00e0 une \u00ab\u00a0saisie conservatoire\u00a0\u00bb des comptes de la FBF pour 72 heures, afin de la contraindre \u00e0 ex\u00e9cuter ses obligations contractuelles vis-\u00e0-vis de ses anciens employ\u00e9s.<\/p>\n<p>Sentant le danger, indiquent toujours nos informateurs, la FBF a convi\u00e9 les trois coachs, le lundi 7 juin 2021, pour une proposition consistant \u00e0 r\u00e9gler d\u2019abord un des leurs et \u00e0\u00a0 \u00a0faire attendre \u00a0les deux autres.<\/p>\n<p>Une proposition rejet\u00e9e par le trio. Face \u00e0 ce refus, des ch\u00e8ques leur ont \u00e9t\u00e9 individuellement\u00a0 remis. Le hic, un seul a pu avoir gain de cause. Les ch\u00e8ques des deux autres ne sont \u00a0pas pass\u00e9s. Pourquoi\u00a0? Nous n\u2019avons\u00a0 pas pu obtenir de d\u00e9tails. \u00a0C\u2019est ainsi qu\u2019un autre rendez-vous a \u00e9t\u00e9 donn\u00e9 aux deux infortun\u00e9s. Au moment o\u00f9 nous tracions ces lignes, l\u2019affaire suivait toujours son cours. En rappel, Seydou Zerbo dit Krol et ses deux adjoints de retour du Cameroun o\u00f9 ils avaient conduit les Etalons\u00a0 locaux au Championnat d\u2019Afrique des Nations (CHAN) avaient \u00e9t\u00e9 d\u00e9barqu\u00e9s avant la fin de leur contrat. Limogeage \u00ab\u00a0jug\u00e9 abusif\u00a0\u00bb par ces techniciens qui ont d\u00e9cid\u00e9 d\u2019attaquer en justice la faiti\u00e8re du football national. Affaire \u00e0 suivre.<\/p>\n<p><strong>Yves OUEDRAOGO<\/strong><\/p>\n<div class=\"td-a-rec td-a-rec-id-content_bottom tdi_33_682 td_block_template_1\">\n<p><img loading=\"lazy\" decoding=\"async\" class=\"aligncenter size-full wp-image-27454\" src=\"https:\/\/www.sidwaya.info\/wp-content\/uploads\/2020\/10\/PUB-Bandeau-paiement-mobile-siteweb.jpg\" alt=\"\" width=\"728\" height=\"90\"\/><\/div>\n<p>Auteur: BS. Sidwaya<br \/>\n<a href=\"https:\/\/www.sidwaya.info\/blog\/2021\/06\/10\/affaire-entraineurs-locaux-la-justice-saisit-les-comptes-de-la-fbf\/\">Cliquez ici pour lire l&rsquo;article depuis sa source.<\/a><\/p>\n","protected":false},"excerpt":{"rendered":"<p>L\u2019affaire de rupture de contrat \u00ab\u00a0abusif\u00a0\u00bb opposant les trois entraineurs locaux \u00e0 leur ex-employeur, \u00a0la F\u00e9d\u00e9ration burkinab\u00e8 de football (FBF), vient de connaitre\u00a0 un rebondissement, d\u2019apr\u00e8s nos informations.\u00a0 \u00a0A l\u2019inspection du travail, le 2 mai 2021, la justice avait somm\u00e9 l\u2019instance dirigeante du football burkinab\u00e8 de payer\u00a0 trois \u00a0mois de salaire et deux mois de [&hellip;]<\/p>\n","protected":false},"author":1816,"featured_media":0,"comment_status":"closed","ping_status":"closed","sticky":false,"template":"","format":"standard","meta":{"fifu_image_url":"https:\/\/www.sidwaya.info\/wp-content\/uploads\/2021\/06\/Siege-FBF-696x522.jpg","fifu_image_alt":"Affaire entraineurs locaux  La justice saisit les comptes de la FBF","footnotes":""},"categories":[73,81],"tags":[],"class_list":["post-118375","post","type-post","status-publish","format-standard","hentry","category-actualite","category-burkina-faso"],"_links":{"self":[{"href":"https:\/\/linitiative.ca\/International\/wp-json\/wp\/v2\/posts\/118375","targetHints":{"allow":["GET"]}}],"collection":[{"href":"https:\/\/linitiative.ca\/International\/wp-json\/wp\/v2\/posts"}],"about":[{"href":"https:\/\/linitiative.ca\/International\/wp-json\/wp\/v2\/types\/post"}],"author":[{"embeddable":true,"href":"https:\/\/linitiative.ca\/International\/wp-json\/wp\/v2\/users\/1816"}],"replies":[{"embeddable":true,"href":"https:\/\/linitiative.ca\/International\/wp-json\/wp\/v2\/comments?post=118375"}],"version-history":[{"count":0,"href":"https:\/\/linitiative.ca\/International\/wp-json\/wp\/v2\/posts\/118375\/revisions"}],"wp:attachment":[{"href":"https:\/\/linitiative.ca\/International\/wp-json\/wp\/v2\/media?parent=118375"}],"wp:term":[{"taxonomy":"category","embeddable":true,"href":"https:\/\/linitiative.ca\/International\/wp-json\/wp\/v2\/categories?post=118375"},{"taxonomy":"post_tag","embeddable":true,"href":"https:\/\/linitiative.ca\/International\/wp-json\/wp\/v2\/tags?post=118375"}],"curies":[{"name":"wp","href":"https:\/\/api.w.org\/{rel}","templated":true}]}}