{"id":118376,"date":"2021-06-10T14:18:03","date_gmt":"2021-06-10T18:18:03","guid":{"rendered":"https:\/\/linitiative.ca\/International\/sahel-macron-annonce-une-transformation-profonde-de-barkhane\/"},"modified":"2021-06-10T14:18:03","modified_gmt":"2021-06-10T18:18:03","slug":"sahel-macron-annonce-une-transformation-profonde-de-barkhane","status":"publish","type":"post","link":"https:\/\/linitiative.ca\/International\/sahel-macron-annonce-une-transformation-profonde-de-barkhane\/","title":{"rendered":"Sahel: Macron annonce une \u00abtransformation profonde\u00bb de Barkhane"},"content":{"rendered":"<div readability=\"32\">\n<p>Publi\u00e9 le 10.06.2021 \u00e0 19h18 par APA News<\/p>\n<\/div>\n<div readability=\"66\">\n<p>Le pr\u00e9sident Emmanuel Macron a annonc\u00e9, ce jeudi 10 juin 2021, la \u00ab transformation profonde \u00bb de sa force militaire Barkhane, qui op\u00e8re au Sahel.Au cours d\u2019une conf\u00e9rence de presse, le chef de l\u2019Etat de la France a annonc\u00e9 la \u00ab fin de l\u2019op\u00e9ration Barkhane en tant qu\u2019op\u00e9ration ext\u00e9rieure \u00bb. \u00ab (\u2026) nous amorcerons une transformation profonde de notre pr\u00e9sence militaire au Sahel \u00bb, a dit Emmanuel Macron.<\/p>\n<p>Il a soulign\u00e9 que \u00ab la pr\u00e9sence durable dans le cadre d\u2019op\u00e9rations ext\u00e9rieures de la France ne peut pas se substituer au retour de l\u2019\u00c9tat et des services de l\u2019\u00c9tat \u00e0 la stabilit\u00e9 politique et au choix des \u00c9tats souverains \u00bb.<\/p>\n<p>\u00ab La poursuite de notre engagement au Sahel ne se fera pas \u00e0 cadre constant. Nous ne pouvons pas s\u00e9curiser des zones qui tombent dans l\u2019anomie parce que les \u00c9tats ne prennent pas leurs responsabilit\u00e9s\u00a0\u00bb, a poursuivi le pr\u00e9sident Macron, annon\u00e7ant du coup des consultations, avant fin juin, avec les pays du G5-Sahel, les Etats-Unis et les autres partenaires de Paris.<\/p>\n<p>Forte de 5100 soldats, Barkhane qui a \u00e9t\u00e9 lanc\u00e9e le 1\u1d49\u02b3 ao\u00fbt 2014 sur les cendres des op\u00e9rations Serval et \u00c9pervier, c\u00e9dera \u00e0 son tour la place \u00e0 une alliance internationale contre le terrorisme qui va associer les Etats de la r\u00e9gion du Sahel.<\/p>\n<p>Apr\u00e8s le deuxi\u00e8me coup d\u2019Etat du colonel Assimi Go\u00efta contre le pr\u00e9sident de la transition, Bah Ndaw et son Premier ministre Moctar Ouane le 24 mai dernier, la France a suspendu ses op\u00e9rations militaires conjointes avec le Mali dans le cadre de la force Barkhane.<\/p>\n<\/div>\n<p>Auteur: APA News<br \/>\n<a href=\"https:\/\/www.journalducameroun.com\/sahel-macron-annonce-une-transformation-profonde-de-barkhane\/\">Cliquez ici pour lire l&rsquo;article depuis sa source.<\/a><\/p>\n","protected":false},"excerpt":{"rendered":"<p>Publi\u00e9 le 10.06.2021 \u00e0 19h18 par APA News Le pr\u00e9sident Emmanuel Macron a annonc\u00e9, ce jeudi 10 juin 2021, la \u00ab transformation profonde \u00bb de sa force militaire Barkhane, qui op\u00e8re au Sahel.Au cours d\u2019une conf\u00e9rence de presse, le chef de l\u2019Etat de la France a annonc\u00e9 la \u00ab fin de l\u2019op\u00e9ration Barkhane en tant [&hellip;]<\/p>\n","protected":false},"author":1965,"featured_media":0,"comment_status":"closed","ping_status":"closed","sticky":false,"template":"","format":"standard","meta":{"fifu_image_url":"","fifu_image_alt":"","footnotes":""},"categories":[73,82],"tags":[],"class_list":["post-118376","post","type-post","status-publish","format-standard","hentry","category-actualite","category-cameroun"],"_links":{"self":[{"href":"https:\/\/linitiative.ca\/International\/wp-json\/wp\/v2\/posts\/118376","targetHints":{"allow":["GET"]}}],"collection":[{"href":"https:\/\/linitiative.ca\/International\/wp-json\/wp\/v2\/posts"}],"about":[{"href":"https:\/\/linitiative.ca\/International\/wp-json\/wp\/v2\/types\/post"}],"author":[{"embeddable":true,"href":"https:\/\/linitiative.ca\/International\/wp-json\/wp\/v2\/users\/1965"}],"replies":[{"embeddable":true,"href":"https:\/\/linitiative.ca\/International\/wp-json\/wp\/v2\/comments?post=118376"}],"version-history":[{"count":0,"href":"https:\/\/linitiative.ca\/International\/wp-json\/wp\/v2\/posts\/118376\/revisions"}],"wp:attachment":[{"href":"https:\/\/linitiative.ca\/International\/wp-json\/wp\/v2\/media?parent=118376"}],"wp:term":[{"taxonomy":"category","embeddable":true,"href":"https:\/\/linitiative.ca\/International\/wp-json\/wp\/v2\/categories?post=118376"},{"taxonomy":"post_tag","embeddable":true,"href":"https:\/\/linitiative.ca\/International\/wp-json\/wp\/v2\/tags?post=118376"}],"curies":[{"name":"wp","href":"https:\/\/api.w.org\/{rel}","templated":true}]}}