{"id":118377,"date":"2021-06-10T15:18:02","date_gmt":"2021-06-10T19:18:02","guid":{"rendered":"https:\/\/linitiative.ca\/International\/maroc-espagne-leurope-doit-rester-neutre-selon-le-parlement-africain\/"},"modified":"2021-06-10T15:18:02","modified_gmt":"2021-06-10T19:18:02","slug":"maroc-espagne-leurope-doit-rester-neutre-selon-le-parlement-africain","status":"publish","type":"post","link":"https:\/\/linitiative.ca\/International\/maroc-espagne-leurope-doit-rester-neutre-selon-le-parlement-africain\/","title":{"rendered":"Maroc-Espagne: L\u2019Europe doit rester neutre, selon le parlement africain"},"content":{"rendered":"<div readability=\"32\">\n<p>Publi\u00e9 le 10.06.2021 \u00e0 20h18 par APA News<\/p>\n<\/div>\n<div readability=\"69\">\n<p>Le Parlement panafricain estime que le diff\u00e9rend qui oppose Rabat \u00e0 Madrid \u00ab est une crise bilat\u00e9rale qui peut \u00eatre r\u00e9solue par des moyens diplomatiques \u00bb.Le Parlement panafricain (PAP) n\u2019y est pas all\u00e9 par quatre chemins pour rappeler \u00e0 son homologue europ\u00e9en la posture \u00e0 adopter dans la crise entre le Maroc et l\u2019Espagne. Pour l\u2019institution r\u00e9gionale africaine, le diff\u00e9rend qui oppose Rabat \u00e0 Madrid \u00ab est une crise bilat\u00e9rale qui peut \u00eatre r\u00e9solue par des moyens diplomatiques ou \u00e0 l\u2019aide d\u2019une n\u00e9gociation bilat\u00e9rale directe \u00bb.<\/p>\n<p>En effet, rappelle le parlement africain citant des engagements pris par les deux institutions \u00e0 Abidjan (C\u00f4te d\u2019Ivoire) en 2017, \u00ab tous les probl\u00e8mes opposant deux Etats rel\u00e8vent des relations bilat\u00e9rales entre ceux-ci et les deux parlements ne peuvent intervenir qu\u2019au cas o\u00f9 ceux-ci ont d\u00e9battu de ce probl\u00e8me au pr\u00e9alable. \u00bb<\/p>\n<p>Partant de l\u00e0, l\u2019organisation panafricaine a demand\u00e9 donc au \u00ab parlement europ\u00e9en \u00e0 s\u2019abstenir de toute prise de position susceptible d\u2019exacerber les tensions et appel\u00e9 les deux parties \u00e0 r\u00e9soudre la crise dans un cadre purement bilat\u00e9ral \u00bb.<\/p>\n<p>Le pr\u00e9sident sortant du PAP, et ambassadeur de bonne volont\u00e9, Roger Nkodo Dang s\u2019est par ailleurs f\u00e9licit\u00e9 de la d\u00e9cision du Roi Mohammed VI de faire revenir dans son pays tous les mineurs marocains non accompagn\u00e9s, entr\u00e9s ill\u00e9galement dans l\u2019Union europ\u00e9enne.<\/p>\n<p>Il a en outre salu\u00e9 les diff\u00e9rents efforts fournis par le Maroc, notamment dans la lutte contre le terrorisme, l\u2019immigration clandestine, la traite des \u00eatres humains dans le respect des principes et des exigences du partenariat qui l\u2019unit avec l\u2019Union europ\u00e9enne et \u00e0 son environnement r\u00e9gional.<\/p>\n<p>Enfin, le Parlement panafricain se r\u00e9jouit de l\u2019initiative prise par le Maroc d\u2019abriter le premier centre africain d\u00e9di\u00e9 \u00e0 l\u2019\u00e9tude et \u00e0 l\u2019examen de l\u2019immigration clandestine, d\u00e9nomm\u00e9 \u00ab Observatoire Africain des Migrations. \u00bb<\/p>\n<\/div>\n<p>Auteur: APA News<br \/>\n<a href=\"https:\/\/www.journalducameroun.com\/maroc-espagne-leurope-doit-rester-neutre-selon-le-parlement-africain\/\">Cliquez ici pour lire l&rsquo;article depuis sa source.<\/a><\/p>\n","protected":false},"excerpt":{"rendered":"<p>Publi\u00e9 le 10.06.2021 \u00e0 20h18 par APA News Le Parlement panafricain estime que le diff\u00e9rend qui oppose Rabat \u00e0 Madrid \u00ab est une crise bilat\u00e9rale qui peut \u00eatre r\u00e9solue par des moyens diplomatiques \u00bb.Le Parlement panafricain (PAP) n\u2019y est pas all\u00e9 par quatre chemins pour rappeler \u00e0 son homologue europ\u00e9en la posture \u00e0 adopter dans [&hellip;]<\/p>\n","protected":false},"author":1965,"featured_media":0,"comment_status":"closed","ping_status":"closed","sticky":false,"template":"","format":"standard","meta":{"fifu_image_url":"","fifu_image_alt":"","footnotes":""},"categories":[73,82],"tags":[],"class_list":["post-118377","post","type-post","status-publish","format-standard","hentry","category-actualite","category-cameroun"],"_links":{"self":[{"href":"https:\/\/linitiative.ca\/International\/wp-json\/wp\/v2\/posts\/118377","targetHints":{"allow":["GET"]}}],"collection":[{"href":"https:\/\/linitiative.ca\/International\/wp-json\/wp\/v2\/posts"}],"about":[{"href":"https:\/\/linitiative.ca\/International\/wp-json\/wp\/v2\/types\/post"}],"author":[{"embeddable":true,"href":"https:\/\/linitiative.ca\/International\/wp-json\/wp\/v2\/users\/1965"}],"replies":[{"embeddable":true,"href":"https:\/\/linitiative.ca\/International\/wp-json\/wp\/v2\/comments?post=118377"}],"version-history":[{"count":0,"href":"https:\/\/linitiative.ca\/International\/wp-json\/wp\/v2\/posts\/118377\/revisions"}],"wp:attachment":[{"href":"https:\/\/linitiative.ca\/International\/wp-json\/wp\/v2\/media?parent=118377"}],"wp:term":[{"taxonomy":"category","embeddable":true,"href":"https:\/\/linitiative.ca\/International\/wp-json\/wp\/v2\/categories?post=118377"},{"taxonomy":"post_tag","embeddable":true,"href":"https:\/\/linitiative.ca\/International\/wp-json\/wp\/v2\/tags?post=118377"}],"curies":[{"name":"wp","href":"https:\/\/api.w.org\/{rel}","templated":true}]}}