{"id":118378,"date":"2021-06-10T17:18:02","date_gmt":"2021-06-10T21:18:02","guid":{"rendered":"https:\/\/linitiative.ca\/International\/logements-abordables-40-000-unites-bientot-construites-a-abidjan\/"},"modified":"2021-06-10T17:18:02","modified_gmt":"2021-06-10T21:18:02","slug":"logements-abordables-40-000-unites-bientot-construites-a-abidjan","status":"publish","type":"post","link":"https:\/\/linitiative.ca\/International\/logements-abordables-40-000-unites-bientot-construites-a-abidjan\/","title":{"rendered":"Logements \u00ab\u00a0abordables\u00a0\u00bb: 40.000 unit\u00e9s bient\u00f4t construites \u00e0 Abidjan"},"content":{"rendered":"<div readability=\"32\">\n<p>Publi\u00e9 le 10.06.2021 \u00e0 22h18 par APA News<\/p>\n<\/div>\n<div readability=\"123\">\n<p>Quelque 40.000 logements sociaux devraient \u00eatre construits \u00e0 Songon-Kassembl\u00e9, \u00e0 l\u2019Ouest d\u2019Abidjan, au terme du Projet d\u2019Assistance technique du don IDA sur le financement du logement abordable, port\u00e9 par l\u2019Uemoa et financ\u00e9 par la Banque mondiale.<\/p>\n<p>Le Projet d\u2019Assistance technique du don IDA sur le financement du logement abordable (PFLA-Uemoa) a pour objectif d\u2019appuyer les politiques de l\u2019habitat et les politiques fonci\u00e8res entreprises par les \u00c9tats membres de l\u2019Uemoa, a dit M. Papa Madiaw Seck, coordonnateur du PFLA-Uemoa.<\/p>\n<p>Il intervient dans un contexte o\u00f9 la Commission de l\u2019Uemoa a d\u00e9cid\u00e9 d\u2019apporter un appui consistant \u00e0 am\u00e9liorer les instruments de politique fonci\u00e8re et de logement notamment institutionnels, financiers et r\u00e9glementaires afin de promouvoir un march\u00e9 du logement efficace.<\/p>\n<p>L\u2019objectif \u00e9tant de permettre \u00ab\u00a0l\u2019acc\u00e8s \u00e0 toutes les cat\u00e9gories de population\u00a0\u00bb \u00e0 un toit, a fait savoir M. Papa Seck. Ce projet, dans la commune de Songon-Kassembl\u00e9, devrait s\u2019\u00e9tendre sur pr\u00e8s de 500 hectares et accueillera d\u2019ici quelques ann\u00e9es 40.000 m\u00e9nages.\u00a0<\/p>\n<p>M. Cl\u00e9ment Fourchy, directeur adjoint du Cabinet Espelia, a pr\u00e9sent\u00e9 les r\u00e9sultats d\u2019une Mission d\u2019appui-conseil aux programmes de logements sociaux Songon-Kassembl\u00e9, lors d\u2019une c\u00e9r\u00e9monie jeudi \u00e0 Abidjan.<\/p>\n<p>Cette mission d\u2019appui-conseil qui a dur\u00e9 18 mois a permis de travailler sur l\u2019op\u00e9ration de Songon-Kassembl\u00e9 afin d\u2019identifier des pistes d\u2019acc\u00e9l\u00e9ration de la poursuite du projet en vue de permettre la \u00ab\u00a0mise \u00e0 disposition plus rapide de logements pour les populations\u00a0\u00bb, a-t-il soulign\u00e9.<\/p>\n<p>Pour M. Fourchy, outre ces habitations, il faut am\u00e9nager d\u2019autres espaces pour cr\u00e9er une ville avec des zones industrielles, des infrastructures sociaux-\u00e9conomiques et \u00e9ducatives, afin que les populations aient tous les services et commodit\u00e9s d\u2019une cit\u00e9 moderne.<\/p>\n<p>Il a conseill\u00e9 la cr\u00e9ation d\u2019une soci\u00e9t\u00e9 d\u2019am\u00e9nagement, la valorisation de la fonction d\u2019am\u00e9nageur, mettre les promoteurs immobiliers en comp\u00e9tition, la mis en place de v\u00e9ritables \u00e9quipes de projets au niveau des ma\u00eetrises d\u2019ouvrage.<\/p>\n<p>Le minist\u00e8re de la Construction devra disposer d\u2019une meilleure vision de l\u2019\u00e9quilibre \u00e9conomique des op\u00e9rations du point de vue des am\u00e9nageurs que des promoteurs pour identifier les leviers d\u2019optimisation potentiels des prix de sortie et les modalit\u00e9s de financement de l\u2019am\u00e9nagement, \u00a0a-t-il poursuivi.<\/p>\n<p>Le directeur de Cabinet adjoint, Jean Michel Gba Tean, repr\u00e9sentant du ministre de la Construction, du logement et de l\u2019urbanisme, a assur\u00e9 qu\u2019 au moment o\u00f9 cet appui prend fin, le minist\u00e8re et les partenaires se sentent outill\u00e9s pour \u00ab\u00a0booster le programme\u00a0\u00bb.<\/p>\n<p>M. Gba Tean a fait savoir d\u2019ailleurs qu\u2019 \u00ab\u00a0une \u00e9quipe projet d\u00e9di\u00e9e au pilotage de l\u2019op\u00e9ration de Songon-Kassembl\u00e9 est en cours de recrutement\u00a0\u00bb, avant d\u2019ajouter que les consultations devraient \u00eatre achev\u00e9s d\u2019ici \u00e0 mi-juillet 2021.<\/p>\n<p>Le repr\u00e9sentant de la Banque mondiale, Adama Tour\u00e9, a indiqu\u00e9 que l\u2019appui propos\u00e9 vise \u00e0 renforcer les capacit\u00e9s des acteurs immobiliers en vue d\u2019un foncier s\u00e9curis\u00e9 et am\u00e9nag\u00e9, dans la commune de Songon.\u00a0<\/p>\n<p>En C\u00f4te d\u2019Ivoire, l\u2019acc\u00e8s au logement est fortement contraint. Dans la capitale \u00e9conomique, Abidjan, l\u2019on estime que plus de la moiti\u00e9 des m\u00e9nages vie dans des conditions de surpeuplement et o\u00f9 15% des habitants se trouve dans des quartiers pr\u00e9caires.\u00a0<\/p>\n<p>Le d\u00e9ficit de logements en C\u00f4te d\u2019Ivoire est estim\u00e9 entre 400 et 600.000 unit\u00e9s. Dans ce contexte, l\u2019Etat s\u2019est engag\u00e9 dans un programme ambitieux en faveur de logements d\u00e9cents, s\u00fbrs et abordables.\u00a0<\/p>\n<\/div>\n<p>Auteur: APA News<br \/>\n<a href=\"https:\/\/www.journalducameroun.com\/logements-abordables-40-000-unites-bientot-construites-a-abidjan\/\">Cliquez ici pour lire l&rsquo;article depuis sa source.<\/a><\/p>\n","protected":false},"excerpt":{"rendered":"<p>Publi\u00e9 le 10.06.2021 \u00e0 22h18 par APA News Quelque 40.000 logements sociaux devraient \u00eatre construits \u00e0 Songon-Kassembl\u00e9, \u00e0 l\u2019Ouest d\u2019Abidjan, au terme du Projet d\u2019Assistance technique du don IDA sur le financement du logement abordable, port\u00e9 par l\u2019Uemoa et financ\u00e9 par la Banque mondiale. Le Projet d\u2019Assistance technique du don IDA sur le financement du [&hellip;]<\/p>\n","protected":false},"author":1965,"featured_media":0,"comment_status":"closed","ping_status":"closed","sticky":false,"template":"","format":"standard","meta":{"fifu_image_url":"","fifu_image_alt":"","footnotes":""},"categories":[73,82],"tags":[],"class_list":["post-118378","post","type-post","status-publish","format-standard","hentry","category-actualite","category-cameroun"],"_links":{"self":[{"href":"https:\/\/linitiative.ca\/International\/wp-json\/wp\/v2\/posts\/118378","targetHints":{"allow":["GET"]}}],"collection":[{"href":"https:\/\/linitiative.ca\/International\/wp-json\/wp\/v2\/posts"}],"about":[{"href":"https:\/\/linitiative.ca\/International\/wp-json\/wp\/v2\/types\/post"}],"author":[{"embeddable":true,"href":"https:\/\/linitiative.ca\/International\/wp-json\/wp\/v2\/users\/1965"}],"replies":[{"embeddable":true,"href":"https:\/\/linitiative.ca\/International\/wp-json\/wp\/v2\/comments?post=118378"}],"version-history":[{"count":0,"href":"https:\/\/linitiative.ca\/International\/wp-json\/wp\/v2\/posts\/118378\/revisions"}],"wp:attachment":[{"href":"https:\/\/linitiative.ca\/International\/wp-json\/wp\/v2\/media?parent=118378"}],"wp:term":[{"taxonomy":"category","embeddable":true,"href":"https:\/\/linitiative.ca\/International\/wp-json\/wp\/v2\/categories?post=118378"},{"taxonomy":"post_tag","embeddable":true,"href":"https:\/\/linitiative.ca\/International\/wp-json\/wp\/v2\/tags?post=118378"}],"curies":[{"name":"wp","href":"https:\/\/api.w.org\/{rel}","templated":true}]}}