{"id":118379,"date":"2021-06-10T17:18:02","date_gmt":"2021-06-10T21:18:02","guid":{"rendered":"https:\/\/linitiative.ca\/International\/la-diaspora-africaine-contribue-aux-economies-nationales-du-continent\/"},"modified":"2021-06-10T17:18:02","modified_gmt":"2021-06-10T21:18:02","slug":"la-diaspora-africaine-contribue-aux-economies-nationales-du-continent","status":"publish","type":"post","link":"https:\/\/linitiative.ca\/International\/la-diaspora-africaine-contribue-aux-economies-nationales-du-continent\/","title":{"rendered":"La diaspora africaine contribue aux \u00e9conomies nationales du continent"},"content":{"rendered":"<div readability=\"32\">\n<p>Publi\u00e9 le 10.06.2021 \u00e0 22h18 par APA News<\/p>\n<\/div>\n<div readability=\"145\">\n<p>La diaspora africaine est une contribution consid\u00e9rable aux \u00e9conomies nationales du continent, a soulign\u00e9 jeudi le ministre marocain des Affaires \u00e9trang\u00e8res, Nasser Bourita.Lors d\u2019une r\u00e9union virtuelle de consultation, de concertation et d\u2019\u00e9change en vue de pr\u00e9parer la mise en place du Haut comit\u00e9 de la d\u00e9cennie des racines et diasporas africaines, le ministre a ajout\u00e9 que la diaspora africaine est \u00ab l\u2019agent d\u2019une mission \u00e9conomique \u00e0 double vocation : d\u2019investissement et de co-d\u00e9veloppement \u00bb.<\/p>\n<p>La diaspora est une des premi\u00e8res sources de financement du continent, si ce n\u2019est la premi\u00e8re, a-t-il rappel\u00e9 relevant que les transferts de fonds de la diaspora repr\u00e9sentent plus de trois fois les niveaux de l\u2019aide publique au d\u00e9veloppement et des investissements directs \u00e0 l\u2019\u00e9tranger \u00e0 destination de l\u2019Afrique subsaharienne.<\/p>\n<p>Ces transferts ont par ailleurs d\u00e9jou\u00e9 les pr\u00e9dictions en r\u00e9sistant remarquablement aux effets \u00e9conomiques de la pand\u00e9mie avec, en g\u00e9n\u00e9ral, une baisse plus faible que pr\u00e9vu en Afrique, a-t-il poursuivi notant que ces transferts ont m\u00eame augment\u00e9 en 2020 dans de nombreux pays. \u00ab Forte de ses 150 millions d\u2019\u00e2mes dans le monde, la diaspora africaine est d\u2019abord une chance pour le continent. Elle est ciment\u00e9e autour d\u2019un sentiment d\u2019appartenance culturelle et humaine et apporte une addition \u00e0 l\u2019identit\u00e9 africaine, qu\u2019elle fait rayonner dans les soci\u00e9t\u00e9s o\u00f9 elle \u00e9volue \u00bb, a indiqu\u00e9 le ministre.<\/p>\n<p>Elle est, de ce fait, un pont avec les autres continents et cultures, si bien qu\u2019elle est appel\u00e9e la \u00ab 6-\u00e8me sous r\u00e9gion \u00bb du continent : une r\u00e9gion o\u00f9 le \u00ab territoire de vie \u00bb rejoint le \u00ab territoire d\u2019origine \u00bb, a relev\u00e9 le ministre marocain, notant que les migrants africains sont souvent consid\u00e9r\u00e9s comme des personnes vuln\u00e9rables, victimes de discriminations de toutes sortes.<\/p>\n<p>Pourtant, le ministre affirme que ces difficult\u00e9s n\u2019ont pas emp\u00each\u00e9 la multiplication de \u00ab success stories \u00bb de figures africaines qui, partout dans le monde, se sont impos\u00e9es, dans les diff\u00e9rents domaines, notamment l\u2019\u00e9conomie, la politique, les sciences et la culture.<\/p>\n<p>Mais, si sa contribution est essentielle, Nasser Bourita fait savoir que la diaspora exprime, elle aussi, le d\u00e9sir d\u2019\u00eatre accompagn\u00e9e. Or, l\u2019Afrique a bien des efforts \u00e0 faire \u00e0 cet \u00e9gard puisque seulement 10% des envois de fonds sont investis dans des projets ou produits d\u2019\u00e9pargne en Afrique, a-t-il avanc\u00e9.<\/p>\n<p>Au-del\u00e0 de l\u2019aspect financier, \u00ab nous avons la responsabilit\u00e9 de cr\u00e9er le cadre propice \u00e0 un retour des comp\u00e9tences et \u00e0 une meilleure redistribution au territoire d\u2019origine \u00bb, a-t-il soulign\u00e9, appelant \u00e0 accorder une visibilit\u00e9 accrue \u00e0 cette diaspora en l\u2019int\u00e9grant politiquement, administrativement, m\u00e9diatiquement et culturellement. \u00ab C\u2019est l\u00e0 le sens de notre engagement au Maroc \u00bb, a-t-il dit.<\/p>\n<p>Le Maroc compte plus de 5 millions de concitoyens r\u00e9sidant \u00e0 l\u2019\u00e9tranger, pr\u00e9sents dans 100 pays, sur les cinq continents et pour lesquels leur lien avec la m\u00e8re patrie ne s\u2019est jamais distendu, a-t-il assur\u00e9.<\/p>\n<p>Dans ce sillage, il a not\u00e9 que le Maroc a veill\u00e9 \u00e0 ce que le Pacte mondial pour des Migrations S\u00fbres, ordonn\u00e9es et r\u00e9guli\u00e8res, adopt\u00e9 \u00e0 Marrakech en 2018, prenne dument en consid\u00e9ration l\u2019apport important des diasporas dans le d\u00e9veloppement des pays \u00e0 la fois d\u2019origine et de destination. En effet, le Pacte de Marrakech a instaur\u00e9, pour la premi\u00e8re fois une m\u00e9thodologie pour une coop\u00e9ration qualitative entre pays d\u2019origine et de destination, en vue d\u2019une gouvernance migratoire responsable et coordonn\u00e9e, a-t-il relev\u00e9.<\/p>\n<p>La coh\u00e9rence entre les positions continentales et globales du Maroc, d\u00e9coule d\u2019une politique constante du Royaume en la mati\u00e8re qui est refl\u00e9t\u00e9e dans deux strat\u00e9gies nationales fondamentales, toutes les deux en convergence avec l\u2019esprit de l\u2019initiative du Togo, a-t-il r\u00e9v\u00e9l\u00e9.<\/p>\n<p>Le ministre a fait part de quelques \u00e9l\u00e9ments devant alimenter la feuille de route du Maroc pour faire de nos diasporas de puissants facteurs de d\u00e9veloppement. \u00ab Nous devons, \u00e0 cet \u00e9gard soutenir une r\u00e9duction significative des co\u00fbts de transaction li\u00e9s aux envois des fonds, un manque \u00e0 gagner consid\u00e9rable \u00bb, a-t-il indiqu\u00e9, ajoutant que ces co\u00fbts doivent \u00eatre imp\u00e9rativement ramen\u00e9s \u00e0 3%, pour r\u00e9pondre \u00e0 l\u2019Aspiration 2 de l\u2019agenda 2063 de l\u2019UA et atteindre l\u2019Objectif 10 des objectifs du d\u00e9veloppement durable \u00e0 l\u2019horizon de 2030.<\/p>\n<p>Il faut en outre partager les \u00ab success stories \u00bb qui permettent de canaliser les flux financiers des diasporas vers l\u2019\u00e9conomie formelle, \u00eatre prospectif et faire appel \u00e0 l\u2019expertise pour \u00e9laborer des mod\u00e8les d\u2019implication financi\u00e8re innovants ainsi que de veiller \u00e0 partager nos exp\u00e9riences sur les \u00ab Repats \u00bb, ces personnes de la diaspora ou d\u2019ascendance africaine qui souhaitent concr\u00e9tiser leur projet de retour.<\/p>\n<\/div>\n<p>Auteur: APA News<br \/>\n<a href=\"https:\/\/www.journalducameroun.com\/la-diaspora-africaine-contribue-aux-economies-nationales-du-continent\/\">Cliquez ici pour lire l&rsquo;article depuis sa source.<\/a><\/p>\n","protected":false},"excerpt":{"rendered":"<p>Publi\u00e9 le 10.06.2021 \u00e0 22h18 par APA News La diaspora africaine est une contribution consid\u00e9rable aux \u00e9conomies nationales du continent, a soulign\u00e9 jeudi le ministre marocain des Affaires \u00e9trang\u00e8res, Nasser Bourita.Lors d\u2019une r\u00e9union virtuelle de consultation, de concertation et d\u2019\u00e9change en vue de pr\u00e9parer la mise en place du Haut comit\u00e9 de la d\u00e9cennie des [&hellip;]<\/p>\n","protected":false},"author":1965,"featured_media":0,"comment_status":"closed","ping_status":"closed","sticky":false,"template":"","format":"standard","meta":{"fifu_image_url":"","fifu_image_alt":"","footnotes":""},"categories":[73,82],"tags":[],"class_list":["post-118379","post","type-post","status-publish","format-standard","hentry","category-actualite","category-cameroun"],"_links":{"self":[{"href":"https:\/\/linitiative.ca\/International\/wp-json\/wp\/v2\/posts\/118379","targetHints":{"allow":["GET"]}}],"collection":[{"href":"https:\/\/linitiative.ca\/International\/wp-json\/wp\/v2\/posts"}],"about":[{"href":"https:\/\/linitiative.ca\/International\/wp-json\/wp\/v2\/types\/post"}],"author":[{"embeddable":true,"href":"https:\/\/linitiative.ca\/International\/wp-json\/wp\/v2\/users\/1965"}],"replies":[{"embeddable":true,"href":"https:\/\/linitiative.ca\/International\/wp-json\/wp\/v2\/comments?post=118379"}],"version-history":[{"count":0,"href":"https:\/\/linitiative.ca\/International\/wp-json\/wp\/v2\/posts\/118379\/revisions"}],"wp:attachment":[{"href":"https:\/\/linitiative.ca\/International\/wp-json\/wp\/v2\/media?parent=118379"}],"wp:term":[{"taxonomy":"category","embeddable":true,"href":"https:\/\/linitiative.ca\/International\/wp-json\/wp\/v2\/categories?post=118379"},{"taxonomy":"post_tag","embeddable":true,"href":"https:\/\/linitiative.ca\/International\/wp-json\/wp\/v2\/tags?post=118379"}],"curies":[{"name":"wp","href":"https:\/\/api.w.org\/{rel}","templated":true}]}}