{"id":118380,"date":"2021-06-10T17:18:02","date_gmt":"2021-06-10T21:18:02","guid":{"rendered":"https:\/\/linitiative.ca\/International\/une-academie-internationale-de-lutte-contre-le-terrorisme-inauguree-en-cote-divoire\/"},"modified":"2021-06-10T17:18:02","modified_gmt":"2021-06-10T21:18:02","slug":"une-academie-internationale-de-lutte-contre-le-terrorisme-inauguree-en-cote-divoire","status":"publish","type":"post","link":"https:\/\/linitiative.ca\/International\/une-academie-internationale-de-lutte-contre-le-terrorisme-inauguree-en-cote-divoire\/","title":{"rendered":"Une acad\u00e9mie internationale de lutte contre le terrorisme inaugur\u00e9e en C\u00f4te d\u2019Ivoire"},"content":{"rendered":"<div readability=\"32\">\n<p>Publi\u00e9 le 10.06.2021 \u00e0 22h18 par APA News<\/p>\n<\/div>\n<div readability=\"124\">\n<p>Le Premier ministre ivoirien Patrick Achi et le ministre de l\u2019Europe et des Affaires \u00e9trang\u00e8res de la R\u00e9publique fran\u00e7aise, Jean-Yves Le Drian, ont inaugur\u00e9 officiellement jeudi \u00e0 Jacqueville, dans le Sud ivoirien, l\u2019Acad\u00e9mie internationale de lutte contre le terrorisme.<\/p>\n<p>Le ministre d\u2019Etat, ministre ivoirien de la D\u00e9fense, T\u00e9n\u00e9 Birahima Ouattara, qui a ouvert les discours, a rendu un vibrant hommage \u00e0 feu Hamed Bakayoko, ex-Premier ministre, qui a port\u00e9 \u00e0 bras le corps\u00a0ce projet, dont la premi\u00e8re tranche des travaux d\u2019infrastructures a \u00e9t\u00e9 inaugur\u00e9e.<\/p>\n<p>Cet ouvrage permettra le d\u00e9marrage des activit\u00e9s d\u2019entra\u00eenement, de formation des cadres et de r\u00e9flexion strat\u00e9gique sur un site adapt\u00e9, a indiqu\u00e9 M. T\u00e9n\u00e9 Birahima Ouattara, pr\u00e9cisant que ce site a une superficie de 1.100 hectares avec des r\u00e9alisations d\u2019environ 15 milliards de Fcfa.<\/p>\n<p>Il permettra notamment d\u2019accueillir une structure de direction, d\u2019assurer simultan\u00e9ment trois stages de formation de 25 stagiaires, d\u2019h\u00e9berger 25 stagiaires et d\u2019entra\u00eener des unit\u00e9s de contre-terrorisme en milieu urbain et rural, de tirs et de la protection rapproch\u00e9e, a-t-il soulign\u00e9.<\/p>\n<p>L\u2019acad\u00e9mie se veut un p\u00f4le d\u2019expertise et d\u2019entrainement des unit\u00e9s sp\u00e9cialis\u00e9es et de formation des cadres acteurs de la lutte anti-terroriste issus des minist\u00e8res de la Justice, de la D\u00e9fense et de l\u2019Int\u00e9rieur et d\u2019autres minist\u00e8res ainsi que le creuset de la recherche strat\u00e9gique sur la menace terroriste. \u00a0 \u00a0<\/p>\n<p>Pr\u00e8s de 500 acteurs de la lutte anti-terroriste provenant d\u2019une quinzaine de pays africains ont d\u00e9j\u00e0 \u00e9t\u00e9 form\u00e9s dans cette acad\u00e9mie. Selon M. Ouattara, les travaux restant \u00e0 r\u00e9aliser sont estim\u00e9s \u00e0 25 milliards Fcfa et des recherches de ressources devraient \u00eatre lanc\u00e9es bient\u00f4t. \u00a0<\/p>\n<p>\u00ab\u00a0Nous prot\u00e9geons nos peuples et leur avenir\u00a0\u00bb dans un environnement de paix et de s\u00e9curit\u00e9 auquel ils aspirent tant, a d\u00e9clar\u00e9 le Premier ministre ivoirien, Patrick Achi. Pour lui, \u00ab\u00a0il se dessine l\u00e0 le futur de la paix sur le continent\u00a0\u00bb africain.<\/p>\n<p>Ce camp d\u2019entra\u00eenement est certifi\u00e9 par les unit\u00e9s de corps d\u2019\u00e9lite fran\u00e7aises et son institut de recherche. \u00ab\u00a0Veillez en permanence \u00e0 son organisation avec les Etats fr\u00e8res et tous les partenaires de la C\u00f4te d\u2019Ivoire\u00a0\u00bb, a-t-il lanc\u00e9.<\/p>\n<p>M. Patrick Achi a pr\u00e9sid\u00e9 \u00e0 Abidjan, peu avant l\u2019inauguration de cette acad\u00e9mie, une signature de convention entre l\u2019Etat de C\u00f4te d\u2019Ivoire et la R\u00e9publique fran\u00e7aise portant sur la gestion de l\u2019Acad\u00e9mie internationale de lutte contre le terrorisme de Jacqueville.<\/p>\n<p>Le protocole a \u00e9t\u00e9 paraph\u00e9 par le ministre d\u2019\u00c9tat, ministre de la D\u00e9fense, T\u00e9n\u00e9 Birahima Ouattara repr\u00e9sentant la partie ivoirienne et le ministre fran\u00e7ais de l\u2019Europe et des Affaires \u00e9trang\u00e8res, Jean-Yves Le Drian. \u00a0<\/p>\n<p>M. Jean-Yves Le Drian, dans un discours, \u00e0 l\u2019inauguration, a d\u00e9clar\u00e9 que \u00able fl\u00e9au du terrorisme n\u2019est pas une fatalit\u00e9 ni en Afrique ni ailleurs, c\u2019est une menace qu\u2019il nous faut combattre, comme nous continuerons \u00e0 le faire au Sahel et comme nous le ferons ici ensemble\u00bb.<\/p>\n<p>\u00abNous savons que notre responsabilit\u00e9, c\u2019est de combattre ensemble cet ennemi commun dont les exactions au Sahel nous concernent directement, car sur la carte des menaces, le Sahel est la fronti\u00e8re Sud de l\u2019Europe et la fronti\u00e8re Nord des Etats du Golfe de Guin\u00e9e\u00bb, a-t-il ajout\u00e9. Le chef de la diplomatie fran\u00e7aise a \u00e9t\u00e9 re\u00e7u par le pr\u00e9sident ivoirien Alassane Ouattara.<\/p>\n<p>La C\u00f4te d\u2019Ivoire est la cible des terroristes depuis quelques ann\u00e9es. Le pays a \u00e9t\u00e9 plusieurs fois attaqu\u00e9 par des terroristes qui ont aussit\u00f4t \u00e9t\u00e9 repouss\u00e9s notamment dans l\u2019extr\u00eame nord, o\u00f9 il fait fronti\u00e8re avec le Mali et le Burkina Faso.<\/p>\n<\/div>\n<p>Auteur: APA News<br \/>\n<a href=\"https:\/\/www.journalducameroun.com\/une-academie-internationale-de-lutte-contre-le-terrorisme-inauguree-en-cote-divoire\/\">Cliquez ici pour lire l&rsquo;article depuis sa source.<\/a><\/p>\n","protected":false},"excerpt":{"rendered":"<p>Publi\u00e9 le 10.06.2021 \u00e0 22h18 par APA News Le Premier ministre ivoirien Patrick Achi et le ministre de l\u2019Europe et des Affaires \u00e9trang\u00e8res de la R\u00e9publique fran\u00e7aise, Jean-Yves Le Drian, ont inaugur\u00e9 officiellement jeudi \u00e0 Jacqueville, dans le Sud ivoirien, l\u2019Acad\u00e9mie internationale de lutte contre le terrorisme. Le ministre d\u2019Etat, ministre ivoirien de la D\u00e9fense, [&hellip;]<\/p>\n","protected":false},"author":1965,"featured_media":0,"comment_status":"closed","ping_status":"closed","sticky":false,"template":"","format":"standard","meta":{"fifu_image_url":"","fifu_image_alt":"","footnotes":""},"categories":[73,82],"tags":[],"class_list":["post-118380","post","type-post","status-publish","format-standard","hentry","category-actualite","category-cameroun"],"_links":{"self":[{"href":"https:\/\/linitiative.ca\/International\/wp-json\/wp\/v2\/posts\/118380","targetHints":{"allow":["GET"]}}],"collection":[{"href":"https:\/\/linitiative.ca\/International\/wp-json\/wp\/v2\/posts"}],"about":[{"href":"https:\/\/linitiative.ca\/International\/wp-json\/wp\/v2\/types\/post"}],"author":[{"embeddable":true,"href":"https:\/\/linitiative.ca\/International\/wp-json\/wp\/v2\/users\/1965"}],"replies":[{"embeddable":true,"href":"https:\/\/linitiative.ca\/International\/wp-json\/wp\/v2\/comments?post=118380"}],"version-history":[{"count":0,"href":"https:\/\/linitiative.ca\/International\/wp-json\/wp\/v2\/posts\/118380\/revisions"}],"wp:attachment":[{"href":"https:\/\/linitiative.ca\/International\/wp-json\/wp\/v2\/media?parent=118380"}],"wp:term":[{"taxonomy":"category","embeddable":true,"href":"https:\/\/linitiative.ca\/International\/wp-json\/wp\/v2\/categories?post=118380"},{"taxonomy":"post_tag","embeddable":true,"href":"https:\/\/linitiative.ca\/International\/wp-json\/wp\/v2\/tags?post=118380"}],"curies":[{"name":"wp","href":"https:\/\/api.w.org\/{rel}","templated":true}]}}