{"id":118381,"date":"2021-06-10T10:33:43","date_gmt":"2021-06-10T14:33:43","guid":{"rendered":"https:\/\/linitiative.ca\/International\/le-chiffre-daffaires-des-pme-baissent-de-80-au-2nd-semestre-2020\/"},"modified":"2021-06-10T10:33:43","modified_gmt":"2021-06-10T14:33:43","slug":"le-chiffre-daffaires-des-pme-baissent-de-80-au-2nd-semestre-2020","status":"publish","type":"post","link":"https:\/\/linitiative.ca\/International\/le-chiffre-daffaires-des-pme-baissent-de-80-au-2nd-semestre-2020\/","title":{"rendered":"Le chiffre d\u2019affaires des PME baissent de 80% au 2nd semestre 2020"},"content":{"rendered":"<p>Le minist\u00e8re des Petites et Moyennes Entreprises, de l\u2019\u00c9conomie Sociale et de l\u2019Artisanat (Minpmeesa), vient de rendre publique sa note conjoncture sur l\u2019activit\u00e9 des Petites et Moyennes entreprises (Pme) pour le compte du second semestre 2020. Celle-ci r\u00e9v\u00e8le qu\u2019au cours de cette p\u00e9riode, marqu\u00e9e par la pr\u00e9valence de la pand\u00e9mie de Coronavirus, le chiffre d\u2019affaires des Pme, pour la grande majorit\u00e9 issues du secteur tertiaire (couture, commerce, prestations de services), a baiss\u00e9 de 79,30% selon les donn\u00e9es recueillies aupr\u00e8s des 274 entreprises qui ont constitu\u00e9 l\u2019\u00e9chantillonnage de cette enqu\u00eate r\u00e9alis\u00e9e entre le 15 janvier et le 15 f\u00e9vrier derniers. Cette baisse drastique s\u2019explique \u00e0 priori par la r\u00e9duction des importations, lesquelles alimentaient les activit\u00e9s de ces entreprises.<\/p>\n<p><strong>Lire aussi<\/strong> : <strong><a href=\"https:\/\/ecomatin.net\/relance-post-covid-19-le-pnud-lance-rapid-financing-facility-pour-accompagner-les-pme\/\">Relance post covid-19 : le Pnud lance \u00ab Rapid Financing Facility \u00bb pour accompagner les PME<\/a><\/strong><\/p>\n<p>A c\u00f4t\u00e9 de cela, les Pme ont d\u00fb s\u2019imposer quelques mesures d\u2019aust\u00e9rit\u00e9 pour tenter de survivre aux effets n\u00e9fastes de la pand\u00e9mie. \u00ab En ce qui concerne les effectifs salari\u00e9s, pr\u00e8s de 50 % des Pme enqu\u00eat\u00e9es ont d\u00e9clar\u00e9 avoir revu leurs personnels salari\u00e9s \u00e0 la baisse en raison de la pand\u00e9mie. Environ 37 % ont d\u00e9crit une situation de maintien des salari\u00e9s, et 4,5 % ont d\u00e9clar\u00e9 avoir recrut\u00e9 de nouveaux personnels. Ces nouveaux emplois cr\u00e9es se trouvent principalement dans le domaine du commerce \u00bb, renseigne la note. Les nouveaux emplois dont il est question concernent la hausse exponentielle du petit commerce de vente des gadgets dans le cadre de la lutte contre la covid-19.<\/p>\n<p><strong>Lire aussi<\/strong> : <strong><a href=\"https:\/\/ecomatin.net\/accompagnement-des-pme-un-nouveauu-guichet-de-financement-desormais-disponible\/\">Accompagnement des PME : un nouveau guichet de financement d\u00e9sormais disponible<\/a><\/strong><\/p>\n<p>En sus, pour riposter aux difficult\u00e9s observ\u00e9es, les chefs d\u2019entreprises enqu\u00eat\u00e9s ont eu recours \u00e0 des mesures internes de r\u00e9silience. 83,30 % des chefs d\u2019entreprises ont proc\u00e9d\u00e9 \u00e0 la r\u00e9duction des horaires de travail, 68,40 % ont mis leurs employ\u00e9s en ch\u00f4mage technique, tandis que 58 % des entreprises ont d\u00e9clar\u00e9 avoir arr\u00eat\u00e9 temporairement leurs activit\u00e9s. Il devenait donc presque logique qu\u2019au cours du 2\u00e8me semestre 2020, les chefs d\u2019entreprises ne puissent pas recruter de nouvelle main d\u2019\u0153uvre.<\/p>\n<p><strong>Ventes en baisse<\/strong><\/p>\n<p>Le chiffre d\u2019affaires des Pme a d\u00e9cru \u00e9galement en raison de la morosit\u00e9 du march\u00e9, avec des ventes tr\u00e8s peu florissante. Elles ont consid\u00e9rablement baiss\u00e9 au second semestre 2020, en comparaison au 1er semestre de la m\u00eame ann\u00e9e. 70% des entreprises enqu\u00eat\u00e9es ont r\u00e9v\u00e9l\u00e9 que l\u2019activit\u00e9 \u00e9conomique n\u2019a pas \u00e9t\u00e9 rentable, et ce en raison de la forte concurrence, la baisse du pouvoir d\u2019achat, et naturellement la pr\u00e9valence de la pr\u00e9sence de la pand\u00e9mie \u00e0 Coronavirus. \u00ab En ce qui concerne la baisse du pouvoir d\u2019achat cit\u00e9e par 70,80 % des chefs d\u2019entreprises, il faut signaler qu\u2019au cours des trois premiers mois du 2nd semestre 2020, l\u2019indice des prix \u00e0 la consommation des m\u00e9nages a progress\u00e9 notamment dans les produits alimentaires \u00bb, apprend-on.<\/p>\n<p><strong>Lire aussi<\/strong> : <strong><a href=\"https:\/\/ecomatin.net\/entrepreneuriat-plus-de-13-000-pme-creees-en-2018-au-cameroun\/\">Entrepreneuriat : plus de 13 000 PME cr\u00e9\u00e9es en 2018 au Cameroun<\/a><\/strong><\/p>\n<p>L\u2019activit\u00e9 des Pme au second semestre 2020 a par ailleurs \u00e9tait caract\u00e9ris\u00e9e par une baisse des co\u00fbts de production comparativement au 1er semestre. Cette baisse peut s\u2019expliquer par le niveau du co\u00fbt de la main d\u2019\u0153uvre (59,30 % d\u2019entreprises concern\u00e9es) et, par le faible co\u00fbt de transport des mati\u00e8res premi\u00e8res (57,60 % d\u2019entreprises). Globalement, au cours de l\u2019ann\u00e9e 2020, l\u2019activit\u00e9 des Pme a \u00e9t\u00e9 en forte r\u00e9gression en raison de la persistance de la crise sanitaire. A l\u2019occasion, le gouvernement a apport\u00e9 un appui financier de 2 milliards de F aux entreprises \u00e0 travers leur minist\u00e8re de tutelle, dans le cadre du Fonds de solidarit\u00e9 Nationale pour la lutte contre le Coronavirus et ses r\u00e9percussions \u00e9conomiques et sociales.<\/p>\n<p>Auteur: Yannick KENNE<br \/>\n<a href=\"https:\/\/ecomatin.net\/le-chiffre-daffaires-des-pme-baissentt-de-80-au-2nd-semestre-2020\/\">Cliquez ici pour lire l&rsquo;article depuis sa source.<\/a><\/p>\n","protected":false},"excerpt":{"rendered":"<p>Le minist\u00e8re des Petites et Moyennes Entreprises, de l\u2019\u00c9conomie Sociale et de l\u2019Artisanat (Minpmeesa), vient de rendre publique sa note conjoncture sur l\u2019activit\u00e9 des Petites et Moyennes entreprises (Pme) pour le compte du second semestre 2020. Celle-ci r\u00e9v\u00e8le qu\u2019au cours de cette p\u00e9riode, marqu\u00e9e par la pr\u00e9valence de la pand\u00e9mie de Coronavirus, le chiffre d\u2019affaires [&hellip;]<\/p>\n","protected":false},"author":1969,"featured_media":0,"comment_status":"closed","ping_status":"closed","sticky":false,"template":"","format":"standard","meta":{"fifu_image_url":"","fifu_image_alt":"","footnotes":""},"categories":[82,78],"tags":[],"class_list":["post-118381","post","type-post","status-publish","format-standard","hentry","category-cameroun","category-economie"],"_links":{"self":[{"href":"https:\/\/linitiative.ca\/International\/wp-json\/wp\/v2\/posts\/118381","targetHints":{"allow":["GET"]}}],"collection":[{"href":"https:\/\/linitiative.ca\/International\/wp-json\/wp\/v2\/posts"}],"about":[{"href":"https:\/\/linitiative.ca\/International\/wp-json\/wp\/v2\/types\/post"}],"author":[{"embeddable":true,"href":"https:\/\/linitiative.ca\/International\/wp-json\/wp\/v2\/users\/1969"}],"replies":[{"embeddable":true,"href":"https:\/\/linitiative.ca\/International\/wp-json\/wp\/v2\/comments?post=118381"}],"version-history":[{"count":0,"href":"https:\/\/linitiative.ca\/International\/wp-json\/wp\/v2\/posts\/118381\/revisions"}],"wp:attachment":[{"href":"https:\/\/linitiative.ca\/International\/wp-json\/wp\/v2\/media?parent=118381"}],"wp:term":[{"taxonomy":"category","embeddable":true,"href":"https:\/\/linitiative.ca\/International\/wp-json\/wp\/v2\/categories?post=118381"},{"taxonomy":"post_tag","embeddable":true,"href":"https:\/\/linitiative.ca\/International\/wp-json\/wp\/v2\/tags?post=118381"}],"curies":[{"name":"wp","href":"https:\/\/api.w.org\/{rel}","templated":true}]}}