{"id":118383,"date":"2021-06-10T11:15:15","date_gmt":"2021-06-10T15:15:15","guid":{"rendered":"https:\/\/linitiative.ca\/International\/session-parlementaire-de-juin-2021-4-projets-de-loi-sur-la-table-des-deputes\/"},"modified":"2021-06-10T11:15:15","modified_gmt":"2021-06-10T15:15:15","slug":"session-parlementaire-de-juin-2021-4-projets-de-loi-sur-la-table-des-deputes","status":"publish","type":"post","link":"https:\/\/linitiative.ca\/International\/session-parlementaire-de-juin-2021-4-projets-de-loi-sur-la-table-des-deputes\/","title":{"rendered":"Session parlementaire de juin 2021 : 4 projets de loi sur la table des d\u00e9put\u00e9s"},"content":{"rendered":"<p>L\u2019Accord d\u2019\u00e9tape vers un partenariat \u00e9conomique bilat\u00e9ral\u00a0\u00a0entre le Cameroun et le Royaume Uni de Grande Bretagne et d\u2019Irlande du Nord est en \u00e9tude \u00e0 l\u2019Assembl\u00e9e nationale. Le texte a \u00e9t\u00e9 d\u00e9pos\u00e9 par le gouvernement ce jeudi 10 juin 2021.\u00a0\u00a0Il s\u2019agit d\u2019un projet de loi comprenant des \u00e9l\u00e9ments sur \u00ab le\u00a0cadre des affaires, la coop\u00e9ration pour le financement du d\u00e9veloppement, la coop\u00e9ration en mati\u00e8re fiscale, les r\u00e8gles d\u2019origine, l\u2019appui \u00e0 la mise en \u0153uvre des r\u00e8gles li\u00e9es au commerce, les droits de douane sur les produits originaires du Cameroun , les subventions \u00e0 l\u2019exportation de produits agricoles, les mesures antidumping et compensatoires, , le renforcement des capacit\u00e9s et l\u2019assistance technique, la pr\u00e9vention et le r\u00e8glement des diff\u00e9rends\u00a0\u00bb.<em>\u00a0<\/em>\u00a0<\/p>\n<p>Ledit Accord avait \u00e9t\u00e9 sign\u00e9 le 9 mars 2021 et selon le minist\u00e8re de l\u2019Economie, de la planification et de l\u2019am\u00e9nagement du territoire (Minepat) il \u00ab\u00a0permet aux produits camerounais d\u2019acc\u00e9der \u00e0 des taux pr\u00e9f\u00e9rentiels au march\u00e9 britannique, en franchise de droits de douane et sans contingentement, \u00e0 l\u2019image de l\u2019Accord de partenariat \u00e9conomique en vigueur avec l\u2019Union Europ\u00e9enne\u00a0\u00bb.<em>\u00a0<\/em>Ce texte est d\u00e9pos\u00e9 alors qu\u2019au cours de la session du mois de Mars 2021, le projet de loi portant ratification de l\u2019Ordonnance du 19 janvier 2021 portant prorogation \u00e0 l\u2019\u00e9gard du Royaume-Uni de Grande Bretagne et d\u2019Irlande du Nord, des effets de l\u2019Accord de partenariat \u00e9conomique Cameroun-Union Europ\u00e9enne avait \u00e9t\u00e9 adopt\u00e9. Un pr\u00e9alable n\u00e9cessaire au d\u00e9p\u00f4t du texte relatif \u00e0 l\u2019Accord d\u2019Etape.<\/p>\n<p><strong>Loi de Finances rectificative<\/strong><\/p>\n<p>L\u2019ordonnance du 26 mai du pr\u00e9sident de la R\u00e9publique a \u00e9galement \u00e9t\u00e9 d\u00e9pos\u00e9e \u00e0 l\u2019Assembl\u00e9e nationale ce jour. Ledit texte permettait un nouvel endettement du Cameroun. Il visait le rel\u00e8vement du plafond\u00a0\u00a0des emprunts non concessionnels du Budget de l\u2019Etat de 300 milliards de F Cfa \u00e0 750 milliards de F Cfa. Il autorisait en outre le gouvernement \u00e0\u00a0\u00a0recourir \u00e0 un endettement au\u00a0\u00a0niveau international\u00a0\u00a0de l\u2019ordre de\u00a0\u00a0450 milliards de F Cfa. Le minist\u00e8re des Finances justifie la prise de cette ordonnance par la gestion de possibles tensions sur les finances publiques, l\u2019ach\u00e8vement de grands projets structurants de premi\u00e8re g\u00e9n\u00e9ration,\u00a0\u00a0le financement de certains projets contenus dans\u00a0\u00a0la Strat\u00e9gie nationale de d\u00e9veloppement 2020-2030.<\/p>\n<p><strong>Relations avec la Suisse<\/strong><\/p>\n<p>Le troisi\u00e8me projet de loi d\u00e9pos\u00e9\u00a0\u00a0\u00e0 l\u2019Assembl\u00e9e nationale est une autorisation de ratification. Ledit texte autorise le pr\u00e9sident de la R\u00e9publique \u00e0 ratifier l\u2019Accord de coop\u00e9ration entre le Cameroun et la R\u00e9publique f\u00e9d\u00e9rale Suisse, relatif \u00e0 la suppression r\u00e9ciproque de l\u2019obligation de visa pour les d\u00e9tenteurs de passeports diplomatiques ou de service. Concr\u00e8tement, ledit accord supprime les demandes de visa de ces deux cat\u00e9gories de personnes et les membres de leur famille. Ce texte est d\u00e9pos\u00e9 alors que l\u2019exemption de visa est toutefois d\u00e9j\u00e0 entr\u00e9e en vigueur au Cameroun.<\/p>\n<p><strong>Ressources g\u00e9n\u00e9tiques<\/strong><\/p>\n<p>Les parlementaires vont \u00e9galement examiner le projet de loi r\u00e9gissant l\u2019acc\u00e8s aux ressources g\u00e9n\u00e9tiques, \u00e0 leurs d\u00e9riv\u00e9es, aux connaissances traditionnelles associ\u00e9es et le partage juste et \u00e9quitable des avantages issus de leur utilisation. Il s\u2019agit pr\u00e9cis\u00e9ment, dans le domaine de l\u2019environnement,\u00a0\u00ab\u00a0des mat\u00e9riels d\u2019origine v\u00e9g\u00e9tale, animale,\u00a0\u00a0microbienne ou\u00a0autres contenant des unit\u00e9s fonctionnelles de l\u2019h\u00e9r\u00e9dit\u00e9\u00a0\u00bb\u00a0\u00a0et qui sont utiles directement ou indirectement pour l\u2019Homme. Ce projet de loi fixe d\u00e8s lors le cadre de \u00ab\u00a0l\u2019acc\u00e8s aux ressources g\u00e9n\u00e9tiques, l\u2019acc\u00e8s aux connaissances traditionnelles associ\u00e9es y compris celles relatives d\u00e9tenues par des particuliers ou des populations autochtones ou communaut\u00e9s locales, le transfert des ressources g\u00e9n\u00e9tiques, des connaissances traditionnelles\u00a0\u00a0associ\u00e9es, des r\u00e9sultats de recherche au tiers \u00e0 des fins de d\u00e9veloppement ou commerciales, l\u2019obtention des doits de propri\u00e9t\u00e9s intellectuelle sur l\u2019utilisation des ressources g\u00e9n\u00e9tiques\u2026 la coop\u00e9ration internationale et les aspects transfrontaliers relatifs aux ressources g\u00e9n\u00e9tiques\u2026la conservation des ressources g\u00e9n\u00e9tiques\u2026\u00a0\u00bb<\/p>\n<p>Ce texte est d\u00e9pos\u00e9 \u00e0 l\u2019Assembl\u00e9e nationale 5 ans apr\u00e8s l\u2019adh\u00e9sion du Cameroun au Protocole de Nagoya. Un Accord qui compl\u00e8te les dispositions de la Convention sur la biodiversit\u00e9 (CDB).<\/p>\n<p><strong>Ben Christy Moudio<\/strong><\/p>\n<p>Auteur: EcoMatin<br \/>\n<a href=\"https:\/\/ecomatin.net\/parlementt-4-projetss-de-loi-sur-la-table-des-deputes\/\">Cliquez ici pour lire l&rsquo;article depuis sa source.<\/a><\/p>\n","protected":false},"excerpt":{"rendered":"<p>L\u2019Accord d\u2019\u00e9tape vers un partenariat \u00e9conomique bilat\u00e9ral\u00a0\u00a0entre le Cameroun et le Royaume Uni de Grande Bretagne et d\u2019Irlande du Nord est en \u00e9tude \u00e0 l\u2019Assembl\u00e9e nationale. Le texte a \u00e9t\u00e9 d\u00e9pos\u00e9 par le gouvernement ce jeudi 10 juin 2021.\u00a0\u00a0Il s\u2019agit d\u2019un projet de loi comprenant des \u00e9l\u00e9ments sur \u00ab le\u00a0cadre des affaires, la coop\u00e9ration pour [&hellip;]<\/p>\n","protected":false},"author":1969,"featured_media":0,"comment_status":"closed","ping_status":"closed","sticky":false,"template":"","format":"standard","meta":{"fifu_image_url":"","fifu_image_alt":"","footnotes":""},"categories":[82,78],"tags":[],"class_list":["post-118383","post","type-post","status-publish","format-standard","hentry","category-cameroun","category-economie"],"_links":{"self":[{"href":"https:\/\/linitiative.ca\/International\/wp-json\/wp\/v2\/posts\/118383","targetHints":{"allow":["GET"]}}],"collection":[{"href":"https:\/\/linitiative.ca\/International\/wp-json\/wp\/v2\/posts"}],"about":[{"href":"https:\/\/linitiative.ca\/International\/wp-json\/wp\/v2\/types\/post"}],"author":[{"embeddable":true,"href":"https:\/\/linitiative.ca\/International\/wp-json\/wp\/v2\/users\/1969"}],"replies":[{"embeddable":true,"href":"https:\/\/linitiative.ca\/International\/wp-json\/wp\/v2\/comments?post=118383"}],"version-history":[{"count":0,"href":"https:\/\/linitiative.ca\/International\/wp-json\/wp\/v2\/posts\/118383\/revisions"}],"wp:attachment":[{"href":"https:\/\/linitiative.ca\/International\/wp-json\/wp\/v2\/media?parent=118383"}],"wp:term":[{"taxonomy":"category","embeddable":true,"href":"https:\/\/linitiative.ca\/International\/wp-json\/wp\/v2\/categories?post=118383"},{"taxonomy":"post_tag","embeddable":true,"href":"https:\/\/linitiative.ca\/International\/wp-json\/wp\/v2\/tags?post=118383"}],"curies":[{"name":"wp","href":"https:\/\/api.w.org\/{rel}","templated":true}]}}