{"id":118388,"date":"2021-06-11T10:23:12","date_gmt":"2021-06-11T14:23:12","guid":{"rendered":"https:\/\/linitiative.ca\/International\/hydrogene-vert-le-cluster-h2-lance-son-site-internet\/"},"modified":"2021-06-11T10:23:12","modified_gmt":"2021-06-11T14:23:12","slug":"hydrogene-vert-le-cluster-h2-lance-son-site-internet","status":"publish","type":"post","link":"https:\/\/linitiative.ca\/International\/hydrogene-vert-le-cluster-h2-lance-son-site-internet\/","title":{"rendered":"Hydrog\u00e8ne vert\u00a0: Le Cluster H2 lance son site internet"},"content":{"rendered":"<header>\n<\/header>\n<div class=\"entry-content clearfix\" readability=\"52.495923913043\">\n<figure class=\"post-thumbnail\" itemprop=\"associatedMedia\" itemscope=\"itemscope\" itemtype=\"http:\/\/schema.org\/ImageObject\"><img decoding=\"async\" class=\"post_layout_5_img\" src=\"http:\/\/aujourdhui.ma\/wp-content\/uploads\/2021\/06\/Hydrogene-vert-Le-Cluster-H2-lance-son-site-internet.jpg\" alt=\"Hydrog\u00e8ne vert\u00a0: Le Cluster H2 lance son site internet\"\/><\/figure>\n<p><span class=\"c7\"><strong>Apr\u00e8s la constitution de son bureau ex\u00e9cutif en avril dernier, le Cluster H2 a mis en place son site internet (<a class=\"c6\" href=\"http:\/\/www.greenh2.ma\">www.greenh2.ma<\/a>).<\/strong><\/span><span id=\"more-378928\"\/><\/p>\n<p>La plateforme GreenH2 pr\u00e9sente les activit\u00e9s, le bureau et les comit\u00e9s du cluster et offre un \u00e9clairage sur l\u2019actualit\u00e9, les missions et les perspectives du secteur. Le site inclut \u00e9galement des rapports et des \u00e9tudes sur cette fili\u00e8re \u00e0 fort potentiel. \u00ab\u00a0Consid\u00e9r\u00e9 comme le noyau de l\u2019\u00e9cosyst\u00e8me hydrog\u00e8ne au Maroc, le cluster, d\u00e9di\u00e9 \u00e0 la recherche appliqu\u00e9e et l\u2019innovation industrielle, s\u2019adresse \u00e0 tous les acteurs (publics et priv\u00e9s) nationaux et internationaux op\u00e9rant dans le secteur de l\u2019hydrog\u00e8ne vert et des technologies propres\u00a0\u00bb, explique les responsables de ce projet dans un communiqu\u00e9, ajoutant que le Cluster GreenH2 a \u00e9t\u00e9 cr\u00e9\u00e9 afin de promouvoir la fili\u00e8re hydrog\u00e8ne au Maroc \u00e0 travers notamment le \u00ab\u00a0renforcement de capacit\u00e9s et l\u2019accompagnement et la coordination de projets collaboratifs innovants dans le domaine de l\u2019hydrog\u00e8ne vert au Royaume et \u00e0 l\u2019\u00e9tranger, en vue d\u2019encourager l\u2019innovation et de contribuer \u00e0 l\u2019\u00e9mergence d\u2019une fili\u00e8re Hydrog\u00e8ne industrielle\u00a0 comp\u00e9titive\u00a0\u00bb.<\/p>\n<p>Notons que ce Cluster, premier de son genre en Afrique, permettra de f\u00e9d\u00e9rer l\u2019\u00e9cosyst\u00e8me national autour d\u2019objectifs communs pour construire conjointement un environnement favorable afin de d\u00e9velopper une fili\u00e8re industrielle verte \u00e0 forte valeur ajout\u00e9e.<\/p>\n<\/div>\n<p>Auteur: ALM<br \/>\n<a href=\"https:\/\/aujourdhui.ma\/actualite\/hydrogene-vert-le-cluster-h2-lance-son-site-internet\">Cliquez ici pour lire l&rsquo;article depuis sa source.<\/a><\/p>\n","protected":false},"excerpt":{"rendered":"<p>Apr\u00e8s la constitution de son bureau ex\u00e9cutif en avril dernier, le Cluster H2 a mis en place son site internet (www.greenh2.ma). La plateforme GreenH2 pr\u00e9sente les activit\u00e9s, le bureau et les comit\u00e9s du cluster et offre un \u00e9clairage sur l\u2019actualit\u00e9, les missions et les perspectives du secteur. Le site inclut \u00e9galement des rapports et des [&hellip;]<\/p>\n","protected":false},"author":1759,"featured_media":0,"comment_status":"closed","ping_status":"closed","sticky":false,"template":"","format":"standard","meta":{"fifu_image_url":"http:\/\/aujourdhui.ma\/wp-content\/uploads\/2021\/06\/Hydrogene-vert-Le-Cluster-H2-lance-son-site-internet.jpg","fifu_image_alt":"Hydrog\u00e8ne vert\u00a0: Le Cluster H2 lance son site internet","footnotes":""},"categories":[73,54],"tags":[],"class_list":["post-118388","post","type-post","status-publish","format-standard","hentry","category-actualite","category-maroc"],"_links":{"self":[{"href":"https:\/\/linitiative.ca\/International\/wp-json\/wp\/v2\/posts\/118388","targetHints":{"allow":["GET"]}}],"collection":[{"href":"https:\/\/linitiative.ca\/International\/wp-json\/wp\/v2\/posts"}],"about":[{"href":"https:\/\/linitiative.ca\/International\/wp-json\/wp\/v2\/types\/post"}],"author":[{"embeddable":true,"href":"https:\/\/linitiative.ca\/International\/wp-json\/wp\/v2\/users\/1759"}],"replies":[{"embeddable":true,"href":"https:\/\/linitiative.ca\/International\/wp-json\/wp\/v2\/comments?post=118388"}],"version-history":[{"count":0,"href":"https:\/\/linitiative.ca\/International\/wp-json\/wp\/v2\/posts\/118388\/revisions"}],"wp:attachment":[{"href":"https:\/\/linitiative.ca\/International\/wp-json\/wp\/v2\/media?parent=118388"}],"wp:term":[{"taxonomy":"category","embeddable":true,"href":"https:\/\/linitiative.ca\/International\/wp-json\/wp\/v2\/categories?post=118388"},{"taxonomy":"post_tag","embeddable":true,"href":"https:\/\/linitiative.ca\/International\/wp-json\/wp\/v2\/tags?post=118388"}],"curies":[{"name":"wp","href":"https:\/\/api.w.org\/{rel}","templated":true}]}}