{"id":118391,"date":"2021-06-10T14:00:00","date_gmt":"2021-06-10T18:00:00","guid":{"rendered":"https:\/\/linitiative.ca\/International\/la-souverainete-et-la-stabilite-sont-primordiales-pour-le-maroc-et-la-hongrie\/"},"modified":"2021-06-10T14:00:00","modified_gmt":"2021-06-10T18:00:00","slug":"la-souverainete-et-la-stabilite-sont-primordiales-pour-le-maroc-et-la-hongrie","status":"publish","type":"post","link":"https:\/\/linitiative.ca\/International\/la-souverainete-et-la-stabilite-sont-primordiales-pour-le-maroc-et-la-hongrie\/","title":{"rendered":"La souverainet\u00e9 et la stabilit\u00e9 sont \u00ab primordiales \u00bb pour le Maroc et la Hongrie"},"content":{"rendered":"<p class=\"has-text-align-center has-vivid-red-color has-text-color\"><strong>Le ministre hongrois des AE<\/strong><\/p>\n<p><strong>L\u2019amiti\u00e9 \u00e9troite et l\u2019alliance forte entre le Maroc et la Hongrie puisent leurs forces dans la similitude et l\u2019homog\u00e9n\u00e9it\u00e9 entre les deux pays, a affirm\u00e9, mercredi \u00e0 Rabat, le ministre hongrois des Affaires \u00e9trang\u00e8res et du Commerce, Peter Szijjarto, pr\u00e9cisant que la souverainet\u00e9 et la stabilit\u00e9 demeurent, \u00e0 l\u2019heure actuelle et \u00e0 l\u2019avenir, primordiales pour les deux pays.<\/strong><\/p>\n<p>\u00ab\u00a0Dans plusieurs domaines, il y a une homog\u00e9n\u00e9it\u00e9 entre le Maroc et la Hongrie, ce qui a donn\u00e9 lieu \u00e0 une amiti\u00e9 \u00e9troite et \u00e0 une alliance forte entre les deux Etats\u00a0\u00bb, a indiqu\u00e9 M. Szijjarto, en visite officielle au Maroc, lors d\u2019une conf\u00e9rence de presse \u00e0 l\u2019issue de ses entretiens avec le ministre des Affaires \u00e9trang\u00e8res, de la Coop\u00e9ration africaine et des Marocains R\u00e9sidant \u00e0 l\u2019\u00c9tranger, M. Nasser Bourita, mettant en avant l\u2019histoire ancestrale ainsi que les traditions dont le Royaume et la R\u00e9publique de Hongrie sont fiers<\/p>\n<p>Le chef de la diplomatie hongroise a aussi mis l\u2019accent sur la n\u00e9cessit\u00e9 de renforcer la coop\u00e9ration et le partenariat entre l\u2019Afrique et l\u2019Union Europ\u00e9enne, en ce temps de pand\u00e9mie, qui a eu des r\u00e9percussions sanitaires, \u00e9conomiques et s\u00e9curitaires.<\/p>\n<p>Ce partenariat, a-t-il soulign\u00e9, ne peut pas aboutir si la relation entre les deux parties n\u2019est pas bas\u00e9e sur l\u2019\u00e9change, le respect mutuel et l\u2019\u00e9galit\u00e9.<\/p>\n<p>Dans ce sens, il a estim\u00e9 que si la stabilit\u00e9 et la paix sont renforc\u00e9es en Afrique du nord, cela aura sans nul doute des incidences positives sur la s\u00e9curit\u00e9 de l\u2019UE.<\/p>\n<p>Dans le m\u00eame contexte, le ministre hongrois a fait part de son soutien \u00e0 la candidature du Maroc au Conseil de s\u00e9curit\u00e9, de m\u00eame qu\u2019il a fait \u00e9tat de l\u2019augmentation de 100 \u00e0 165 du nombre de bourses accord\u00e9es aux \u00e9tudiants marocains pour poursuivre leurs \u00e9tudes dans les universit\u00e9s hongroises.<\/p>\n<p>Il a aussi tenu \u00e0 saluer hautement le bon d\u00e9roulement de la campagne nationale de vaccination au Maroc, \u00ab\u00a0la plus r\u00e9ussie en Afrique\u00a0\u00bb.<\/p>\n<p>Auteur: M&rsquo;hammed rahal<br \/>\n<a href=\"http:\/\/albayane.press.ma\/la-souverainete-et-la-stabilite-sont-primordiales-pour-le-maroc-et-la-hongrie.html\">Cliquez ici pour lire l&rsquo;article depuis sa source.<\/a><\/p>\n","protected":false},"excerpt":{"rendered":"<p>Le ministre hongrois des AE L\u2019amiti\u00e9 \u00e9troite et l\u2019alliance forte entre le Maroc et la Hongrie puisent leurs forces dans la similitude et l\u2019homog\u00e9n\u00e9it\u00e9 entre les deux pays, a affirm\u00e9, mercredi \u00e0 Rabat, le ministre hongrois des Affaires \u00e9trang\u00e8res et du Commerce, Peter Szijjarto, pr\u00e9cisant que la souverainet\u00e9 et la stabilit\u00e9 demeurent, \u00e0 l\u2019heure actuelle [&hellip;]<\/p>\n","protected":false},"author":1760,"featured_media":0,"comment_status":"closed","ping_status":"closed","sticky":false,"template":"","format":"standard","meta":{"fifu_image_url":"","fifu_image_alt":"","footnotes":""},"categories":[73,54],"tags":[],"class_list":["post-118391","post","type-post","status-publish","format-standard","hentry","category-actualite","category-maroc"],"_links":{"self":[{"href":"https:\/\/linitiative.ca\/International\/wp-json\/wp\/v2\/posts\/118391","targetHints":{"allow":["GET"]}}],"collection":[{"href":"https:\/\/linitiative.ca\/International\/wp-json\/wp\/v2\/posts"}],"about":[{"href":"https:\/\/linitiative.ca\/International\/wp-json\/wp\/v2\/types\/post"}],"author":[{"embeddable":true,"href":"https:\/\/linitiative.ca\/International\/wp-json\/wp\/v2\/users\/1760"}],"replies":[{"embeddable":true,"href":"https:\/\/linitiative.ca\/International\/wp-json\/wp\/v2\/comments?post=118391"}],"version-history":[{"count":0,"href":"https:\/\/linitiative.ca\/International\/wp-json\/wp\/v2\/posts\/118391\/revisions"}],"wp:attachment":[{"href":"https:\/\/linitiative.ca\/International\/wp-json\/wp\/v2\/media?parent=118391"}],"wp:term":[{"taxonomy":"category","embeddable":true,"href":"https:\/\/linitiative.ca\/International\/wp-json\/wp\/v2\/categories?post=118391"},{"taxonomy":"post_tag","embeddable":true,"href":"https:\/\/linitiative.ca\/International\/wp-json\/wp\/v2\/tags?post=118391"}],"curies":[{"name":"wp","href":"https:\/\/api.w.org\/{rel}","templated":true}]}}