{"id":118392,"date":"2021-06-10T14:00:00","date_gmt":"2021-06-10T18:00:00","guid":{"rendered":"https:\/\/linitiative.ca\/International\/le-maroc-un-acteur-cle-pour-la-paix-et-la-securite-au-maghreb-et-en-afrique\/"},"modified":"2021-06-10T14:00:00","modified_gmt":"2021-06-10T18:00:00","slug":"le-maroc-un-acteur-cle-pour-la-paix-et-la-securite-au-maghreb-et-en-afrique","status":"publish","type":"post","link":"https:\/\/linitiative.ca\/International\/le-maroc-un-acteur-cle-pour-la-paix-et-la-securite-au-maghreb-et-en-afrique\/","title":{"rendered":"Le Maroc, un acteur cl\u00e9 pour la paix et la s\u00e9curit\u00e9 au Maghreb et en Afrique"},"content":{"rendered":"<p class=\"has-text-align-center has-vivid-red-color has-text-color\"><strong>Partenariat Maroc-Etats-Unis<\/strong><\/p>\n<p><strong>Le Maroc est un acteur cl\u00e9 pour la paix et la s\u00e9curit\u00e9 aussi bien au Maghreb qu\u2019en Afrique, a affirm\u00e9, mercredi \u00e0 Rabat, le g\u00e9n\u00e9ral de division Michael J. Turley de la Garde nationale de l\u2019Etat am\u00e9ricain de l\u2019Utah.<\/strong><\/p>\n<p>Dans une interview exclusive \u00e0 M24, la cha\u00eene d\u2019information en continu de l\u2019Agence marocaine de Presse (MAP), le g\u00e9n\u00e9ral Turley a indiqu\u00e9 que le Maroc et ses Forces Arm\u00e9es Royales sont des acteurs majeurs qui agissent pour la paix et la s\u00e9curit\u00e9 aussi bien au Maghreb qu\u2019\u00e0 travers l\u2019ensemble du continent africain.<\/p>\n<p>\u00ab\u00a0Je suis profond\u00e9ment convaincu que le Maroc joue un r\u00f4le leader \u00e0 la fois au niveau du Maghreb qu\u2019\u00e0 l\u2019\u00e9chelle de l\u2019Afrique. Je vois le Royaume comme un pourvoyeur de paix et de s\u00e9curit\u00e9 non seulement au Maghreb et dans la r\u00e9gion mais dans l\u2019ensemble du continent africain\u00a0\u00bb, a-t-il insist\u00e9.<\/p>\n<p>Le g\u00e9n\u00e9ral Turley a en outre soulign\u00e9 l\u2019exemplarit\u00e9 du partenariat liant la Garde nationale de l\u2019Utah et les Forces Arm\u00e9es Royales depuis 2003, relevant que ce partenariat repr\u00e9sente un mod\u00e8le au niveau du continent africain.<\/p>\n<p>Cette coop\u00e9ration a certes d\u00e9marr\u00e9 doucement, mais \u00ab\u00a0avant la pand\u00e9mie de Covid, nous r\u00e9alisons environ 35 engagements par an\u00a0\u00bb, a-t-il fait observer, assurant \u00e0 ce propos qu\u2019il existe une interaction tr\u00e8s forte et active entre les deux parties dans le cadre de ce partenariat mutuellement b\u00e9n\u00e9fique.<\/p>\n<p>\u00ab\u00a0Nous apprenons beaucoup de nos partenaires marocains et esp\u00e9rons que nous apportons aussi une certaine contribution aux Forces arm\u00e9es Royales marocaines\u00a0\u00bb, a-t-il encha\u00een\u00e9.<\/p>\n<p>Il a par la suite affirm\u00e9 que l\u2019African Lion, le plus grand exercice militaire annuel sur le continent africain, qui se tient actuellement et auquel participe r\u00e9guli\u00e8rement le Maroc, rev\u00eat une importance consid\u00e9rable pour les \u00c9tats-Unis, notant que ces man\u0153uvres militaires d\u2019envergure, qui rev\u00eatent aussi une importance significative pour le Royaume, illustrent le leadership du Maroc au Maghreb, mais aussi sur l\u2019ensemble du continent.<\/p>\n<p>\u00ab\u00a0Cet exercice rassemble d\u2019autres acteurs de diff\u00e9rents pays africains et leur offre l\u2019occasion de tirer parti de l\u2019exp\u00e9rience du Maroc\u00a0\u00bb, a-t-il dit, soulignant que les Etats-unis \u00ab\u00a0consid\u00e8rent le Maroc comme pourvoyeur de paix et de s\u00e9curit\u00e9 dans toute la r\u00e9gion. Il s\u2019agit donc d\u2019un exercice tr\u00e8s b\u00e9n\u00e9fique\u00a0\u00bb.<\/p>\n<p>Le g\u00e9n\u00e9ral Turley a, d\u2019autre part, mis en relief la densit\u00e9 et la solidit\u00e9 des relations d\u2019amiti\u00e9 et de coop\u00e9ration s\u00e9culaires liant le Maroc et les Etats-Unis, faisant remarquer que ces \u00ab\u00a0relations sont encore plus fortes et consistantes qu\u2019elles ne l\u2019ont jamais \u00e9t\u00e9 auparavant\u00a0\u00bb. \u00ab\u00a0Nous nous r\u00e9jouissons de poursuivre sur cet \u00e9lan dans le futur et sur cette lanc\u00e9e b\u00e9n\u00e9fique aussi bien pour les \u00c9tats-Unis que pour le Royaume du Maroc\u00a0\u00bb, a-t-il conclu.<\/p>\n<p>Auteur: M&rsquo;hammed rahal<br \/>\n<a href=\"http:\/\/albayane.press.ma\/le-maroc-un-acteur-cle-pour-la-paix-et-la-securite-au-maghreb-et-en-afrique.html\">Cliquez ici pour lire l&rsquo;article depuis sa source.<\/a><\/p>\n","protected":false},"excerpt":{"rendered":"<p>Partenariat Maroc-Etats-Unis Le Maroc est un acteur cl\u00e9 pour la paix et la s\u00e9curit\u00e9 aussi bien au Maghreb qu\u2019en Afrique, a affirm\u00e9, mercredi \u00e0 Rabat, le g\u00e9n\u00e9ral de division Michael J. Turley de la Garde nationale de l\u2019Etat am\u00e9ricain de l\u2019Utah. Dans une interview exclusive \u00e0 M24, la cha\u00eene d\u2019information en continu de l\u2019Agence marocaine [&hellip;]<\/p>\n","protected":false},"author":1760,"featured_media":0,"comment_status":"closed","ping_status":"closed","sticky":false,"template":"","format":"standard","meta":{"fifu_image_url":"","fifu_image_alt":"","footnotes":""},"categories":[73,54],"tags":[],"class_list":["post-118392","post","type-post","status-publish","format-standard","hentry","category-actualite","category-maroc"],"_links":{"self":[{"href":"https:\/\/linitiative.ca\/International\/wp-json\/wp\/v2\/posts\/118392","targetHints":{"allow":["GET"]}}],"collection":[{"href":"https:\/\/linitiative.ca\/International\/wp-json\/wp\/v2\/posts"}],"about":[{"href":"https:\/\/linitiative.ca\/International\/wp-json\/wp\/v2\/types\/post"}],"author":[{"embeddable":true,"href":"https:\/\/linitiative.ca\/International\/wp-json\/wp\/v2\/users\/1760"}],"replies":[{"embeddable":true,"href":"https:\/\/linitiative.ca\/International\/wp-json\/wp\/v2\/comments?post=118392"}],"version-history":[{"count":0,"href":"https:\/\/linitiative.ca\/International\/wp-json\/wp\/v2\/posts\/118392\/revisions"}],"wp:attachment":[{"href":"https:\/\/linitiative.ca\/International\/wp-json\/wp\/v2\/media?parent=118392"}],"wp:term":[{"taxonomy":"category","embeddable":true,"href":"https:\/\/linitiative.ca\/International\/wp-json\/wp\/v2\/categories?post=118392"},{"taxonomy":"post_tag","embeddable":true,"href":"https:\/\/linitiative.ca\/International\/wp-json\/wp\/v2\/tags?post=118392"}],"curies":[{"name":"wp","href":"https:\/\/api.w.org\/{rel}","templated":true}]}}