{"id":118393,"date":"2021-06-10T14:00:00","date_gmt":"2021-06-10T18:00:00","guid":{"rendered":"https:\/\/linitiative.ca\/International\/les-relations-bilaterales-sont-encore-plus-fortes-et-consistantes-quelles-ne-lont-jamais-ete-auparavant\/"},"modified":"2021-06-10T14:00:00","modified_gmt":"2021-06-10T18:00:00","slug":"les-relations-bilaterales-sont-encore-plus-fortes-et-consistantes-quelles-ne-lont-jamais-ete-auparavant","status":"publish","type":"post","link":"https:\/\/linitiative.ca\/International\/les-relations-bilaterales-sont-encore-plus-fortes-et-consistantes-quelles-ne-lont-jamais-ete-auparavant\/","title":{"rendered":"\u00abLes relations bilat\u00e9rales sont encore plus fortes et consistantes qu\u2019elles ne l\u2019ont jamais \u00e9t\u00e9 auparavant\u00bb"},"content":{"rendered":"<p class=\"has-text-align-center has-vivid-cyan-blue-color has-text-color\"><strong>G\u00e9n\u00e9ral de division Michael J. Turley\u00a0<\/strong><\/p>\n<p class=\"has-text-align-right\"><strong>Propos recueillis par Safae AGHOUTANE- MAP<\/strong><\/p>\n<p><strong>Le g\u00e9n\u00e9ral de division Michael J. Turley de la Garde nationale de l\u2019Etat am\u00e9ricain de l\u2019Utah a accord\u00e9 une interview exclusive \u00e0 M24, la cha\u00eene d\u2019information en continu de l\u2019agence marocaine de presse (MAP) dans laquelle il aborde les relations d\u2019amiti\u00e9 et de coop\u00e9ration fructueuses et mutuellement b\u00e9n\u00e9fiques liant le Maroc et les Etats-Unis ainsi que le r\u00f4le majeur que joue le Royaume en faveur de la paix et de la s\u00e9curit\u00e9 aussi bien au Maghreb que dans l\u2019ensemble de l\u2019Afrique.<\/strong><\/p>\n<p class=\"has-vivid-red-color has-text-color\"><strong>Le Maroc et les \u00c9tats-Unis c\u00e9l\u00e8brent deux si\u00e8cles d\u2019amiti\u00e9. Quel regard portez-vous sur cette longue histoire d\u2019amiti\u00e9 et sur les perspectives de coop\u00e9ration entre les deux alli\u00e9s ?<\/strong><\/p>\n<p>Je crois que les relations entre le Maroc et les Etats-Unis sont encore plus fortes et consistantes qu\u2019elles ne l\u2019ont jamais \u00e9t\u00e9 auparavant et nous nous r\u00e9jouissons de poursuivre sur cet \u00e9lan dans le futur et sur cette lanc\u00e9e b\u00e9n\u00e9fique aussi bien pour les \u00c9tats-Unis que pour le Royaume du Maroc.<\/p>\n<p class=\"has-vivid-red-color has-text-color\"><strong>La Biblioth\u00e8que nationale accueille aujourd\u2019hui une exposition itin\u00e9rante qui fera escale dans un premier temps \u00e0 Casablanca puis au D\u00e9partement d\u2019\u00c9tat \u00e0 Washington. Comment de tels \u00e9v\u00e9nements peuvent-ils consolider les liens s\u00e9culaires entre le Maroc et les \u00c9tats-Unis ?<\/strong><\/p>\n<p>De tels \u00e9v\u00e9nements sont importants en ce sens qu\u2019ils mettent en relief les valeurs partag\u00e9es entre les \u00c9tats-Unis et le Maroc et la profondeur et la solidit\u00e9 des relations d\u2019amiti\u00e9 et de coop\u00e9ration que les deux pays ont veill\u00e9 \u00e0 consolider et \u00e0 raffermir le long de deux si\u00e8cles.<\/p>\n<p class=\"has-vivid-red-color has-text-color\"><strong>Bient\u00f4t 18 ans de partenariat entre la Garde nationale de l\u2019Utah et les Forces Arm\u00e9es Royales. Comment ce partenariat a-t-il \u00e9volu\u00e9 depuis 2003 ? Et que peut-on faire pour le consolider davantage ?<\/strong><\/p>\n<p>Le partenariat entre la Garde nationale de l\u2019Utah et les Forces Arm\u00e9es Royales marocaines est extraordinaire. Il pr\u00e9sente assur\u00e9ment un mod\u00e8le au niveau du continent africain. Cette op\u00e9ration a certes a d\u00e9marr\u00e9 doucement, mais avant la pand\u00e9mie de Covid, nous r\u00e9alisions environ 35 engagements par an.<br \/>Il existe une interaction tr\u00e8s forte et active entre les deux parties dans le cadre de ce partenariat mutuellement b\u00e9n\u00e9fique. Nous apprenons beaucoup de nos partenaires marocains et esp\u00e9rons que nous apportons aussi une certaine contribution aux Forces Arm\u00e9es Royales marocaines. A nos yeux, le Maroc et les Forces Arm\u00e9es Royales sont des acteurs cl\u00e9s qui agissent pour la paix et la s\u00e9curit\u00e9 aussi bien au Maghreb qu\u2019\u00e0 travers l\u2019ensemble du continent africain.<\/p>\n<p class=\"has-vivid-red-color has-text-color\"><strong>La coop\u00e9ration s\u00e9curitaire entre le Maroc et les Etats-Unis a toujours \u00e9t\u00e9 exemplaire. Le Maroc est un acteur majeur pour la s\u00e9curit\u00e9, la paix et la stabilit\u00e9 dans sa zone g\u00e9ographique et en Afrique en g\u00e9n\u00e9ral. Quelle est votre \u00e9valuation du r\u00f4le du Maroc et quelles sont les perspectives de la coop\u00e9ration maroco-am\u00e9ricaine dans ce domaine ?<\/strong><\/p>\n<p>Je suis profond\u00e9ment convaincu que le Maroc joue un r\u00f4le leader \u00e0 la fois au niveau du Maghreb qu\u2019\u00e0 l\u2019\u00e9chelle du continent africain. Je vois le Maroc comme pourvoyeur de paix et de s\u00e9curit\u00e9 non seulement au Maghreb et dans la r\u00e9gion mais dans l\u2019ensemble du continent africain.<\/p>\n<p class=\"has-vivid-red-color has-text-color\"><strong>L\u2019exercice African Lion, qui se tient actuellement, est un exemple saillant de cette coop\u00e9ration en Afrique et tout au long de la zone atlantique. Que pouvez-vous nous dire sur l\u2019\u00e9tendue et les retomb\u00e9es de cette coop\u00e9ration en termes de d\u00e9veloppement en Afrique, tout en tenant compte des int\u00e9r\u00eats g\u00e9ostrat\u00e9giques de cette r\u00e9gion ?<\/strong><\/p>\n<p>African Lion est le plus grand exercice militaire annuel sur le continent africain et il rev\u00eat une importance consid\u00e9rable pour les \u00c9tats-Unis. Je pense qu\u2019il rev\u00eat aussi une importance significative pour le Maroc et illustre son leadership au Maghreb, mais aussi sur l\u2019ensemble du continent. Cet exercice d\u2019envergure rassemble d\u2019autres acteurs de diff\u00e9rents pays africains et leur offre l\u2019occasion de tirer parti de l\u2019exp\u00e9rience du Maroc. Nous consid\u00e9rons le Maroc comme pourvoyeur de paix et de s\u00e9curit\u00e9 dans toute la r\u00e9gion et c\u2019est donc un exercice tr\u00e8s b\u00e9n\u00e9fique.<\/p>\n<p>Auteur: M&rsquo;hammed rahal<br \/>\n<a href=\"http:\/\/albayane.press.ma\/les-relations-bilaterales-sont-encore-plus-fortes-et-consistantes-quelles-ne-lont-jamais-ete-auparavant.html\">Cliquez ici pour lire l&rsquo;article depuis sa source.<\/a><\/p>\n","protected":false},"excerpt":{"rendered":"<p>G\u00e9n\u00e9ral de division Michael J. Turley\u00a0 Propos recueillis par Safae AGHOUTANE- MAP Le g\u00e9n\u00e9ral de division Michael J. Turley de la Garde nationale de l\u2019Etat am\u00e9ricain de l\u2019Utah a accord\u00e9 une interview exclusive \u00e0 M24, la cha\u00eene d\u2019information en continu de l\u2019agence marocaine de presse (MAP) dans laquelle il aborde les relations d\u2019amiti\u00e9 et de [&hellip;]<\/p>\n","protected":false},"author":1760,"featured_media":0,"comment_status":"closed","ping_status":"closed","sticky":false,"template":"","format":"standard","meta":{"fifu_image_url":"","fifu_image_alt":"","footnotes":""},"categories":[73,54],"tags":[],"class_list":["post-118393","post","type-post","status-publish","format-standard","hentry","category-actualite","category-maroc"],"_links":{"self":[{"href":"https:\/\/linitiative.ca\/International\/wp-json\/wp\/v2\/posts\/118393","targetHints":{"allow":["GET"]}}],"collection":[{"href":"https:\/\/linitiative.ca\/International\/wp-json\/wp\/v2\/posts"}],"about":[{"href":"https:\/\/linitiative.ca\/International\/wp-json\/wp\/v2\/types\/post"}],"author":[{"embeddable":true,"href":"https:\/\/linitiative.ca\/International\/wp-json\/wp\/v2\/users\/1760"}],"replies":[{"embeddable":true,"href":"https:\/\/linitiative.ca\/International\/wp-json\/wp\/v2\/comments?post=118393"}],"version-history":[{"count":0,"href":"https:\/\/linitiative.ca\/International\/wp-json\/wp\/v2\/posts\/118393\/revisions"}],"wp:attachment":[{"href":"https:\/\/linitiative.ca\/International\/wp-json\/wp\/v2\/media?parent=118393"}],"wp:term":[{"taxonomy":"category","embeddable":true,"href":"https:\/\/linitiative.ca\/International\/wp-json\/wp\/v2\/categories?post=118393"},{"taxonomy":"post_tag","embeddable":true,"href":"https:\/\/linitiative.ca\/International\/wp-json\/wp\/v2\/tags?post=118393"}],"curies":[{"name":"wp","href":"https:\/\/api.w.org\/{rel}","templated":true}]}}