{"id":118395,"date":"2021-06-10T14:00:00","date_gmt":"2021-06-10T18:00:00","guid":{"rendered":"https:\/\/linitiative.ca\/International\/le-pps-solidaire-du-peuple-cubain-contre-le-maintien-de-lembargo-americain\/"},"modified":"2021-06-10T14:00:00","modified_gmt":"2021-06-10T18:00:00","slug":"le-pps-solidaire-du-peuple-cubain-contre-le-maintien-de-lembargo-americain","status":"publish","type":"post","link":"https:\/\/linitiative.ca\/International\/le-pps-solidaire-du-peuple-cubain-contre-le-maintien-de-lembargo-americain\/","title":{"rendered":"Le PPS solidaire du peuple cubain contre le maintien de l\u2019embargo am\u00e9ricain"},"content":{"rendered":"<p class=\"has-text-align-center has-vivid-cyan-blue-color has-text-color\"><strong>Message de Nabil Benabdallah \u00e0 l\u2019ambassadeur de La Havane \u00e0 Rabat<\/strong><\/p>\n<p><strong>Faisant suite \u00e0 une lettre de SE monsieur l\u2019Ambassadeur de la R\u00e9publique de Cuba au Maroc, en liaison avec les n\u00e9fastes impacts produits par l\u2019embargo am\u00e9ricain, impos\u00e9 depuis plus d\u2019un demi si\u00e8cle,\u00a0 le Secr\u00e9taire g\u00e9n\u00e9ral du Parti du Progr\u00e8s et du Socialisme a renouvel\u00e9 la solidarit\u00e9 et l\u2019engagement du Parti son engagement, avec la communaut\u00e9 internationale, pour la lev\u00e9e de l\u2019embargo impos\u00e9 \u00e0 Cuba.<\/strong><\/p>\n<p><strong>Voici la traduction de la r\u00e9ponse de Mohamed Nabil Benabdallah \u00e0 SE Javier Domoks Ruiz.<\/strong><\/p>\n<p><strong>A Son Excellence Javier DOMOKOS RUIZ<\/strong><\/p>\n<p><strong>Ambassadeur de Cuba au Maroc<\/strong><\/p>\n<p><strong>Objet\u00a0: Lettre de solidarit\u00e9 en r\u00e9ponse \u00e0 votre lettre du 03 juin 2021<\/strong><\/p>\n<p><strong>Excellence\u00a0;<\/strong><\/p>\n<p>Nous avons re\u00e7u, au Parti du Progr\u00e8s et du Socialisme, votre lettre du 03 juin 2021, par laquelle vous avez bien voulu faire la lumi\u00e8re sur la r\u00e9alit\u00e9 et les r\u00e9percussions du blocus injuste impos\u00e9, depuis pr\u00e8s de six d\u00e9cennies, par les Etats-Unis d\u2019Am\u00e9rique \u00e0 votre pays.<\/p>\n<p>Partant de son positionnement id\u00e9ologique et de sa ferme conviction\u00a0 dans les valeurs de la solidarit\u00e9 internationaliste, le Parti du progr\u00e8s et du socialisme saisit cette occasion pour vous demander de transmettre \u00e0 nos camarades du Parti communiste cubain ami notre solidarit\u00e9 avec votre peuple et notre soutien \u00e0 ses c\u00f4t\u00e9s dans l\u2019\u00e9preuve p\u00e9nible et multiforme, du fait des mesures injustes et incessantes, \u00e9manant de l\u2019Administration am\u00e9ricaine, entravant l\u2019ambition de Cuba de r\u00e9aliser son d\u00e9veloppement et son int\u00e9gration dans l\u2019\u00e9conomie mondiale et aggravant les souffrances du peuple cubain, tout\u00a0 particuli\u00e8rement au vu des graves r\u00e9percussions, \u00e0 tous les niveaux, de la pand\u00e9mie de la Covid.<\/p>\n<p>Nous exprimons \u00e9galement, \u00e0 travers vous, \u00e0 nos camarades du Parti communiste cubain, l\u2019adh\u00e9sion sinc\u00e8re du Parti du progr\u00e8s et du socialisme \u00e0 la volont\u00e9 longtemps exprim\u00e9e et qu\u2019exprimera encore la plupart des composantes de la communaut\u00e9 internationale, visant \u00e0 mettre fin aux pressions arbitraires, \u00e0 l\u2019embargo f\u00e9roce et \u00e0 la guerre \u00e9conomique, commerciale et financi\u00e8re, qui sont impos\u00e9s \u00e0 votre pays, et \u00e0 tout ce qui porte atteinte \u00e0 sa souverainet\u00e9 sur ses richesses, et ce en contradiction flagrante avec les objectifs et les principes des Nations Unies et avec le droit international et humanitaire.<\/p>\n<p>Dans le m\u00eame temps, le Parti du progr\u00e8s et du socialisme souhaite que vous transmettiez \u00e0 nos camarades du Parti communiste cubain, notre sinc\u00e8re invitation \u00e0 \u0153uvrer ensemble pour promouvoir les relations bilat\u00e9rales entre nos deux partis amis, en tant que contribution commune au service des causes de la paix, de la justice et du d\u00e9veloppement, au renforcement de la coop\u00e9ration entre nos deux pays, au triomphe de leurs int\u00e9r\u00eats sup\u00e9rieurs et des causes vitales de nos deux peuples, dont en premier lieu la lev\u00e9e de l\u2019embargo injuste contre votre pays, \u00a0la consolidation de l\u2019int\u00e9grit\u00e9 territoriale de notre pays et l\u2019affirmation de sa souverainet\u00e9 sur l\u2019ensemble de son territoire.<\/p>\n<p><strong>Le Secr\u00e9taire g\u00e9n\u00e9ral du PPS<\/strong><\/p>\n<p><strong>Mohammed Nabil Benabdallah<\/strong><\/p>\n<p>Auteur: M&rsquo;hammed rahal<br \/>\n<a href=\"http:\/\/albayane.press.ma\/le-pps-solidaire-du-peuple-cubain-contre-le-maintien-de-lembargo-americain.html\">Cliquez ici pour lire l&rsquo;article depuis sa source.<\/a><\/p>\n","protected":false},"excerpt":{"rendered":"<p>Message de Nabil Benabdallah \u00e0 l\u2019ambassadeur de La Havane \u00e0 Rabat Faisant suite \u00e0 une lettre de SE monsieur l\u2019Ambassadeur de la R\u00e9publique de Cuba au Maroc, en liaison avec les n\u00e9fastes impacts produits par l\u2019embargo am\u00e9ricain, impos\u00e9 depuis plus d\u2019un demi si\u00e8cle,\u00a0 le Secr\u00e9taire g\u00e9n\u00e9ral du Parti du Progr\u00e8s et du Socialisme a renouvel\u00e9 [&hellip;]<\/p>\n","protected":false},"author":1760,"featured_media":0,"comment_status":"closed","ping_status":"closed","sticky":false,"template":"","format":"standard","meta":{"fifu_image_url":"","fifu_image_alt":"","footnotes":""},"categories":[73,54],"tags":[],"class_list":["post-118395","post","type-post","status-publish","format-standard","hentry","category-actualite","category-maroc"],"_links":{"self":[{"href":"https:\/\/linitiative.ca\/International\/wp-json\/wp\/v2\/posts\/118395","targetHints":{"allow":["GET"]}}],"collection":[{"href":"https:\/\/linitiative.ca\/International\/wp-json\/wp\/v2\/posts"}],"about":[{"href":"https:\/\/linitiative.ca\/International\/wp-json\/wp\/v2\/types\/post"}],"author":[{"embeddable":true,"href":"https:\/\/linitiative.ca\/International\/wp-json\/wp\/v2\/users\/1760"}],"replies":[{"embeddable":true,"href":"https:\/\/linitiative.ca\/International\/wp-json\/wp\/v2\/comments?post=118395"}],"version-history":[{"count":0,"href":"https:\/\/linitiative.ca\/International\/wp-json\/wp\/v2\/posts\/118395\/revisions"}],"wp:attachment":[{"href":"https:\/\/linitiative.ca\/International\/wp-json\/wp\/v2\/media?parent=118395"}],"wp:term":[{"taxonomy":"category","embeddable":true,"href":"https:\/\/linitiative.ca\/International\/wp-json\/wp\/v2\/categories?post=118395"},{"taxonomy":"post_tag","embeddable":true,"href":"https:\/\/linitiative.ca\/International\/wp-json\/wp\/v2\/tags?post=118395"}],"curies":[{"name":"wp","href":"https:\/\/api.w.org\/{rel}","templated":true}]}}