{"id":118396,"date":"2021-06-11T05:35:05","date_gmt":"2021-06-11T09:35:05","guid":{"rendered":"https:\/\/linitiative.ca\/International\/maroc-et-algerie-lorsque-moncef-marzouki-nuit-aux-relations-de-bon-voisinage\/"},"modified":"2021-06-11T05:35:05","modified_gmt":"2021-06-11T09:35:05","slug":"maroc-et-algerie-lorsque-moncef-marzouki-nuit-aux-relations-de-bon-voisinage","status":"publish","type":"post","link":"https:\/\/linitiative.ca\/International\/maroc-et-algerie-lorsque-moncef-marzouki-nuit-aux-relations-de-bon-voisinage\/","title":{"rendered":"Maroc et Alg\u00e9rie: lorsque Moncef Marzouki nuit aux relations de bon voisinage"},"content":{"rendered":"<div class=\"td-post-content\">\n<h2>Encore une fois l\u2019ancien pr\u00e9sident Mohamed Moncef Marzouki s\u2019engage dans des affaires qui ne le concernent en rien. Nuisant \u00e9videmment aux relations de bon voisinage avec le Maroc et l\u2019Alg\u00e9rie.<\/h2>\n<p>Non-ing\u00e9rence dans les affaires des autres nations. Cela a \u00e9t\u00e9, \u00e0 c\u00f4t\u00e9 de la coop\u00e9ration fructueuse et le cod\u00e9veloppement ainsi que le respect de la l\u00e9galit\u00e9 internationale, des cr\u00e9dos. Ils ont toujours fait fonctionner la diplomatie tunisienne et lui ont attir\u00e9 consid\u00e9ration et sympathie. Pourtant, Moncef Marzouki leur a souvent port\u00e9 atteinte.<\/p>\n<p>En effet, ces cr\u00e9dos qui n\u2019ont pas \u00e9t\u00e9 respect\u00e9s depuis 2011. Ainsi, ils ont \u00e9t\u00e9 chahut\u00e9s assure Ely\u00e8s Kasri, ancien ambassadeur. Et ce, dans \u00ab Le match du mois \u00bb publi\u00e9 dans notre \u00e9dition papier du 9 juin 2021. En effet, notre magazine l\u2019interroge, ainsi que l\u2019universitaire Rafaa Tabib.<\/p>\n<p>Car, ces r\u00e8gles de conduite ont toujours \u00e9t\u00e9 appliqu\u00e9es. Et ce, m\u00eame lorsque ceux qui, \u00e0 quelque titre que ce soit, ont repr\u00e9sent\u00e9 l\u2019Etat sur la sc\u00e8ne internationale, quittent leur fonction. Il y a, ici, en plus de cela, un\u00a0<strong>droit de r\u00e9serve<\/strong>\u00a0qui se doit d\u2019\u00eatre respect\u00e9.<\/p>\n<p>Cela ne semble pas cependant \u00eatre le cas de l\u2019ancien pr\u00e9sident de la R\u00e9publique, Mohamed Moncef Marzouki (2011-2014). Puisqu\u2019il a de nouveau d\u00e9fray\u00e9 la chronique, le 8 juin 2021. En s\u2019exprimant concernant la d\u00e9tention des journalistes marocains Omar Radi et Soulaiman Raissouni et en appelant \u00e0 leur lib\u00e9ration.<\/p>\n<h2>\u00ab\u00a0D\u00e9naturer les faits\u00a0\u00bb<\/h2>\n<p>Une affaire qui ne peut en cas aucun le concerner. \u00ab Vous vous \u00eates empar\u00e9 d\u2019un dossier instruit devant la justice. Et vous avez empi\u00e9t\u00e9 sur les droits de victimes potentielles et contribu\u00e9 au d\u00e9r\u00e8glement du sain activisme qui consiste \u00e0 cerner tous les \u00e9l\u00e9ments avant de se prononcer sur tel ou tel dossier\u00bb. C\u2019est ainsi que lui r\u00e9pondait, le 10 juin 2021, Mohamed Salah Tamek, ancien prisonnier marocain et d\u00e9fenseur des droits de l\u2019Homme.<\/p>\n<p>En lui faisant savoir qu\u2019il a \u00e9t\u00e9 \u00ab victime de parties qui se sont mobilis\u00e9es pour d\u00e9naturer les faits \u00bb et pr\u00e9senter les \u00ab coupables \u00bb dans la peau de \u00ab victimes \u00bb.<\/p>\n<p>L\u2019ancien pr\u00e9sident n\u2019est pas du reste \u00e0 son premier \u00e9cart avec un pays voisin. D\u2019ailleurs, le minist\u00e8re des Affaires \u00e9trang\u00e8res a r\u00e9agi, mardi 2 f\u00e9vrier 2021, aux<a href=\"https:\/\/www.leconomistemaghrebin.com\/2021\/02\/05\/moncef-marzouki-ou-lart-de-mettre-les-pieds-dans-le-plat\/\" target=\"_blank\" rel=\"noopener noreferrer\">\u00a0propos de l\u2019ancien pr\u00e9sident de la R\u00e9publique, Moncef Marzouki, jug\u00e9s insultants envers l\u2019Alg\u00e9rie<\/a>. Qualifiant son comportement d\u2019 \u00ab irresponsable \u00bb.<\/p>\n<p>Enfin, notons que l\u2019ancien chef de l\u2019Etat d\u00e9clarait d\u00e9j\u00e0, le 29 janvier 2021, que le gouvernement avait combattu la r\u00e9volution tunisienne dans les premi\u00e8res ann\u00e9es qui ont suivi la r\u00e9volution de 2011 \u00ab de peur d\u2019un effet de contagion \u00bb.<\/p>\n<\/div>\n<footer>\n<div class=\"td-post-source-tags\">\n<ul class=\"td-tags td-post-small-box clearfix\">\n<li><strong>leconomistemaghrebin<\/strong><\/li>\n<\/ul>\n<\/div>\n<\/footer>\n<div class=\"wp-post-author-wrap wp-post-author-shortcode left\">\n<h3 class=\"awpa-title\"\/>\n<div class=\"wp-post-author\">\n<div class=\"awpa-img awpa-author-block square\"><a href=\"http:\/\/lexpertjournal.net\/fr\/?author=5\"><img loading=\"lazy\" decoding=\"async\" alt=\"\" src=\"http:\/\/0.gravatar.com\/avatar\/97f8e10a1c1125ba104a76514ee07b16?s=150&amp;d=mm&amp;r=g\" srcset=\"http:\/\/0.gravatar.com\/avatar\/97f8e10a1c1125ba104a76514ee07b16?s=300&amp;d=mm&amp;r=g 2x\" class=\"avatar avatar-150 photo\" height=\"150\" width=\"150\"\/><\/a><\/div>\n<\/div>\n<\/div>\n<aside class=\"mashsb-container mashsb-main mashsb-stretched\">\n<\/aside>\n<p>Auteur: L&rsquo;expert<br \/>\n<a href=\"http:\/\/lexpertjournal.net\/fr\/?p=20337\">Cliquez ici pour lire l&rsquo;article depuis sa source.<\/a><\/p>\n","protected":false},"excerpt":{"rendered":"<p>Encore une fois l\u2019ancien pr\u00e9sident Mohamed Moncef Marzouki s\u2019engage dans des affaires qui ne le concernent en rien. Nuisant \u00e9videmment aux relations de bon voisinage avec le Maroc et l\u2019Alg\u00e9rie. Non-ing\u00e9rence dans les affaires des autres nations. Cela a \u00e9t\u00e9, \u00e0 c\u00f4t\u00e9 de la coop\u00e9ration fructueuse et le cod\u00e9veloppement ainsi que le respect de la [&hellip;]<\/p>\n","protected":false},"author":1775,"featured_media":0,"comment_status":"closed","ping_status":"closed","sticky":false,"template":"","format":"standard","meta":{"fifu_image_url":"http:\/\/0.gravatar.com\/avatar\/97f8e10a1c1125ba104a76514ee07b16?s=150&d=mm&r=g","fifu_image_alt":"Maroc et Alg\u00e9rie: lorsque Moncef Marzouki nuit aux relations de bon voisinage","footnotes":""},"categories":[78,55],"tags":[],"class_list":["post-118396","post","type-post","status-publish","format-standard","hentry","category-economie","category-tunisie"],"_links":{"self":[{"href":"https:\/\/linitiative.ca\/International\/wp-json\/wp\/v2\/posts\/118396","targetHints":{"allow":["GET"]}}],"collection":[{"href":"https:\/\/linitiative.ca\/International\/wp-json\/wp\/v2\/posts"}],"about":[{"href":"https:\/\/linitiative.ca\/International\/wp-json\/wp\/v2\/types\/post"}],"author":[{"embeddable":true,"href":"https:\/\/linitiative.ca\/International\/wp-json\/wp\/v2\/users\/1775"}],"replies":[{"embeddable":true,"href":"https:\/\/linitiative.ca\/International\/wp-json\/wp\/v2\/comments?post=118396"}],"version-history":[{"count":0,"href":"https:\/\/linitiative.ca\/International\/wp-json\/wp\/v2\/posts\/118396\/revisions"}],"wp:attachment":[{"href":"https:\/\/linitiative.ca\/International\/wp-json\/wp\/v2\/media?parent=118396"}],"wp:term":[{"taxonomy":"category","embeddable":true,"href":"https:\/\/linitiative.ca\/International\/wp-json\/wp\/v2\/categories?post=118396"},{"taxonomy":"post_tag","embeddable":true,"href":"https:\/\/linitiative.ca\/International\/wp-json\/wp\/v2\/tags?post=118396"}],"curies":[{"name":"wp","href":"https:\/\/api.w.org\/{rel}","templated":true}]}}