{"id":118397,"date":"2021-06-11T05:36:35","date_gmt":"2021-06-11T09:36:35","guid":{"rendered":"https:\/\/linitiative.ca\/International\/afc-le-gouvernement-a-interet-a-proposer-une-vision-globale-du-redressement-economique\/"},"modified":"2021-06-11T05:36:35","modified_gmt":"2021-06-11T09:36:35","slug":"afc-le-gouvernement-a-interet-a-proposer-une-vision-globale-du-redressement-economique","status":"publish","type":"post","link":"https:\/\/linitiative.ca\/International\/afc-le-gouvernement-a-interet-a-proposer-une-vision-globale-du-redressement-economique\/","title":{"rendered":"AFC : le gouvernement a int\u00e9r\u00eat \u00e0 proposer une vision globale du redressement \u00e9conomique"},"content":{"rendered":"<h2>\u00ab\u00a0La Tunisie aurait besoin d\u2019une strat\u00e9gie budg\u00e9taire et d\u2019une gestion de la dette \u00e0 moyen terme cr\u00e9dibles et clairement communiqu\u00e9es. Cette strat\u00e9gie n\u00e9cessitera une \u00e9troite coordination entre la politique mon\u00e9taire (BCT), la politique budg\u00e9taire et la r\u00e9glementation du secteur financier. Et ce, afin de parvenir \u00e0 une vision commune de la capacit\u00e9 d\u2019absorption globale des march\u00e9s financiers nationaux\u00a0\u00bb.<\/h2>\n<p>C\u2019est ce qui ressort de l\u2019\u00e9ditorial publi\u00e9 par\u00a0<a href=\"https:\/\/www.afc.com.tn\/\" target=\"_blank\" rel=\"noopener noreferrer\">l\u2019interm\u00e9diaire en bourse<\/a>\u00a0AFC, dans \u00ab\u00a0son Tableau de bord de la conjoncture \u00e9conomique\u00a0\u00bb (juin 2021). R\u00e9dig\u00e9 par Zouhair EL Kadhi et F\u00e9rid Ben Brahim, l\u2019\u00e9ditorial intitul\u00e9 \u00ab\u00a0Naviguer entre exigences du FMI, menace sur la notation souveraine et contraintes sociales : un arbitrage difficile pour le gouvernement\u00a0\u00bb, a pass\u00e9 en revue les principales\u00a0<a href=\"http:\/\/www.leconomistemaghrebin.com\/2021\/05\/23\/tunisie-fmi-lultime-possibilte-possibilite-de-reformer\/\" target=\"_blank\" rel=\"noopener noreferrer\">r\u00e9formes exig\u00e9es par le FMI<\/a>.<\/p>\n<p>Il s\u2019agit de la r\u00e9duction du ratio masse salariale \u00e0 15% du PIB d\u2019ici 2022, la rationalisation des subventions notamment \u00e9nerg\u00e9tiques et l\u2019all\u00e8gement du fardeau des entreprises publiques. Et ce, afin de mettre fin \u00e0 une h\u00e9morragie budg\u00e9taire inqui\u00e9tante.<\/p>\n<p>\u00ab\u00a0La Tunisie, dont la marge de man\u0153uvre budg\u00e9taire est limit\u00e9e, voire inexistante, devra lancer des plans d\u2019assainissement favorables \u00e0 la croissance \u00e9conomique lorsque la crise s\u2019estompera.<\/p>\n<p>Les d\u00e9cideurs doivent d\u00e8s lors s\u2019efforcer d\u2019att\u00e9nuer de mani\u00e8re proactive le risque de refinancement et d\u2019ass\u00e8chement du march\u00e9 aux acteurs priv\u00e9s.<\/p>\n<p>En effet, les op\u00e9rations de gestion du passif (telles que l\u2019allongement des \u00e9ch\u00e9ances) pourront am\u00e9liorer les conditions de la dette \u00e0 court terme et le profil de la dette \u00e0 moyen terme \u2026<\/p>\n<p>Le gouvernement a int\u00e9r\u00eat \u00e0 proposer une vision globale du redressement \u00e9conomique et \u00e9viter le repl\u00e2trage\u00a0\u00bb.<\/p>\n<p><em>Avec TAP<\/em><\/p>\n<div class=\"wp-post-author-wrap wp-post-author-shortcode left\">\n<h3 class=\"awpa-title\"\/>\n<div class=\"wp-post-author\">\n<div class=\"awpa-img awpa-author-block square\"><a href=\"http:\/\/lexpertjournal.net\/fr\/?author=5\"><img loading=\"lazy\" decoding=\"async\" alt=\"\" src=\"http:\/\/0.gravatar.com\/avatar\/97f8e10a1c1125ba104a76514ee07b16?s=150&amp;d=mm&amp;r=g\" srcset=\"http:\/\/0.gravatar.com\/avatar\/97f8e10a1c1125ba104a76514ee07b16?s=300&amp;d=mm&amp;r=g 2x\" class=\"avatar avatar-150 photo\" height=\"150\" width=\"150\"\/><\/a><\/div>\n<\/div>\n<\/div>\n<aside class=\"mashsb-container mashsb-main mashsb-stretched\">\n<\/aside>\n<p>Auteur: L&rsquo;expert<br \/>\n<a href=\"http:\/\/lexpertjournal.net\/fr\/?p=20340\">Cliquez ici pour lire l&rsquo;article depuis sa source.<\/a><\/p>\n","protected":false},"excerpt":{"rendered":"<p>\u00ab\u00a0La Tunisie aurait besoin d\u2019une strat\u00e9gie budg\u00e9taire et d\u2019une gestion de la dette \u00e0 moyen terme cr\u00e9dibles et clairement communiqu\u00e9es. Cette strat\u00e9gie n\u00e9cessitera une \u00e9troite coordination entre la politique mon\u00e9taire (BCT), la politique budg\u00e9taire et la r\u00e9glementation du secteur financier. Et ce, afin de parvenir \u00e0 une vision commune de la capacit\u00e9 d\u2019absorption globale des [&hellip;]<\/p>\n","protected":false},"author":1775,"featured_media":0,"comment_status":"closed","ping_status":"closed","sticky":false,"template":"","format":"standard","meta":{"fifu_image_url":"http:\/\/0.gravatar.com\/avatar\/97f8e10a1c1125ba104a76514ee07b16?s=150&d=mm&r=g","fifu_image_alt":"AFC : le gouvernement a int\u00e9r\u00eat \u00e0 proposer une vision globale du redressement \u00e9conomique","footnotes":""},"categories":[78,55],"tags":[],"class_list":["post-118397","post","type-post","status-publish","format-standard","hentry","category-economie","category-tunisie"],"_links":{"self":[{"href":"https:\/\/linitiative.ca\/International\/wp-json\/wp\/v2\/posts\/118397","targetHints":{"allow":["GET"]}}],"collection":[{"href":"https:\/\/linitiative.ca\/International\/wp-json\/wp\/v2\/posts"}],"about":[{"href":"https:\/\/linitiative.ca\/International\/wp-json\/wp\/v2\/types\/post"}],"author":[{"embeddable":true,"href":"https:\/\/linitiative.ca\/International\/wp-json\/wp\/v2\/users\/1775"}],"replies":[{"embeddable":true,"href":"https:\/\/linitiative.ca\/International\/wp-json\/wp\/v2\/comments?post=118397"}],"version-history":[{"count":0,"href":"https:\/\/linitiative.ca\/International\/wp-json\/wp\/v2\/posts\/118397\/revisions"}],"wp:attachment":[{"href":"https:\/\/linitiative.ca\/International\/wp-json\/wp\/v2\/media?parent=118397"}],"wp:term":[{"taxonomy":"category","embeddable":true,"href":"https:\/\/linitiative.ca\/International\/wp-json\/wp\/v2\/categories?post=118397"},{"taxonomy":"post_tag","embeddable":true,"href":"https:\/\/linitiative.ca\/International\/wp-json\/wp\/v2\/tags?post=118397"}],"curies":[{"name":"wp","href":"https:\/\/api.w.org\/{rel}","templated":true}]}}