{"id":118398,"date":"2021-06-11T05:38:52","date_gmt":"2021-06-11T09:38:52","guid":{"rendered":"https:\/\/linitiative.ca\/International\/le-gouverneur-de-la-bct-recommande-un-plan-de-relance-economique-pour-la-prochaine-etape\/"},"modified":"2021-06-11T05:38:52","modified_gmt":"2021-06-11T09:38:52","slug":"le-gouverneur-de-la-bct-recommande-un-plan-de-relance-economique-pour-la-prochaine-etape","status":"publish","type":"post","link":"https:\/\/linitiative.ca\/International\/le-gouverneur-de-la-bct-recommande-un-plan-de-relance-economique-pour-la-prochaine-etape\/","title":{"rendered":"Le gouverneur de la BCT recommande un plan de relance \u00e9conomique pour la prochaine \u00e9tape"},"content":{"rendered":"<div class=\"td-post-content\">\n<h2>Le gouverneur de la\u00a0<a href=\"https:\/\/www.bct.gov.tn\/\" target=\"_blank\" rel=\"noopener noreferrer\">Banque centrale de Tunisie<\/a>\u00a0(BCT) de Tunisie a soulign\u00e9 jeudi, la n\u00e9cessit\u00e9 d\u2019adopter un plan de relance \u00e9conomique pour la prochaine \u00e9tape. Lequel sera fond\u00e9 sur un m\u00e9canisme de financement innovateur pour la restructuration des entreprises ayant souffert des r\u00e9percussions de la pand\u00e9mie du coronavirus.<\/h2>\n<p>Ce plan de relance \u00e9conomique est ax\u00e9 sur le renforcement des fonds propres des entreprises et l\u2019adoption d\u2019un m\u00e9canisme innovateur de soutien des entreprises poss\u00e9dant de grandes capacit\u00e9s de production et d\u2019emploi. A-t-il ajout\u00e9. Il s\u2019exprimait lors d\u2019une s\u00e9ance d\u2019audition devant la commission des finances, de planification et de d\u00e9veloppement de l\u2019ARP.<\/p>\n<p>Cette s\u00e9ance a \u00e9t\u00e9 d\u00e9di\u00e9e \u00e0 l\u2019examen du r\u00f4le des banques dans le financement des entreprises ayant subi les effets de la pand\u00e9mie ainsi que du r\u00f4le de la BCT dans l\u2019incitation du secteur bancaire \u00e0 jouer son r\u00f4le dans le financement de l\u2019\u00e9conomie. Le plan de relance vise notamment, \u00e0 renforcer la stabilit\u00e9 financi\u00e8re, pr\u00e9server le tissu \u00e9conomique et contribuer \u00e0 la r\u00e9duction du d\u00e9ficit commercial, \u00e0 renforcer les attributs de la discipline financi\u00e8re dans la gestion des entreprises et \u00e0 r\u00e9soudre le probl\u00e8me des cr\u00e9ances douteuse des banques, a-t-il dit.<\/p>\n<p>Ce Le plan permettra \u00e0 l\u2019Etat de pr\u00e9server les emplois, d\u2019am\u00e9liorer le climat des affaires, la croissance et les indicateurs financiers des banques ainsi que d\u2019instituer des avantages au profit des investisseurs dans les secteurs publics et priv\u00e9s. Le plan de relance \u00e9conomique propos\u00e9 est fond\u00e9 sur le partenariat entre les diff\u00e9rents op\u00e9rateurs: Etat, banques, bailleurs des fonds et partenaires \u00e9trangers ainsi que sur l\u2019orientation du secteur priv\u00e9 vers l\u2019investissement dans les fonds de restructuration, a-t-il expliqu\u00e9.<\/p>\n<p>Abassi a mis l\u2019accent sur l\u2019importance des mesures fiscales et financi\u00e8res d\u2019accompagnement et la n\u00e9cessit\u00e9 d\u2019orienter toute les initiatives et fonds vers ce m\u00e9canisme pour garantir sa r\u00e9ussite.<\/p>\n<p>Il a propos\u00e9 de charger la\u00a0<a href=\"http:\/\/www.leconomistemaghrebin.com\/2021\/03\/16\/cdc-lancement-officiel-projet-startups-et-pme-innovantes-23-mars-2021\/\" target=\"_blank\" rel=\"noopener noreferrer\">Caisse des d\u00e9p\u00f4ts et consignations<\/a>\u00a0de l\u2019\u00e9laboration de ce plan, laquelle offrira des financements variant entre 1 et 3 milliards de dinars.<br \/>La BCT commencera bient\u00f4t, l\u2019\u00e9laboration du cadre technique et du plan d\u2019ex\u00e9cution du m\u00e9canisme de financement innovateur, objet de concertation avec le secteur bancaire.<br \/>Le responsable a mis en garde le gouvernement contre la non adoption durant les prochains mois, de mesures d\u00e9cisives, laquelle favorisera le d\u00e9clenchement d\u2019une crise financi\u00e8re grave et insupportable.<\/p>\n<p>Un tel manquement de la part du gouvernement risque \u00e9galement, d\u2019augmenter le taux de faillite des entreprises. D\u2019autant que le mois de septembre prochain marque l\u2019arriv\u00e9e \u00e0 terme du report du remboursement des cr\u00e9dits. Ce qui ne manquera pas d\u2019avoir un impact nocif sur la solidit\u00e9 du secteur bancaire, a t-il affirm\u00e9.<\/p>\n<h2>Le pays fait face \u00e0 plusieurs d\u00e9fis en raison de l\u2019absence de visibilit\u00e9 politique et \u00e9conomique<\/h2>\n<p>Par ailleurs, le pays fait face \u00e0 plusieurs d\u00e9fis en raison de l\u2019absence de visibilit\u00e9 politique et \u00e9conomique et la poursuite des pressions sur les indicateurs \u00e9conomiques, selon le gouverneur de la BCT.<\/p>\n<p>La faiblesse des transactions \u00e9conomiques actuelles dont la valeur n\u2019a pas d\u00e9pass\u00e9 les 2 milliards de dinars, a cr\u00e9e une crise de confiance et engendr\u00e9 la m\u00e9fiance des chefs d\u2019entreprises et des probl\u00e8mes de liquidit\u00e9, a-t-il ajout\u00e9. Les entreprises publiques traversent une crise financi\u00e8re \u00e0 l\u2019instar du Groupe chimique alors qu\u2019elles assuraient auparavant des liquidit\u00e9s de l\u2019ordre de 7 milliards de dinars aux banques en 2008.<\/p>\n<p>Pour lui, il est impossible de poursuivre le financement et la structuration des entreprises au cours de la prochaine \u00e9tape. Et ce compte tenu de leur niveau d\u2019endettement \u00e9lev\u00e9.<br \/>Les cr\u00e9dits accord\u00e9s par les banques sont en hausse continue atteignant 16% de leurs engagements contre 6% en 2009. A-t-il assur\u00e9.<\/p>\n<p><strong><em>\u00a0 Avec TAP<\/em><\/strong><\/p>\n<\/div>\n<footer>\n<\/footer>\n<div class=\"wp-post-author-wrap wp-post-author-shortcode left\">\n<h3 class=\"awpa-title\"\/>\n<div class=\"wp-post-author\">\n<div class=\"awpa-img awpa-author-block square\"><a href=\"http:\/\/lexpertjournal.net\/fr\/?author=5\"><img loading=\"lazy\" decoding=\"async\" alt=\"\" src=\"http:\/\/0.gravatar.com\/avatar\/97f8e10a1c1125ba104a76514ee07b16?s=150&amp;d=mm&amp;r=g\" srcset=\"http:\/\/0.gravatar.com\/avatar\/97f8e10a1c1125ba104a76514ee07b16?s=300&amp;d=mm&amp;r=g 2x\" class=\"avatar avatar-150 photo\" height=\"150\" width=\"150\"\/><\/a><\/div>\n<\/div>\n<\/div>\n<aside class=\"mashsb-container mashsb-main mashsb-stretched\">\n<\/aside>\n<p>Auteur: L&rsquo;expert<br \/>\n<a href=\"http:\/\/lexpertjournal.net\/fr\/?p=20343\">Cliquez ici pour lire l&rsquo;article depuis sa source.<\/a><\/p>\n","protected":false},"excerpt":{"rendered":"<p>Le gouverneur de la\u00a0Banque centrale de Tunisie\u00a0(BCT) de Tunisie a soulign\u00e9 jeudi, la n\u00e9cessit\u00e9 d\u2019adopter un plan de relance \u00e9conomique pour la prochaine \u00e9tape. Lequel sera fond\u00e9 sur un m\u00e9canisme de financement innovateur pour la restructuration des entreprises ayant souffert des r\u00e9percussions de la pand\u00e9mie du coronavirus. Ce plan de relance \u00e9conomique est ax\u00e9 sur [&hellip;]<\/p>\n","protected":false},"author":1775,"featured_media":0,"comment_status":"closed","ping_status":"closed","sticky":false,"template":"","format":"standard","meta":{"fifu_image_url":"http:\/\/0.gravatar.com\/avatar\/97f8e10a1c1125ba104a76514ee07b16?s=150&d=mm&r=g","fifu_image_alt":"Le gouverneur de la BCT recommande un plan de relance \u00e9conomique pour la prochaine \u00e9tape","footnotes":""},"categories":[78,55],"tags":[],"class_list":["post-118398","post","type-post","status-publish","format-standard","hentry","category-economie","category-tunisie"],"_links":{"self":[{"href":"https:\/\/linitiative.ca\/International\/wp-json\/wp\/v2\/posts\/118398","targetHints":{"allow":["GET"]}}],"collection":[{"href":"https:\/\/linitiative.ca\/International\/wp-json\/wp\/v2\/posts"}],"about":[{"href":"https:\/\/linitiative.ca\/International\/wp-json\/wp\/v2\/types\/post"}],"author":[{"embeddable":true,"href":"https:\/\/linitiative.ca\/International\/wp-json\/wp\/v2\/users\/1775"}],"replies":[{"embeddable":true,"href":"https:\/\/linitiative.ca\/International\/wp-json\/wp\/v2\/comments?post=118398"}],"version-history":[{"count":0,"href":"https:\/\/linitiative.ca\/International\/wp-json\/wp\/v2\/posts\/118398\/revisions"}],"wp:attachment":[{"href":"https:\/\/linitiative.ca\/International\/wp-json\/wp\/v2\/media?parent=118398"}],"wp:term":[{"taxonomy":"category","embeddable":true,"href":"https:\/\/linitiative.ca\/International\/wp-json\/wp\/v2\/categories?post=118398"},{"taxonomy":"post_tag","embeddable":true,"href":"https:\/\/linitiative.ca\/International\/wp-json\/wp\/v2\/tags?post=118398"}],"curies":[{"name":"wp","href":"https:\/\/api.w.org\/{rel}","templated":true}]}}