{"id":118400,"date":"2021-06-11T07:15:32","date_gmt":"2021-06-11T11:15:32","guid":{"rendered":"https:\/\/linitiative.ca\/International\/laffaire-de-sidi-hassine-pratiques-courantes-ou-acte-isole\/"},"modified":"2021-06-11T07:15:32","modified_gmt":"2021-06-11T11:15:32","slug":"laffaire-de-sidi-hassine-pratiques-courantes-ou-acte-isole","status":"publish","type":"post","link":"https:\/\/linitiative.ca\/International\/laffaire-de-sidi-hassine-pratiques-courantes-ou-acte-isole\/","title":{"rendered":"L\u2019affaire de Sidi Hassine : pratiques courantes ou acte isol\u00e9 ?"},"content":{"rendered":"<div class=\"td-post-content\">\n<h2>La vid\u00e9o montrant un jeune tabass\u00e9 et humili\u00e9, \u00e0 Sidi Hassine, par la police a soulev\u00e9 l\u2019indignation des internautes et une vive r\u00e9action de la classe politique. Retour sur une triste affaire dont personne ne sort grandi.<\/h2>\n<p>Insoutenable. Choquante. Humiliante. Indigne d\u2019une police r\u00e9publicaine tant clam\u00e9e apr\u00e8s la r\u00e9volution de 2011. La\u00a0<strong>vid\u00e9o virale<\/strong>\u00a0de Sidi Hassine largement partag\u00e9e sur la toile montre des policiers en train d\u2019agresser un jeune apr\u00e8s l\u2019avoir d\u00e9shabill\u00e9 en pleine rue.<\/p>\n<p>Etait-il compl\u00e8tement saoul au moment des faits selon la version polici\u00e8re? Avait-il voulu provoquer les policiers en se d\u00e9nudant en public, ce que la vid\u00e9o d\u00e9ment? Seule une enqu\u00eate ind\u00e9pendante pourra r\u00e9tablir la v\u00e9rit\u00e9. En attendant, si les images partag\u00e9es sur les r\u00e9seaux sociaux \u00e9taient authentiques, il s\u2019agirait bien d\u2019une grave bavure et les responsables doivent r\u00e9pondre de leurs actes.<\/p>\n<p>Pour rappel, les faits se sont d\u00e9roul\u00e9s mercredi 9 juin \u00e0\u00a0<strong>Sidi Hassine<\/strong>, un quartier populaire de la Capitale. Lequel a connu de violents accrochages entre des jeunes manifestaient et les forces de l\u2019ordre. Et ce, suite au d\u00e9c\u00e8s d\u2019un jeune plac\u00e9 en d\u00e9tention dans un poste de police du quartier dans des circonstances non \u00e9lucid\u00e9es. Selon certaines versions non encore confirm\u00e9es.<\/p>\n<h2>D\u00e9menti embarrass\u00e9<\/h2>\n<p>R\u00e9agissant au toll\u00e9 g\u00e9n\u00e9ral, le\u00a0<a href=\"https:\/\/www.leconomistemaghrebin.com\/2021\/06\/11\/le-porte-parole-du-ministere-de-linterieur-refuse-de-sexcuser\/\" target=\"_blank\" rel=\"noopener noreferrer\">minist\u00e8re de l\u2019Int\u00e9rieur<\/a>\u00a0commentait la vid\u00e9o pol\u00e9mique film\u00e9e au quartier de Sidi Hassine. En arguant que \u00ab le jeune homme s\u2019est d\u00e9lib\u00e9r\u00e9ment d\u00e9shabill\u00e9 dans la rue dans un geste provocateur en pr\u00e9sence de la patrouille \u00bb.<\/p>\n<p>Cependant, c\u2019est le Parquet, qui d\u00e9cidera s\u2019il s\u2019est d\u00e9nud\u00e9 tout seul ou non. Et ce, apr\u00e8s avoir d\u00e9cid\u00e9 d\u2019ouvrir une instruction judiciaire, comme l\u2019a annonc\u00e9 le porte-parole du Tribunal de premi\u00e8re instance de Tunis 2.<\/p>\n<p>\u00ab Apr\u00e8s consultation du Minist\u00e8re public, il a \u00e9t\u00e9 d\u00e9cid\u00e9 de le placer en garde \u00e0 vue pour atteinte aux bonnes m\u0153urs et outrage public \u00e0 la pudeur. Et de prendre des mesures juridiques n\u00e9cessaires \u00e0 son \u00e9gard \u00bb. C\u2019est ce qu\u2019ajoute le communiqu\u00e9 du d\u00e9partement de l\u2019Int\u00e9rieur.<\/p>\n<p>Toutefois, une enqu\u00eate a \u00e9t\u00e9 ouverte par l\u2019Inspection g\u00e9n\u00e9rale de la s\u00e9curit\u00e9 nationale. Et ce, \u00ab pour d\u00e9terminer les responsabilit\u00e9s concernant les d\u00e9passements qui ont accompagn\u00e9 le processus d\u2019intervention et d\u2019arrestation, et pour prendre les mesures n\u00e9cessaires \u00bb.<\/p>\n<p>Une tournure bien diplomatique pour reconnaitre \u00ab des d\u00e9passements \u00bb. Pourquoi, dans un souci de transparence, ne pas avouer une grosse bavure, si bavure il y a eu? Les\u00a0<a href=\"https:\/\/www.leconomistemaghrebin.com\/2021\/06\/11\/affaire-de-sidi-hassine-la-ltdh-denonce-un-exces-de-violence\/\" target=\"_blank\" rel=\"noopener noreferrer\"><strong>bavures polici\u00e8res<\/strong><\/a>\u00a0ne sont pas propres \u00e0 notre pays. Elles se passent dans les d\u00e9mocraties les plus anciennes, l\u2019affaire George Floyd en est un exemple frappant. Mais l\u00e0-bas, en Am\u00e9rique, il y a eu un proc\u00e8s retentissant et le policier incrimin\u00e9 n\u2019\u00e9chappera pas \u00e0 une sanction exemplaire.<\/p>\n<h2>UGTT: \u00ab Grave atteinte \u00e0 la Constitution \u00bb<\/h2>\n<p>Pour une fois, la condamnation est unanime. Ainsi, l\u2019<strong>UGTT\u00a0<\/strong>a consid\u00e9r\u00e9 cet incident comme \u00ab une grave atteinte \u00e0 la Constitution et aux droits de l\u2019Homme; et un dangereux revers pour le processus d\u00e9mocratique \u00bb.<\/p>\n<p>La Centrale syndicale a \u00e9galement mis en garde \u00ab contre tous les d\u00e9passements commis par certains policiers contre des citoyens et des mouvements de contestation. Elle appelle le Parquet \u00e0 ouvrir une enqu\u00eate sur cette affaire et \u00e0 mettre fin \u00e0 l\u2019impunit\u00e9 \u00bb.<\/p>\n<h2>Bureau du Parlement: \u00ab Pratiques isol\u00e9es \u00bb \u00e0 Sidi Hassine<\/h2>\n<p>Pour sa part, le\u00a0<a href=\"https:\/\/www.leconomistemaghrebin.com\/2021\/06\/10\/deputes-denoncent-agression-policiere-jeune-sidi-hassine\/\" target=\"_blank\" rel=\"noopener noreferrer\"><strong>bureau du Parlement<\/strong><\/a>\u00a0a qualifi\u00e9 ces images \u00ab d\u2019horribles, odieuses et \u00e9tranges \u00e0 la culture tunisienne \u00bb. C\u2019est ce qu\u2019on peut lire dans un communiqu\u00e9 publi\u00e9 hier jeudi sur la page officielle de l\u2019ARP.<\/p>\n<p>De plus, le bureau de l\u2019ARP a qualifi\u00e9 ces \u00ab pratiques de contraires aux valeurs de la police r\u00e9publicaine et d\u2019isol\u00e9es \u00bb.<\/p>\n<h2>Fetiti : \u00ab Je n\u2019ai pas dormi de la nuit \u00bb<\/h2>\n<p>Mais la r\u00e9action la plus virulente est venue de la part du vice-pr\u00e9sident de l\u2019ARP,\u00a0<strong>Tarek Fetiti<\/strong>. Lequel a avou\u00e9 ne pas avoir pu dormir de la nuit. \u00ab Quel que soit le crime commis par ce jeune, on ne peut, en aucun cas, voir une image aussi humiliante. Une image attentant \u00e0 l\u2019institution s\u00e9curitaire, au peuple et \u00e0 l\u2019Etat tunisien et sa r\u00e9putation \u00bb.<\/p>\n<p>Et d\u2019avouer hier jeudi \u00e0 l\u2019ouverture de la pl\u00e9ni\u00e8re \u00ab n\u2019avoir jamais vu une telle image; sauf \u00e0 la prison d\u2019Abou Ghraib, suite aux agressions barbares des marines US envers nos fr\u00e8res de l\u2019Irak \u00bb.<\/p>\n<\/div>\n<footer>\n<div class=\"td-post-source-tags\">\n<ul class=\"td-tags td-post-small-box clearfix\">\n<li><strong>leconomistemaghrebin<\/strong><\/li>\n<\/ul>\n<\/div>\n<\/footer>\n<div class=\"wp-post-author-wrap wp-post-author-shortcode left\">\n<h3 class=\"awpa-title\"\/>\n<div class=\"wp-post-author\">\n<div class=\"awpa-img awpa-author-block square\"><a href=\"http:\/\/lexpertjournal.net\/fr\/?author=5\"><img loading=\"lazy\" decoding=\"async\" alt=\"\" src=\"http:\/\/0.gravatar.com\/avatar\/97f8e10a1c1125ba104a76514ee07b16?s=150&amp;d=mm&amp;r=g\" srcset=\"http:\/\/0.gravatar.com\/avatar\/97f8e10a1c1125ba104a76514ee07b16?s=300&amp;d=mm&amp;r=g 2x\" class=\"avatar avatar-150 photo\" height=\"150\" width=\"150\"\/><\/a><\/div>\n<\/div>\n<\/div>\n<aside class=\"mashsb-container mashsb-main mashsb-stretched\">\n<\/aside>\n<p>Auteur: L&rsquo;expert<br \/>\n<a href=\"http:\/\/lexpertjournal.net\/fr\/?p=20350\">Cliquez ici pour lire l&rsquo;article depuis sa source.<\/a><\/p>\n","protected":false},"excerpt":{"rendered":"<p>La vid\u00e9o montrant un jeune tabass\u00e9 et humili\u00e9, \u00e0 Sidi Hassine, par la police a soulev\u00e9 l\u2019indignation des internautes et une vive r\u00e9action de la classe politique. Retour sur une triste affaire dont personne ne sort grandi. Insoutenable. Choquante. Humiliante. Indigne d\u2019une police r\u00e9publicaine tant clam\u00e9e apr\u00e8s la r\u00e9volution de 2011. La\u00a0vid\u00e9o virale\u00a0de Sidi Hassine [&hellip;]<\/p>\n","protected":false},"author":1775,"featured_media":0,"comment_status":"closed","ping_status":"closed","sticky":false,"template":"","format":"standard","meta":{"fifu_image_url":"http:\/\/0.gravatar.com\/avatar\/97f8e10a1c1125ba104a76514ee07b16?s=150&d=mm&r=g","fifu_image_alt":"L\u2019affaire de Sidi Hassine : pratiques courantes ou acte isol\u00e9 ?","footnotes":""},"categories":[78,55],"tags":[],"class_list":["post-118400","post","type-post","status-publish","format-standard","hentry","category-economie","category-tunisie"],"_links":{"self":[{"href":"https:\/\/linitiative.ca\/International\/wp-json\/wp\/v2\/posts\/118400","targetHints":{"allow":["GET"]}}],"collection":[{"href":"https:\/\/linitiative.ca\/International\/wp-json\/wp\/v2\/posts"}],"about":[{"href":"https:\/\/linitiative.ca\/International\/wp-json\/wp\/v2\/types\/post"}],"author":[{"embeddable":true,"href":"https:\/\/linitiative.ca\/International\/wp-json\/wp\/v2\/users\/1775"}],"replies":[{"embeddable":true,"href":"https:\/\/linitiative.ca\/International\/wp-json\/wp\/v2\/comments?post=118400"}],"version-history":[{"count":0,"href":"https:\/\/linitiative.ca\/International\/wp-json\/wp\/v2\/posts\/118400\/revisions"}],"wp:attachment":[{"href":"https:\/\/linitiative.ca\/International\/wp-json\/wp\/v2\/media?parent=118400"}],"wp:term":[{"taxonomy":"category","embeddable":true,"href":"https:\/\/linitiative.ca\/International\/wp-json\/wp\/v2\/categories?post=118400"},{"taxonomy":"post_tag","embeddable":true,"href":"https:\/\/linitiative.ca\/International\/wp-json\/wp\/v2\/tags?post=118400"}],"curies":[{"name":"wp","href":"https:\/\/api.w.org\/{rel}","templated":true}]}}