{"id":118403,"date":"2021-06-11T09:50:00","date_gmt":"2021-06-11T13:50:00","guid":{"rendered":"https:\/\/linitiative.ca\/International\/le-parquet-requiert-laggravation-de-la-peine\/"},"modified":"2021-06-11T09:50:00","modified_gmt":"2021-06-11T13:50:00","slug":"le-parquet-requiert-laggravation-de-la-peine","status":"publish","type":"post","link":"https:\/\/linitiative.ca\/International\/le-parquet-requiert-laggravation-de-la-peine\/","title":{"rendered":"Le parquet requiert l\u2019aggravation de la peine"},"content":{"rendered":"<div id=\"originalText\" readability=\"55\">\n<p class=\"c6\">Deux mois apr\u00e8s avoir interjet\u00e9 l&rsquo;appel du verdict de premi\u00e8re instance, le lanceur d\u2019alerte Noureddine Tounsi a comparu hier devant la Cour d\u2019appel d\u2019Oran, pour r\u00e9pondre d\u2019\u00aboutrage \u00e0 corps constitu\u00e9\u00bb et \u00abatteinte \u00e0 la vie priv\u00e9e des personnes\u00bb.<\/p>\n<p class=\"c6\">Des accusations pour lesquelles il avait \u00e9t\u00e9 condamn\u00e9 \u00e0 une ann\u00e9e de prison ferme, le 2 avril 2021, par le tribunal correctionnel de Fellaoucene. \u00c9galement insatisfait par le verdict prononc\u00e9 en premi\u00e8re instance, le repr\u00e9sentant du parquet a requis l\u2019alourdissement de la peine inflig\u00e9e au pr\u00e9venu.<\/p>\n<p class=\"c6\">Noureddine Tounsi, qui comparaissait en vid\u00e9oconf\u00e9rence depuis la prison d\u2019Oran a, de nouveau, clam\u00e9 son innocence des charges, qui sont port\u00e9es contre lui. Il a expliqu\u00e9 avoir agi en tant que lanceur d\u2019alerte en interpellant les autorit\u00e9s nationales sur un certain nombre de dossiers de malversations et pr\u00e9varications qu\u2019il disait pouvoir prouver.<\/p>\n<p class=\"c7\"><strong>S. Ould Ali pour R\u00e9daction Web<\/strong><\/p>\n<\/div>\n<div id=\"text_core\" readability=\"55\">\n<p class=\"c6\">Deux mois apr\u00e8s avoir interjet\u00e9 l&rsquo;appel du verdict de premi\u00e8re instance, le lanceur d\u2019alerte Noureddine Tounsi a comparu hier devant la Cour d\u2019appel d\u2019Oran, pour r\u00e9pondre d\u2019\u00aboutrage \u00e0 corps constitu\u00e9\u00bb et \u00abatteinte \u00e0 la vie priv\u00e9e des personnes\u00bb.<\/p>\n<p class=\"c6\">Des accusations pour lesquelles il avait \u00e9t\u00e9 condamn\u00e9 \u00e0 une ann\u00e9e de prison ferme, le 2 avril 2021, par le tribunal correctionnel de Fellaoucene. \u00c9galement insatisfait par le verdict prononc\u00e9 en premi\u00e8re instance, le repr\u00e9sentant du parquet a requis l\u2019alourdissement de la peine inflig\u00e9e au pr\u00e9venu.<\/p>\n<p class=\"c6\">Noureddine Tounsi, qui comparaissait en vid\u00e9oconf\u00e9rence depuis la prison d\u2019Oran a, de nouveau, clam\u00e9 son innocence des charges, qui sont port\u00e9es contre lui. Il a expliqu\u00e9 avoir agi en tant que lanceur d\u2019alerte en interpellant les autorit\u00e9s nationales sur un certain nombre de dossiers de malversations et pr\u00e9varications qu\u2019il disait pouvoir prouver.<\/p>\n<p class=\"c7\"><strong>S. Ould Ali pour R\u00e9daction Web<\/strong><\/p>\n<\/div>\n<p>Auteur:<br \/>\n<a href=\"https:\/\/www.liberte-algerie.com\/actualite\/le-parquet-requiert-laggravation-de-la-peine-360133\">Cliquez ici pour lire l&rsquo;article depuis sa source.<\/a><\/p>\n","protected":false},"excerpt":{"rendered":"<p>Deux mois apr\u00e8s avoir interjet\u00e9 l&rsquo;appel du verdict de premi\u00e8re instance, le lanceur d\u2019alerte Noureddine Tounsi a comparu hier devant la Cour d\u2019appel d\u2019Oran, pour r\u00e9pondre d\u2019\u00aboutrage \u00e0 corps constitu\u00e9\u00bb et \u00abatteinte \u00e0 la vie priv\u00e9e des personnes\u00bb. Des accusations pour lesquelles il avait \u00e9t\u00e9 condamn\u00e9 \u00e0 une ann\u00e9e de prison ferme, le 2 avril [&hellip;]<\/p>\n","protected":false},"author":1742,"featured_media":0,"comment_status":"closed","ping_status":"closed","sticky":false,"template":"","format":"standard","meta":{"fifu_image_url":"","fifu_image_alt":"","footnotes":""},"categories":[73,53],"tags":[],"class_list":["post-118403","post","type-post","status-publish","format-standard","hentry","category-actualite","category-algerie"],"_links":{"self":[{"href":"https:\/\/linitiative.ca\/International\/wp-json\/wp\/v2\/posts\/118403","targetHints":{"allow":["GET"]}}],"collection":[{"href":"https:\/\/linitiative.ca\/International\/wp-json\/wp\/v2\/posts"}],"about":[{"href":"https:\/\/linitiative.ca\/International\/wp-json\/wp\/v2\/types\/post"}],"author":[{"embeddable":true,"href":"https:\/\/linitiative.ca\/International\/wp-json\/wp\/v2\/users\/1742"}],"replies":[{"embeddable":true,"href":"https:\/\/linitiative.ca\/International\/wp-json\/wp\/v2\/comments?post=118403"}],"version-history":[{"count":0,"href":"https:\/\/linitiative.ca\/International\/wp-json\/wp\/v2\/posts\/118403\/revisions"}],"wp:attachment":[{"href":"https:\/\/linitiative.ca\/International\/wp-json\/wp\/v2\/media?parent=118403"}],"wp:term":[{"taxonomy":"category","embeddable":true,"href":"https:\/\/linitiative.ca\/International\/wp-json\/wp\/v2\/categories?post=118403"},{"taxonomy":"post_tag","embeddable":true,"href":"https:\/\/linitiative.ca\/International\/wp-json\/wp\/v2\/tags?post=118403"}],"curies":[{"name":"wp","href":"https:\/\/api.w.org\/{rel}","templated":true}]}}