{"id":118406,"date":"2021-06-10T18:25:52","date_gmt":"2021-06-10T22:25:52","guid":{"rendered":"https:\/\/linitiative.ca\/International\/le-1er-dou-al-kiada-1442-correspondra-au-samedi-12-juin\/"},"modified":"2021-06-10T18:25:52","modified_gmt":"2021-06-10T22:25:52","slug":"le-1er-dou-al-kiada-1442-correspondra-au-samedi-12-juin","status":"publish","type":"post","link":"https:\/\/linitiative.ca\/International\/le-1er-dou-al-kiada-1442-correspondra-au-samedi-12-juin\/","title":{"rendered":"Le 1er Dou Al Kiada 1442 correspondra au samedi 12 juin"},"content":{"rendered":"<div class=\"single-featured\"><img alt=\"\" data-src=\"http:\/\/www.mapmarrakech.ma\/map\/uploads\/2021\/05\/ministere-des-habous.jpg\"\/><\/div>\n<div class=\"single-post-excerpt post-excerpt-bc\" readability=\"36\">\n<p>Le 1er Dou Al Kiada 1442 de l\u2019h\u00e9gire correspondra au samedi 12 juin, a annonc\u00e9, jeudi soir, le minist\u00e8re des Habous et des Affaires islamiques.<\/p>\n<\/div>\n<div class=\"entry-content clearfix single-post-content\" readability=\"57\">\n<p>Le minist\u00e8re indique, dans un communiqu\u00e9, avoir observ\u00e9 le croissant lunaire apr\u00e8s la pri\u00e8re d\u2019Al Maghrib du jeudi 29 Chaoual 1442 de l\u2019H\u00e9gire, correspondant au 10 juin 2021, pr\u00e9cisant qu\u2019il a contact\u00e9 les d\u00e9l\u00e9gu\u00e9s du minist\u00e8re ainsi que les unit\u00e9s des Forces arm\u00e9es royales qui lui ont confirm\u00e9 la non observation du croissant lunaire du mois de Dou Al Kiada.<\/p>\n<p>De ce fait, le mois de Chaoual aura compt\u00e9 30 jours et le 1er Dou Al Kiada 1442 correspondra au samedi 12 juin 2021, pr\u00e9cise le communiqu\u00e9.<\/p>\n<p>Puisse Dieu, en ce mois b\u00e9ni, combler de Ses faveurs SM le Roi Mohammed VI, Amir Al Mouminine, et renouveler pareille occasion pour le Souverain dans la grandeur et la gloire, pour SAR le Prince H\u00e9ritier Moulay El Hassan et l\u2019ensemble des membres de l\u2019Illustre famille royale dans les bienfaits et pour le peuple marocain et l\u2019ensemble de la Oumma islamique dans le progr\u00e8s, la prosp\u00e9rit\u00e9, la s\u00e9curit\u00e9 et la qui\u00e9tude, conclut le communiqu\u00e9.<\/p>\n<\/div>\n<p>Auteur: Meriem IGASS<br \/>\n<a href=\"http:\/\/www.mapmarrakech.ma\/fr\/le-1er-dou-al-kiada-1442-correspondra-au-samedi-12-juin\/\">Cliquez ici pour lire l&rsquo;article depuis sa source.<\/a><\/p>\n","protected":false},"excerpt":{"rendered":"<p>Le 1er Dou Al Kiada 1442 de l\u2019h\u00e9gire correspondra au samedi 12 juin, a annonc\u00e9, jeudi soir, le minist\u00e8re des Habous et des Affaires islamiques. Le minist\u00e8re indique, dans un communiqu\u00e9, avoir observ\u00e9 le croissant lunaire apr\u00e8s la pri\u00e8re d\u2019Al Maghrib du jeudi 29 Chaoual 1442 de l\u2019H\u00e9gire, correspondant au 10 juin 2021, pr\u00e9cisant qu\u2019il [&hellip;]<\/p>\n","protected":false},"author":1788,"featured_media":0,"comment_status":"closed","ping_status":"closed","sticky":false,"template":"","format":"standard","meta":{"fifu_image_url":"http:\/\/www.mapmarrakech.ma\/map\/uploads\/2021\/05\/ministere-des-habous.jpg","fifu_image_alt":"Le 1er Dou Al Kiada 1442 correspondra au samedi 12 juin","footnotes":""},"categories":[54,76],"tags":[],"class_list":["post-118406","post","type-post","status-publish","format-standard","hentry","category-maroc","category-regions"],"_links":{"self":[{"href":"https:\/\/linitiative.ca\/International\/wp-json\/wp\/v2\/posts\/118406","targetHints":{"allow":["GET"]}}],"collection":[{"href":"https:\/\/linitiative.ca\/International\/wp-json\/wp\/v2\/posts"}],"about":[{"href":"https:\/\/linitiative.ca\/International\/wp-json\/wp\/v2\/types\/post"}],"author":[{"embeddable":true,"href":"https:\/\/linitiative.ca\/International\/wp-json\/wp\/v2\/users\/1788"}],"replies":[{"embeddable":true,"href":"https:\/\/linitiative.ca\/International\/wp-json\/wp\/v2\/comments?post=118406"}],"version-history":[{"count":0,"href":"https:\/\/linitiative.ca\/International\/wp-json\/wp\/v2\/posts\/118406\/revisions"}],"wp:attachment":[{"href":"https:\/\/linitiative.ca\/International\/wp-json\/wp\/v2\/media?parent=118406"}],"wp:term":[{"taxonomy":"category","embeddable":true,"href":"https:\/\/linitiative.ca\/International\/wp-json\/wp\/v2\/categories?post=118406"},{"taxonomy":"post_tag","embeddable":true,"href":"https:\/\/linitiative.ca\/International\/wp-json\/wp\/v2\/tags?post=118406"}],"curies":[{"name":"wp","href":"https:\/\/api.w.org\/{rel}","templated":true}]}}