{"id":118407,"date":"2021-06-11T05:49:57","date_gmt":"2021-06-11T09:49:57","guid":{"rendered":"https:\/\/linitiative.ca\/International\/des-propositions-pour-accompagner-la-decision-de-reprise-des-vols\/"},"modified":"2021-06-11T05:49:57","modified_gmt":"2021-06-11T09:49:57","slug":"des-propositions-pour-accompagner-la-decision-de-reprise-des-vols","status":"publish","type":"post","link":"https:\/\/linitiative.ca\/International\/des-propositions-pour-accompagner-la-decision-de-reprise-des-vols\/","title":{"rendered":"Des propositions pour accompagner la d\u00e9cision de reprise des vols"},"content":{"rendered":"<div class=\"single-featured\"><img alt=\"\" data-src=\"http:\/\/www.mapmarrakech.ma\/map\/uploads\/2021\/06\/transport-touristique-copier.jpg\"\/><\/div>\n<div class=\"single-post-excerpt post-excerpt-bc\" readability=\"37\">\n<p>Marrakech \u2013 La F\u00e9d\u00e9ration Nationale du Transport Touristique (FNTT) s\u2019est f\u00e9licit\u00e9e de l\u2019annonce par les autorit\u00e9s marocaines de la reprise des vols de et vers le Royaume \u00e0 compter du mardi 15 juin, dans le cadre d\u2019autorisations exceptionnelles et ce, en formulant une s\u00e9rie de propositions pour accompagner la mise en \u0153uvre de cette d\u00e9cision.<\/p>\n<\/div>\n<div class=\"entry-content clearfix single-post-content\" readability=\"72\">\n<p>La FNTT indique, dans un communiqu\u00e9, avoir accueilli avec beaucoup d\u2019int\u00e9r\u00eat l\u2019annonce par le minist\u00e8re des Affaires Etrang\u00e8res, de la Coop\u00e9ration Africaine et des Marocains R\u00e9sidant \u00e0 l\u2019Etranger des nouvelles mesures visant \u00e0 reprendre les vols internationaux suspendus depuis le 15 mars 2020, pour all\u00e9ger les restrictions de la circulation des voyageurs souhaitant se rendre au Maroc, sur la base des indicateurs positifs de la situation \u00e9pid\u00e9miologique dans le Royaume.<\/p>\n<p>La F\u00e9d\u00e9ration nationale du Transport touristique a salu\u00e9 cette d\u00e9cision qui traduit la bonne volont\u00e9 de trouver des solutions urgentes pour sauver la saison touristique actuelle.<\/p>\n<p>Dans ce sillage, la F\u00e9d\u00e9ration a formul\u00e9 des propositions pour accompagner cette d\u00e9cision : veiller \u00e0 la vaccination de l\u2019ensemble des professionnels du secteur du transport touristique, \u0153uvrer en vue de sauver les entreprises du secteur qui s\u2019acheminent vers une faillite imminente, \u00e0 travers un appui exceptionnel au secteur et la prorogation du soutien financier accord\u00e9 aux salari\u00e9s jusqu\u2019\u00e0 la fin de l\u2019ann\u00e9e pour all\u00e9ger les effets de la pand\u00e9mie.<\/p>\n<p>Il s\u2019agit \u00e9galement de l\u2019implication de la FNTT et des instances judiciaires dans les concertations et la prise de d\u00e9cision collective conform\u00e9ment \u00e0 une approche participative, et la d\u00e9finition des contours d\u2019un secteur vital qui regorge de comp\u00e9tences importantes dans divers domaines capables d\u2019apporter l\u2019assistance n\u00e9cessaire pour am\u00e9liorer les services et favoriser la sortie de crise.<\/p>\n<p>Ces propositions portent aussi sur le gel des dettes des entreprises de transport touristique jusqu\u2019\u00e0 la fin de l\u2019ann\u00e9e (d\u00e9cembre 2021) et l\u2019octroi d\u2019une phase transitoire pour s\u2019adapter \u00e0 la nouvelle situation, la prise en compte de la situation que vivent les entreprises touristiques qui sont \u00e0 l\u2019arr\u00eat depuis mars 2020 et l\u2019accompagnement de la phase d\u2019adaptation \u00e0 la nouvelle donne.<\/p>\n<p>La f\u00e9d\u00e9ration a, d\u2019autre part, mis l\u2019accent sur l\u2019importance du dialogue, de l\u2019accompagnement et du suivi continu jusqu\u2019au retour \u00e0 la normale de l\u2019activit\u00e9 touristique, l\u2019engagement d\u2019une r\u00e9flexion approfondie et sur la garantie d\u2019une protection maximale en faveur des investisseurs du secteur et de leurs salari\u00e9s.<\/p>\n<\/div>\n<p>Auteur: Meriem IGASS<br \/>\n<a href=\"http:\/\/www.mapmarrakech.ma\/fr\/des-propositions-pour-accompagner-la-decision-de-reprise-des-vols\/\">Cliquez ici pour lire l&rsquo;article depuis sa source.<\/a><\/p>\n","protected":false},"excerpt":{"rendered":"<p>Marrakech \u2013 La F\u00e9d\u00e9ration Nationale du Transport Touristique (FNTT) s\u2019est f\u00e9licit\u00e9e de l\u2019annonce par les autorit\u00e9s marocaines de la reprise des vols de et vers le Royaume \u00e0 compter du mardi 15 juin, dans le cadre d\u2019autorisations exceptionnelles et ce, en formulant une s\u00e9rie de propositions pour accompagner la mise en \u0153uvre de cette d\u00e9cision. [&hellip;]<\/p>\n","protected":false},"author":1788,"featured_media":0,"comment_status":"closed","ping_status":"closed","sticky":false,"template":"","format":"standard","meta":{"fifu_image_url":"http:\/\/www.mapmarrakech.ma\/map\/uploads\/2021\/06\/transport-touristique-copier.jpg","fifu_image_alt":"Des propositions pour accompagner la d\u00e9cision de reprise des vols","footnotes":""},"categories":[54,76],"tags":[],"class_list":["post-118407","post","type-post","status-publish","format-standard","hentry","category-maroc","category-regions"],"_links":{"self":[{"href":"https:\/\/linitiative.ca\/International\/wp-json\/wp\/v2\/posts\/118407","targetHints":{"allow":["GET"]}}],"collection":[{"href":"https:\/\/linitiative.ca\/International\/wp-json\/wp\/v2\/posts"}],"about":[{"href":"https:\/\/linitiative.ca\/International\/wp-json\/wp\/v2\/types\/post"}],"author":[{"embeddable":true,"href":"https:\/\/linitiative.ca\/International\/wp-json\/wp\/v2\/users\/1788"}],"replies":[{"embeddable":true,"href":"https:\/\/linitiative.ca\/International\/wp-json\/wp\/v2\/comments?post=118407"}],"version-history":[{"count":0,"href":"https:\/\/linitiative.ca\/International\/wp-json\/wp\/v2\/posts\/118407\/revisions"}],"wp:attachment":[{"href":"https:\/\/linitiative.ca\/International\/wp-json\/wp\/v2\/media?parent=118407"}],"wp:term":[{"taxonomy":"category","embeddable":true,"href":"https:\/\/linitiative.ca\/International\/wp-json\/wp\/v2\/categories?post=118407"},{"taxonomy":"post_tag","embeddable":true,"href":"https:\/\/linitiative.ca\/International\/wp-json\/wp\/v2\/tags?post=118407"}],"curies":[{"name":"wp","href":"https:\/\/api.w.org\/{rel}","templated":true}]}}