{"id":118408,"date":"2021-06-11T10:07:35","date_gmt":"2021-06-11T14:07:35","guid":{"rendered":"https:\/\/linitiative.ca\/International\/protection-de-lenfance-entre-progres-et-defis-a-relever\/"},"modified":"2021-06-11T10:07:35","modified_gmt":"2021-06-11T14:07:35","slug":"protection-de-lenfance-entre-progres-et-defis-a-relever","status":"publish","type":"post","link":"https:\/\/linitiative.ca\/International\/protection-de-lenfance-entre-progres-et-defis-a-relever\/","title":{"rendered":"Protection de l\u2019enfance : Entre progr\u00e8s et d\u00e9fis \u00e0 relever"},"content":{"rendered":"<div readability=\"37\">\n<p>Par : Omar Er-rouch<br \/>Marrakech \u2013 D\u00e9termin\u00e9 \u00e0 honorer ses engagements \u00e0 l\u2019international dans moult domaines, le Maroc a consenti des efforts consid\u00e9rables en mati\u00e8re de protection de l\u2019enfance, \u00e0 travers une politique publique int\u00e9gr\u00e9e visant \u00e0 renforcer la protection des droits de cette frange de la soci\u00e9t\u00e9 et la pr\u00e9server contre toutes les formes de maltraitance.<\/p>\n<\/div>\n<div readability=\"164\">\n<p>Et pour preuve : cette politique volontariste a permis au Royaume de cumuler un ensemble d\u2019acquis dans le domaine des r\u00e9formes l\u00e9gislatives, outre l\u2019harmonisation des lois nationales avec les conventions internationales, notamment la Convention relative aux droits de l\u2019enfant et la Convention du Conseil de l\u2019Europe sur la protection des enfants contre l\u2019exploitation et les abus sexuels, \u00e9galement appel\u00e9e \u00ab\u00a0la Convention de Lanzarote\u00a0\u00bb, ainsi que le d\u00e9veloppement de strat\u00e9gies et programmes publics et la cr\u00e9ation de nouvelles structures pour la protection de l\u2019enfance.<\/p>\n<p>N\u00e9anmoins, malgr\u00e9 cet engagement ind\u00e9fectible du Maroc et sa d\u00e9termination \u00e0 garantir \u00e0 son enfance toutes les conditions du bien-\u00eatre et de l\u2019\u00e9panouissement personnel, plusieurs d\u00e9fis persistent et requi\u00e8rent de ce fait, la f\u00e9d\u00e9ration des efforts de l\u2019ensemble des parties prenantes dans le cadre d\u2019une approche int\u00e9gr\u00e9e et bas\u00e9e sur des r\u00e9sultats plausibles.<\/p>\n<p>\u00ab\u00a0Durant les deux derni\u00e8res d\u00e9cennies, notre pays a r\u00e9alis\u00e9 des avanc\u00e9es importantes en mati\u00e8re de droits de l\u2019enfant que le Maroc s\u2019est engag\u00e9 pleinement \u00e0 respecter\u00a0\u00bb, a soulign\u00e9 la pr\u00e9sidente de l\u2019Association Al- Karam et membre du Conseil \u00c9conomique, Social et Environnemental (CESE), Mme Karima Mkika, dans un entretien accord\u00e9 \u00e0 la MAP, \u00e0 l\u2019occasion de la c\u00e9l\u00e9bration de la Journ\u00e9e internationale des enfants victimes de maltraitance.<\/p>\n<p>Malgr\u00e9 ces efforts, trop d\u2019enfants restent expos\u00e9s \u00e0 toutes formes de violences parfois, particuli\u00e8rement extr\u00eames et ne trouvent aucun recours ni prise en charge si ce n\u2019est celui de la soci\u00e9t\u00e9 civile appuy\u00e9e par les autorit\u00e9s publiques (\u2026.)\u00a0\u00bb, a d\u00e9plor\u00e9 cette militante associative, appelant \u00e0 agir avec tant de pragmatisme pour atteindre les r\u00e9alisations escompt\u00e9es.<\/p>\n<p>\u00ab\u00a0Pour y parvenir, nous avons \u00e9mis plusieurs recommandations essentielles dans le cadre des travaux men\u00e9s au sein du Conseil Economique, Social et Environnemental dont, la n\u00e9cessit\u00e9 d\u2019inscrire la politique publique int\u00e9gr\u00e9e de protection de l\u2019enfance dans une loi-cadre, afin de lui garantir la continuit\u00e9 et la coh\u00e9rence n\u00e9cessaires et de red\u00e9finir, clairement, les responsabilit\u00e9s et missions du d\u00e9partement de la jeunesse et des sports en mati\u00e8re de protection de l\u2019enfance\u00a0\u00bb, a-t-elle expliqu\u00e9.<\/p>\n<p>Dans le m\u00eame sillage, Mme Mkika n\u2019a pas manqu\u00e9 de plaider pour la mise en \u0153uvre d\u2019une politique judiciaire adapt\u00e9e aux mineurs, \u00e0 m\u00eame de pr\u00e9voir des mesures alternatives aux peines privatives de libert\u00e9 et au placement en institution, la protection effective contre l\u2019intimidation, outre l\u2019adoption de sanctions lourdes contre les auteurs de violence et d\u2019exploitation des enfants.<\/p>\n<p>Au-del\u00e0 des aspects r\u00e9glementaires, c\u2019est la prise en charge effective de l\u2019enfant qui importe depuis l\u2019accompagnement au sein des familles jusqu\u2019\u00e0 la prise en charge compl\u00e8te et multidimensionnelle int\u00e9grant les aspects psychologique, mat\u00e9riel, \u00e9ducatif, sanitaire, culturel et, last but not least, affectif.<\/p>\n<p>\u00ab\u00a0Aujourd\u2019hui, il est imp\u00e9ratif et urgent de mettre en place un dispositif int\u00e9gr\u00e9 et complet sur toute la chaine de protection de l\u2019enfance\u00a0\u00bb, a soulign\u00e9 Mme Mkika, ajoutant que ce dispositif doit \u00eatre pilot\u00e9 par les autorit\u00e9s publiques et s\u2019appuyer sur l\u2019exp\u00e9rience et la capacit\u00e9 d\u2019action des acteurs de la soci\u00e9t\u00e9 civile ayant fait leurs preuves et qui doivent \u00eatre soutenus pour prendre une dimension nationale.<\/p>\n<p>Dans ce sens, la pr\u00e9sidente de l\u2019Association Al Karam, a relev\u00e9 que la soci\u00e9t\u00e9 civile est \u00ab\u00a0la locomotive\u00a0\u00bb des progr\u00e8s r\u00e9alis\u00e9s dans le domaine de la protection de l\u2019enfance, en faisant participer toutes les ONGs travaillant sur l\u2019enfance de mani\u00e8re \u00e0 promouvoir la Convention des droits des enfants, la vulgariser et pouvoir interpeller les politiques publiques.<\/p>\n<p>Cette mission, a-t-elle enchain\u00e9, s\u2019appuie n\u00e9cessairement sur les nouveaux r\u00f4les des organisations de la soci\u00e9t\u00e9 civile en mati\u00e8re de plaidoyer politique et d\u2019engagement du public, estimant que l\u2019engagement de la soci\u00e9t\u00e9 civile \u00ab\u00a0demeure insuffisant face \u00e0 la d\u00e9tresse des enfants maltrait\u00e9s\u00a0\u00bb.<\/p>\n<p>Dans le cadre des efforts consentis par la soci\u00e9t\u00e9 civile dans ce domaine, Al Karam a proc\u00e9d\u00e9, r\u00e9cemment, au lancement, en partenariat avec l\u2019ONG MekkiL\u2019, du projet \u00ab\u00a0Jamais sans mon alarme\u00a0\u00bb, une campagne qui se concentre sur l\u2019amont, pour tenter de dissuader le passage \u00e0 l\u2019acte.<\/p>\n<p>Le principe consiste \u00e0 \u00e9quiper chaque enfant d\u2019un porte-clef alarme de poche d\u2019autod\u00e9fense, un dispositif simple qui peut \u00e9pargner des traumatismes et m\u00eame sauver des vies.<\/p>\n<p>En cas de danger, l\u2019enfant pourra tirer sur le porte-clef et d\u00e9clencher une sir\u00e8ne de 120 db, audible \u00e0 plus de 600 m\u00e8tres, avec pour objectif d\u2019alerter l\u2019entourage et de faire fuir l\u2019agresseur mais surtout d\u2019avoir \u00e0 terme, un effet dissuasif et ainsi r\u00e9duire le nombre d\u2019agressions.<\/p>\n<p>La premi\u00e8re phase-test de cette op\u00e9ration a eu lieu, r\u00e9cemment, dans trois \u00e9tablissements primaires \u00e0 Marrakech. \u00ab\u00a0Nous avons cibl\u00e9 le milieu scolaire parce que c\u2019est un lieu propice, o\u00f9 la violence s\u00e9vit et o\u00f9, le cadre permet de mieux sensibiliser et \u00e9duquer les enfants face aux actes de violences et \u00e0 leurs cons\u00e9quences\u00a0\u00bb, a relev\u00e9 Mme Mkika.<\/p>\n<p>C\u2019est une nouvelle brique qui s\u2019ajoute \u00e0 l\u2019\u00e9difice dans l\u2019attente d\u2019un dispositif int\u00e9gr\u00e9 et complet sur toute la chaine de protection de l\u2019enfance pour faire face \u00e0 un fl\u00e9au qui prend en otage l\u2019avenir d\u2019enfants innocents qui ont besoin d\u2019un coup de pouce pour r\u00e9ussir dans la vie.<\/p>\n<\/div>\n<p>Auteur: Meriem IGASS<br \/>\n<a href=\"http:\/\/www.mapmarrakech.ma\/fr\/protection-de-lenfance-entre-progres-et-defis-a-relever\/\">Cliquez ici pour lire l&rsquo;article depuis sa source.<\/a><\/p>\n","protected":false},"excerpt":{"rendered":"<p>Par : Omar Er-rouchMarrakech \u2013 D\u00e9termin\u00e9 \u00e0 honorer ses engagements \u00e0 l\u2019international dans moult domaines, le Maroc a consenti des efforts consid\u00e9rables en mati\u00e8re de protection de l\u2019enfance, \u00e0 travers une politique publique int\u00e9gr\u00e9e visant \u00e0 renforcer la protection des droits de cette frange de la soci\u00e9t\u00e9 et la pr\u00e9server contre toutes les formes de [&hellip;]<\/p>\n","protected":false},"author":1788,"featured_media":0,"comment_status":"closed","ping_status":"closed","sticky":false,"template":"","format":"standard","meta":{"fifu_image_url":"","fifu_image_alt":"","footnotes":""},"categories":[54,76],"tags":[],"class_list":["post-118408","post","type-post","status-publish","format-standard","hentry","category-maroc","category-regions"],"_links":{"self":[{"href":"https:\/\/linitiative.ca\/International\/wp-json\/wp\/v2\/posts\/118408","targetHints":{"allow":["GET"]}}],"collection":[{"href":"https:\/\/linitiative.ca\/International\/wp-json\/wp\/v2\/posts"}],"about":[{"href":"https:\/\/linitiative.ca\/International\/wp-json\/wp\/v2\/types\/post"}],"author":[{"embeddable":true,"href":"https:\/\/linitiative.ca\/International\/wp-json\/wp\/v2\/users\/1788"}],"replies":[{"embeddable":true,"href":"https:\/\/linitiative.ca\/International\/wp-json\/wp\/v2\/comments?post=118408"}],"version-history":[{"count":0,"href":"https:\/\/linitiative.ca\/International\/wp-json\/wp\/v2\/posts\/118408\/revisions"}],"wp:attachment":[{"href":"https:\/\/linitiative.ca\/International\/wp-json\/wp\/v2\/media?parent=118408"}],"wp:term":[{"taxonomy":"category","embeddable":true,"href":"https:\/\/linitiative.ca\/International\/wp-json\/wp\/v2\/categories?post=118408"},{"taxonomy":"post_tag","embeddable":true,"href":"https:\/\/linitiative.ca\/International\/wp-json\/wp\/v2\/tags?post=118408"}],"curies":[{"name":"wp","href":"https:\/\/api.w.org\/{rel}","templated":true}]}}