{"id":118409,"date":"2021-06-11T10:13:26","date_gmt":"2021-06-11T14:13:26","guid":{"rendered":"https:\/\/linitiative.ca\/International\/covid-19-reunion-sur-les-mesures-douverture-des-plages\/"},"modified":"2021-06-11T10:13:26","modified_gmt":"2021-06-11T14:13:26","slug":"covid-19-reunion-sur-les-mesures-douverture-des-plages","status":"publish","type":"post","link":"https:\/\/linitiative.ca\/International\/covid-19-reunion-sur-les-mesures-douverture-des-plages\/","title":{"rendered":"Covid-19: R\u00e9union sur les mesures d\u2019ouverture des plages"},"content":{"rendered":"<div readability=\"37\">\n<p>Essaouira \u2013 Les mesures \u00e0 entreprendre pour l\u2019ouverture des plages au niveau de la province d\u2019Essaouira au cours de la saison estivale 2021, dans le contexte de la pand\u00e9mie de la Covid-19, ont \u00e9t\u00e9 au centre d\u2019une r\u00e9union, tenue jeudi au si\u00e8ge de la pr\u00e9fecture.<\/p>\n<\/div>\n<div readability=\"78\">\n<p>Tenue en pr\u00e9sence du gouverneur de la province, Adil El Maliki, des autorit\u00e9s locales, des chefs des services ext\u00e9rieurs et des pr\u00e9sidents des communes concern\u00e9es, cette r\u00e9union a \u00e9t\u00e9 ainsi l\u2019occasion pour faire le point sur les mesures \u00e0 mettre en oeuvre pour assurer le bon d\u00e9roulement de cette op\u00e9ration, dans le sillage de l\u2019annonce par le gouvernement d\u2019une panoplie de mesures au regard des r\u00e9sultats positifs enregistr\u00e9s dans la courbe des infections \u00e0 la Covid-19 et des avanc\u00e9es r\u00e9alis\u00e9es dans le cadre de la campagne nationale de vaccination contre cette pand\u00e9mie.<\/p>\n<p>S\u2019exprimant lors de cette rencontre, M. El Maliki a mis l\u2019accent sur l\u2019imp\u00e9ratif de mettre en place les dispositifs n\u00e9cessaires afin d\u2019accueillir les visiteurs de la Cit\u00e9 des Aliz\u00e9s dans de bonnes conditions, tout en veillant \u00e0 l\u2019application ferme des mesures d\u00e9cr\u00e9t\u00e9es par les autorit\u00e9s comp\u00e9tentes afin de conforter ces indicateurs positifs de la situation \u00e9pid\u00e9miologique \u00e0 l\u2019\u00e9chelle nationale.<\/p>\n<p>Il a, dans ce sens, insist\u00e9 sur la f\u00e9d\u00e9ration des efforts et l\u2019action collective afin de mener \u00e0 bien cette \u00e9tape et, partant, assurer le bon d\u00e9roulement de l\u2019op\u00e9ration d\u2019accueil des visiteurs de la province durant la p\u00e9riode estivale, sachant qu\u2019Essaouira conna\u00eet un engouement exceptionnel durant la saison d\u2019\u00e9t\u00e9 aussi bien de la part des touristes \u00e9trangers que nationaux.<\/p>\n<p>Cette r\u00e9union a \u00e9t\u00e9 ponctu\u00e9e d\u2019une s\u00e9rie d\u2019interventions des chefs des services ext\u00e9rieurs concern\u00e9s et des pr\u00e9sidents de certaines communes disposant de plages, dans lesquelles ils ont pass\u00e9 en revue les mesures entreprises, chaque d\u00e9partement et commune en ce qui le concerne, pour garantir le bon d\u00e9roulement de cette op\u00e9ration.<\/p>\n<p>A noter que le gouvernement a d\u00e9cid\u00e9 l\u2019application, \u00e0 compter du 1er juin, d\u2019une batterie de mesures au regard des r\u00e9sultats positifs enregistr\u00e9s dans la courbe des infections au nouveau coronavirus et des avanc\u00e9es r\u00e9alis\u00e9es dans le cadre de la campagne nationale de vaccination contre cette pand\u00e9mie.<\/p>\n<p>Ces mesures pr\u00e9voient, entre autres, l\u2019autorisation d\u2019acc\u00e8s aux plages avec le respect de la distanciation physique et l\u2019ouverture des piscines publiques \u00e0 hauteur de 50% de leur capacit\u00e9 d\u2019accueil.<\/p>\n<\/div>\n<p>Auteur: Meriem IGASS<br \/>\n<a href=\"http:\/\/www.mapmarrakech.ma\/fr\/covid-19-reunion-sur-les-mesures-douverture-des-plages\/\">Cliquez ici pour lire l&rsquo;article depuis sa source.<\/a><\/p>\n","protected":false},"excerpt":{"rendered":"<p>Essaouira \u2013 Les mesures \u00e0 entreprendre pour l\u2019ouverture des plages au niveau de la province d\u2019Essaouira au cours de la saison estivale 2021, dans le contexte de la pand\u00e9mie de la Covid-19, ont \u00e9t\u00e9 au centre d\u2019une r\u00e9union, tenue jeudi au si\u00e8ge de la pr\u00e9fecture. Tenue en pr\u00e9sence du gouverneur de la province, Adil El [&hellip;]<\/p>\n","protected":false},"author":1788,"featured_media":0,"comment_status":"closed","ping_status":"closed","sticky":false,"template":"","format":"standard","meta":{"fifu_image_url":"","fifu_image_alt":"","footnotes":""},"categories":[54,76],"tags":[],"class_list":["post-118409","post","type-post","status-publish","format-standard","hentry","category-maroc","category-regions"],"_links":{"self":[{"href":"https:\/\/linitiative.ca\/International\/wp-json\/wp\/v2\/posts\/118409","targetHints":{"allow":["GET"]}}],"collection":[{"href":"https:\/\/linitiative.ca\/International\/wp-json\/wp\/v2\/posts"}],"about":[{"href":"https:\/\/linitiative.ca\/International\/wp-json\/wp\/v2\/types\/post"}],"author":[{"embeddable":true,"href":"https:\/\/linitiative.ca\/International\/wp-json\/wp\/v2\/users\/1788"}],"replies":[{"embeddable":true,"href":"https:\/\/linitiative.ca\/International\/wp-json\/wp\/v2\/comments?post=118409"}],"version-history":[{"count":0,"href":"https:\/\/linitiative.ca\/International\/wp-json\/wp\/v2\/posts\/118409\/revisions"}],"wp:attachment":[{"href":"https:\/\/linitiative.ca\/International\/wp-json\/wp\/v2\/media?parent=118409"}],"wp:term":[{"taxonomy":"category","embeddable":true,"href":"https:\/\/linitiative.ca\/International\/wp-json\/wp\/v2\/categories?post=118409"},{"taxonomy":"post_tag","embeddable":true,"href":"https:\/\/linitiative.ca\/International\/wp-json\/wp\/v2\/tags?post=118409"}],"curies":[{"name":"wp","href":"https:\/\/api.w.org\/{rel}","templated":true}]}}