{"id":118410,"date":"2021-06-11T10:19:18","date_gmt":"2021-06-11T14:19:18","guid":{"rendered":"https:\/\/linitiative.ca\/International\/luca-et-lum6p-determinees-a-renforcer-leur-partenariat\/"},"modified":"2021-06-11T10:19:18","modified_gmt":"2021-06-11T14:19:18","slug":"luca-et-lum6p-determinees-a-renforcer-leur-partenariat","status":"publish","type":"post","link":"https:\/\/linitiative.ca\/International\/luca-et-lum6p-determinees-a-renforcer-leur-partenariat\/","title":{"rendered":"L\u2019UCA et l\u2019UM6P d\u00e9termin\u00e9es \u00e0 renforcer leur partenariat"},"content":{"rendered":"<div readability=\"38\">\n<p>Marrakech \u2013 L\u2019Universit\u00e9 Cadi Ayyad (UCA) et l\u2019Universit\u00e9 Mohammed VI Polytechnique (UM6P) de Bengu\u00e9rir (province Rehamna) ont tenu, jeudi \u00e0 Marrakech, une r\u00e9union consacr\u00e9e au renforcement de leur partenariat strat\u00e9gique notamment, en mati\u00e8re de cr\u00e9ation d\u2019excellence dans le domaine de la formation et de la recherche scientifique.<\/p>\n<\/div>\n<div readability=\"104\">\n<p>La rencontre, tenue en pr\u00e9sence notamment du Pr\u00e9sident de l\u2019Universit\u00e9 Cadi Ayyad (UCA), My El Hassan Hbid, et du Pr\u00e9sident de l\u2019UM6P, M. Hicham El Habti, a \u00e9t\u00e9 l\u2019occasion de faire le point sur le partenariat actuel et futur concernant des domaines strat\u00e9giques, \u00e0 l\u2019instar de l\u2019\u00e9nergie verte, la sant\u00e9, l\u2019eau, le transfert de technologie et d\u2019autres domaines de coop\u00e9ration.<\/p>\n<p>Dans une allocution de circonstance, M. El Habti, a relev\u00e9 que la mise en place de formations d\u2019excellence entre les deux universit\u00e9s est de nature \u00e0 asseoir les bases d\u2019une plateforme commune destin\u00e9e aux \u00e9tudiants de l\u2019UCA et de l\u2019UM6P \u00e0 m\u00eame de leur permettre l\u2019acc\u00e8s \u00e0 des formations de haut niveau, notamment dans les domaines de la science et de la technologie.<\/p>\n<p>A cet \u00e9gard, il a soulign\u00e9 que la cr\u00e9ation de laboratoires communs contribuera \u00e0 renforcer ce partenariat, ajoutant que l\u2019UM6P, en tant qu\u2019institution orient\u00e9e vers la recherche appliqu\u00e9e et l\u2019innovation, permettrait aux \u00e9tudiants d\u2019acc\u00e9der aux \u00e9quipements n\u00e9cessaires \u00e0 la recherche scientifique.<\/p>\n<p>Tout en affirmant que l\u2019UCA est pleinement capable de remplir cette mission puisqu\u2019elle occupe des rangs avanc\u00e9s dans le domaine de la recherche scientifique au niveau national, M. El Habti, a tenu \u00e0 rappeler que l\u2019UM6P accueille des \u00e9tudiants en provenance de diff\u00e9rentes universit\u00e9s, dont l\u2019UCA de Marrakech.<\/p>\n<p>Dans ce sens, il a exprim\u00e9 sa d\u00e9termination \u00e0 oeuvrer en vue du renforcement du partenariat entre l\u2019UM6P et l\u2019UCA, notamment \u00e0 travers la cr\u00e9ation d\u2019un studio d\u00e9di\u00e9 \u00e0 l\u2019enregistrement des cours au sein de la Cit\u00e9 de l\u2019Innovation de Marrakech, l\u2019accompagnement technique et l\u2019acc\u00e8s des \u00e9tudiants de l\u2019UCA au Data- Center.<\/p>\n<p>Pour sa part, le Pr\u00e9sident de l\u2019UCA, M. Hbid, a expliqu\u00e9 que cette rencontre a servi d\u2019occasion pour \u00e9changer les id\u00e9es, et pr\u00e9senter les offres de formation et de recherche propos\u00e9es par les deux \u00e9tablissements universitaires (biotechnologie, tourisme, industrie alimentaire, mobilit\u00e9 verte et math\u00e9matique) et les consolider dans un p\u00f4le d\u2019excellence.<\/p>\n<p>Dans ce contexte, il a soulign\u00e9 que la mise en \u0153uvre de ce projet passe par la cr\u00e9ation de laboratoires communs, qui assurent l\u2019encadrement conjoint des th\u00e8ses dans les formations d\u2019excellence, et identifient les moyens \u00e0 m\u00eame de renforcer la coop\u00e9ration dans le domaine de la recherche scientifique.<\/p>\n<p>A l\u2019issue de cette rencontre, il a \u00e9t\u00e9 convenu de mettre en place des commissions conjointes pour superviser et suivre la mise en \u0153uvre des axes de partenariat, les enrichir, et d\u00e9gager des r\u00e9sultats palpables.<\/p>\n<\/div>\n<p>Auteur: Meriem IGASS<br \/>\n<a href=\"http:\/\/www.mapmarrakech.ma\/fr\/luca-et-lum6p-determinees-a-renforcer-leur-partenariat\/\">Cliquez ici pour lire l&rsquo;article depuis sa source.<\/a><\/p>\n","protected":false},"excerpt":{"rendered":"<p>Marrakech \u2013 L\u2019Universit\u00e9 Cadi Ayyad (UCA) et l\u2019Universit\u00e9 Mohammed VI Polytechnique (UM6P) de Bengu\u00e9rir (province Rehamna) ont tenu, jeudi \u00e0 Marrakech, une r\u00e9union consacr\u00e9e au renforcement de leur partenariat strat\u00e9gique notamment, en mati\u00e8re de cr\u00e9ation d\u2019excellence dans le domaine de la formation et de la recherche scientifique. La rencontre, tenue en pr\u00e9sence notamment du Pr\u00e9sident [&hellip;]<\/p>\n","protected":false},"author":1788,"featured_media":0,"comment_status":"closed","ping_status":"closed","sticky":false,"template":"","format":"standard","meta":{"fifu_image_url":"","fifu_image_alt":"","footnotes":""},"categories":[54,76],"tags":[],"class_list":["post-118410","post","type-post","status-publish","format-standard","hentry","category-maroc","category-regions"],"_links":{"self":[{"href":"https:\/\/linitiative.ca\/International\/wp-json\/wp\/v2\/posts\/118410","targetHints":{"allow":["GET"]}}],"collection":[{"href":"https:\/\/linitiative.ca\/International\/wp-json\/wp\/v2\/posts"}],"about":[{"href":"https:\/\/linitiative.ca\/International\/wp-json\/wp\/v2\/types\/post"}],"author":[{"embeddable":true,"href":"https:\/\/linitiative.ca\/International\/wp-json\/wp\/v2\/users\/1788"}],"replies":[{"embeddable":true,"href":"https:\/\/linitiative.ca\/International\/wp-json\/wp\/v2\/comments?post=118410"}],"version-history":[{"count":0,"href":"https:\/\/linitiative.ca\/International\/wp-json\/wp\/v2\/posts\/118410\/revisions"}],"wp:attachment":[{"href":"https:\/\/linitiative.ca\/International\/wp-json\/wp\/v2\/media?parent=118410"}],"wp:term":[{"taxonomy":"category","embeddable":true,"href":"https:\/\/linitiative.ca\/International\/wp-json\/wp\/v2\/categories?post=118410"},{"taxonomy":"post_tag","embeddable":true,"href":"https:\/\/linitiative.ca\/International\/wp-json\/wp\/v2\/tags?post=118410"}],"curies":[{"name":"wp","href":"https:\/\/api.w.org\/{rel}","templated":true}]}}