{"id":118411,"date":"2021-06-11T07:00:42","date_gmt":"2021-06-11T11:00:42","guid":{"rendered":"https:\/\/linitiative.ca\/International\/lever-de-rideau-sur-le-28e-festival-de-la-musique-gharnati-doujda\/"},"modified":"2021-06-11T07:00:42","modified_gmt":"2021-06-11T11:00:42","slug":"lever-de-rideau-sur-le-28e-festival-de-la-musique-gharnati-doujda","status":"publish","type":"post","link":"https:\/\/linitiative.ca\/International\/lever-de-rideau-sur-le-28e-festival-de-la-musique-gharnati-doujda\/","title":{"rendered":"Lever de rideau sur le 28\u00e8 Festival de la musique Gharnati d\u2019Oujda"},"content":{"rendered":"<p class=\"c4\">La 28\u00e8me \u00e9dition du Festival de la musique Gharnati s\u2019est ouverte, jeudi soir \u00e0 Oujda, au grand bonheur des m\u00e9lomanes et amateurs de cette tradition musicale tr\u00e8s pr\u00e9sente dans la Cit\u00e9 Mill\u00e9naire.<\/p>\n<p class=\"c4\">La c\u00e9r\u00e9monie d\u2019ouverture de ce festival, organis\u00e9 par le minist\u00e8re de la Culture, de la jeunesse et des sports\u2013 D\u00e9partement de la Culture, sous le Haut patronage de SM le Roi Mohammed VI, s\u2019est d\u00e9roul\u00e9e en pr\u00e9sentiel au Th\u00e9\u00e2tre Mohammed VI d\u2019Oujda, dans la limite de 50% des places, et en distanciel via les r\u00e9seaux sociaux.<\/p>\n<p class=\"c4\">Des spectacles de haute facture ont anim\u00e9 cette premi\u00e8re journ\u00e9e du festival, plac\u00e9 sous le th\u00e8me \u00abLa musique Gharnati, une reconnaissance pour un art ancestral\u00bb, pr\u00e9sent\u00e9s par les orchestres des associations Assalam des anciens de la musique Gharnati, Ahbab Cheikh Saleh de musique Gharnati et Ibn Al-Khatib pour l\u2019art ancestral.<\/p>\n<p class=\"c4\">Par ailleurs, des hommages ont \u00e9t\u00e9 rendus \u00e0 l\u2019artiste Faouzi Mehdi, pr\u00e9sident de l\u2019association Assalam des anciens de la musique Gharnati, et \u00e0 l\u2019artiste Ghizlane Sellami.<\/p>\n<p class=\"c4\">Dans une d\u00e9claration \u00e0 la presse, le directeur r\u00e9gional de la Culture de l\u2019Oriental, Montassir Loukili, a relev\u00e9 que cette \u00e9dition du Festival co\u00efncide avec le d\u00e9but du retour des activit\u00e9s culturelles et des manifestations artistiques en pr\u00e9sentiel.<\/p>\n<p class=\"c4\">Cet \u00e9v\u00e9nement rendra hommage \u00e0 des figures de proue de la musique Gharnati dans la ville d\u2019Oujda, de m\u00eame qu\u2019il offrira des spectacles de haut niveau de cet art musical plusieurs fois centenaire, qui relie la ville mill\u00e9naire \u00e0 ses dimensions m\u00e9diterran\u00e9enne et maghr\u00e9bine, a-t-il affirm\u00e9.<\/p>\n<p class=\"c4\">Ce festival vient lever le si\u00e8ge impos\u00e9 par la pand\u00e9mie sur les activit\u00e9s culturelles et renforcer la conviction que les valeurs de l\u2019amour, de la culture et de l\u2019art prendront le dessus sans nul doute, a insist\u00e9 M. Loukili.<\/p>\n<p class=\"c4\">De son c\u00f4t\u00e9, l\u2019artiste Faouzi Mehdi a exprim\u00e9 sa fiert\u00e9 et sa reconnaissance pour l\u2019hommage qui lui a \u00e9t\u00e9 rendu \u00e0 cette occasion, se f\u00e9licitant de l\u2019all\u00e9gement progressif des restrictions sur les spectacles artistiques, qui vient donner une bouff\u00e9e d\u2019air frais \u00e0 l\u2019activit\u00e9 culturelle.<\/p>\n<p class=\"c4\">Le programme de cette \u00e9dition, qui se poursuivra jusqu\u2019au 13 juin, comporte plusieurs spectacles avec la participation d\u2019orchestres de renom, ainsi que la pr\u00e9sentation d\u2019un livre sur la musique Gharnati de l\u2019\u00e9crivain Abdelhamid Berrichi.<\/p>\n<p class=\"c4\">Ce festival entend renforcer le rayonnement culturel et artistique d\u2019Oujda et mettre la lumi\u00e8re sur la richesse du patrimoine de cette ville et son r\u00f4le pionnier dans la pr\u00e9servation de cette musique ancestrale.<\/p>\n<p>Auteur: Soufiane ELAHMAR<br \/>\n<a href=\"http:\/\/www.mapoujda.ma\/fr\/lever-de-rideau-sur-le-28e-festival-de-la-musique-gharnati-doujda\/\">Cliquez ici pour lire l&rsquo;article depuis sa source.<\/a><\/p>\n","protected":false},"excerpt":{"rendered":"<p>La 28\u00e8me \u00e9dition du Festival de la musique Gharnati s\u2019est ouverte, jeudi soir \u00e0 Oujda, au grand bonheur des m\u00e9lomanes et amateurs de cette tradition musicale tr\u00e8s pr\u00e9sente dans la Cit\u00e9 Mill\u00e9naire. La c\u00e9r\u00e9monie d\u2019ouverture de ce festival, organis\u00e9 par le minist\u00e8re de la Culture, de la jeunesse et des sports\u2013 D\u00e9partement de la Culture, [&hellip;]<\/p>\n","protected":false},"author":1788,"featured_media":0,"comment_status":"closed","ping_status":"closed","sticky":false,"template":"","format":"standard","meta":{"fifu_image_url":"","fifu_image_alt":"","footnotes":""},"categories":[54,76],"tags":[],"class_list":["post-118411","post","type-post","status-publish","format-standard","hentry","category-maroc","category-regions"],"_links":{"self":[{"href":"https:\/\/linitiative.ca\/International\/wp-json\/wp\/v2\/posts\/118411","targetHints":{"allow":["GET"]}}],"collection":[{"href":"https:\/\/linitiative.ca\/International\/wp-json\/wp\/v2\/posts"}],"about":[{"href":"https:\/\/linitiative.ca\/International\/wp-json\/wp\/v2\/types\/post"}],"author":[{"embeddable":true,"href":"https:\/\/linitiative.ca\/International\/wp-json\/wp\/v2\/users\/1788"}],"replies":[{"embeddable":true,"href":"https:\/\/linitiative.ca\/International\/wp-json\/wp\/v2\/comments?post=118411"}],"version-history":[{"count":0,"href":"https:\/\/linitiative.ca\/International\/wp-json\/wp\/v2\/posts\/118411\/revisions"}],"wp:attachment":[{"href":"https:\/\/linitiative.ca\/International\/wp-json\/wp\/v2\/media?parent=118411"}],"wp:term":[{"taxonomy":"category","embeddable":true,"href":"https:\/\/linitiative.ca\/International\/wp-json\/wp\/v2\/categories?post=118411"},{"taxonomy":"post_tag","embeddable":true,"href":"https:\/\/linitiative.ca\/International\/wp-json\/wp\/v2\/tags?post=118411"}],"curies":[{"name":"wp","href":"https:\/\/api.w.org\/{rel}","templated":true}]}}