{"id":118415,"date":"2021-06-11T12:46:41","date_gmt":"2021-06-11T16:46:41","guid":{"rendered":"https:\/\/linitiative.ca\/International\/lever-de-rideau-sur-le-28e-festival-de-la-musique-gharnati-doujda-2\/"},"modified":"2021-06-11T12:46:41","modified_gmt":"2021-06-11T16:46:41","slug":"lever-de-rideau-sur-le-28e-festival-de-la-musique-gharnati-doujda-2","status":"publish","type":"post","link":"https:\/\/linitiative.ca\/International\/lever-de-rideau-sur-le-28e-festival-de-la-musique-gharnati-doujda-2\/","title":{"rendered":"Lever de rideau sur le 28\u00e8 Festival de la musique Gharnati d\u2019Oujda"},"content":{"rendered":"<p><iframe loading=\"lazy\" width=\"1170\" height=\"658\" src=\"https:\/\/www.youtube.com\/embed\/KDr2y_fJbZ8?feature=oembed\" frameborder=\"0\" allow=\"accelerometer; autoplay; clipboard-write; encrypted-media; gyroscope; picture-in-picture\" allowfullscreen=\"\">[embedded content]<\/iframe><\/p>\n<div class=\"post-header-inner\">\n<div class=\"post-header-title\">\n<p>\n\t\t\t\t<span class=\"time\"><time class=\"post-published updated\" datetime=\"2021-06-11T16:46:41+00:00\"><b><b> 11 juin 2021 <\/b> <\/b><\/time><\/span>\n\t\t\t<\/p>\n<\/p><\/div>\n<\/p><\/div>\n<div class=\"single-post-excerpt post-excerpt-bc\" readability=\"34\">\n<p>La 28\u00e8me \u00e9dition du Festival de la musique Gharnati s\u2019est ouverte \u00e0 Oujda, au grand bonheur des m\u00e9lomanes et amateurs de cette tradition musicale tr\u00e8s pr\u00e9sente dans la Cit\u00e9 Mill\u00e9naire.<\/p>\n<\/div>\n<p>Auteur: Soufiane ELAHMAR<br \/>\n<a href=\"http:\/\/www.mapoujda.ma\/fr\/lever-de-rideau-sur-le-28e-festival-de-la-musique-gharnati-doujda-2\/\">Cliquez ici pour lire l&rsquo;article depuis sa source.<\/a><\/p>\n","protected":false},"excerpt":{"rendered":"<p>[embedded content] 11 juin 2021 La 28\u00e8me \u00e9dition du Festival de la musique Gharnati s\u2019est ouverte \u00e0 Oujda, au grand bonheur des m\u00e9lomanes et amateurs de cette tradition musicale tr\u00e8s pr\u00e9sente dans la Cit\u00e9 Mill\u00e9naire. Auteur: Soufiane ELAHMAR Cliquez ici pour lire l&rsquo;article depuis sa source.<\/p>\n","protected":false},"author":1788,"featured_media":0,"comment_status":"closed","ping_status":"closed","sticky":false,"template":"","format":"standard","meta":{"fifu_image_url":"","fifu_image_alt":"","footnotes":""},"categories":[54,76],"tags":[],"class_list":["post-118415","post","type-post","status-publish","format-standard","hentry","category-maroc","category-regions"],"_links":{"self":[{"href":"https:\/\/linitiative.ca\/International\/wp-json\/wp\/v2\/posts\/118415","targetHints":{"allow":["GET"]}}],"collection":[{"href":"https:\/\/linitiative.ca\/International\/wp-json\/wp\/v2\/posts"}],"about":[{"href":"https:\/\/linitiative.ca\/International\/wp-json\/wp\/v2\/types\/post"}],"author":[{"embeddable":true,"href":"https:\/\/linitiative.ca\/International\/wp-json\/wp\/v2\/users\/1788"}],"replies":[{"embeddable":true,"href":"https:\/\/linitiative.ca\/International\/wp-json\/wp\/v2\/comments?post=118415"}],"version-history":[{"count":0,"href":"https:\/\/linitiative.ca\/International\/wp-json\/wp\/v2\/posts\/118415\/revisions"}],"wp:attachment":[{"href":"https:\/\/linitiative.ca\/International\/wp-json\/wp\/v2\/media?parent=118415"}],"wp:term":[{"taxonomy":"category","embeddable":true,"href":"https:\/\/linitiative.ca\/International\/wp-json\/wp\/v2\/categories?post=118415"},{"taxonomy":"post_tag","embeddable":true,"href":"https:\/\/linitiative.ca\/International\/wp-json\/wp\/v2\/tags?post=118415"}],"curies":[{"name":"wp","href":"https:\/\/api.w.org\/{rel}","templated":true}]}}