{"id":118416,"date":"2021-06-11T09:51:47","date_gmt":"2021-06-11T13:51:47","guid":{"rendered":"https:\/\/linitiative.ca\/International\/ucesa-le-maroc-abrite-la-reunion-du-bureau\/"},"modified":"2021-06-11T09:51:47","modified_gmt":"2021-06-11T13:51:47","slug":"ucesa-le-maroc-abrite-la-reunion-du-bureau","status":"publish","type":"post","link":"https:\/\/linitiative.ca\/International\/ucesa-le-maroc-abrite-la-reunion-du-bureau\/","title":{"rendered":"UCESA: le Maroc abrite la r\u00e9union du bureau"},"content":{"rendered":"<p class=\"rtejustify\">Le Conseil \u00c9conomique, Social et Environnemental (CESE) a accueilli, mercredi dernier, la r\u00e9union du bureau de l&rsquo;Union des Conseils \u00e9conomiques et sociaux et institutions similaires d\u2019Afrique (UCESA).<\/p>\n<p class=\"rtejustify\">Pr\u00e9sid\u00e9e par Ahmed R\u00e9da Chami, pr\u00e9sident en exercice de l\u2019UCESA et du CESE du Maroc, cette r\u00e9union tenue en mode semi-pr\u00e9sentiel a \u00e9t\u00e9 consacr\u00e9e \u00e0 l\u2019examen du projet de renforcement organisationnel de l\u2019Union, indique-t-on dans un communiqu\u00e9 du Conseil.<\/p>\n<p class=\"rtejustify\">S\u2019exprimant \u00e0 cette occasion, Chami, a mis en exergue le r\u00f4le \u00e9minent que l\u2019UCESA est appel\u00e9e \u00e0 remplir en tant qu\u2019instrument de coop\u00e9ration et de promotion de la voix civile africaine sur des sujets d\u2019int\u00e9r\u00eat majeur. Pour y parvenir, il est de la prime importance de doter l\u2019Union d\u2019un nouveau cadre r\u00e9glementaire \u00e0 m\u00eame d\u2019impulser un nouvel \u00e9lan \u00e0 la mobilisation et l\u2019engagement des membres de l\u2019Union, a-t-il dit.<\/p>\n<p class=\"rtejustify\">A l\u2019issue de cette r\u00e9union, les membres de Bureau ont act\u00e9 les nouveaux textes statutaires, le manuel de proc\u00e9dures de gestion administrative, financi\u00e8re et comptable pour l\u2019UCESA, le pourvoi du quatri\u00e8me poste de vice-pr\u00e9sident du Bureau et la demande d\u2019adh\u00e9sion du CES du Togo \u00e0 l\u2019UCESA, souligne le communiqu\u00e9.<\/p>\n<p class=\"rtejustify\">Par ailleurs, le Bureau a exprim\u00e9 sa satisfaction quant \u00e0 l\u2019\u00e9tat d\u2019avancement de la mise en \u0153uvre des actions pr\u00e9vues dans la feuille de route. Plus particuli\u00e8rement, ses membres ont salu\u00e9 les progr\u00e8s accomplis en mati\u00e8re de coop\u00e9ration, d\u2019\u00e9largissement de son p\u00e9rim\u00e8tre et de l\u2019arrimage de l\u2019UCESA aupr\u00e8s des communaut\u00e9s \u00e9conomiques r\u00e9gionales et de l\u2019Union Africaine. Ils ont \u00e9galement pris positivement note des avanc\u00e9es enregistr\u00e9es aux niveaux du projet de la Charte sociale pour l\u2019UCESA et du projet sur l\u2019action climatique au b\u00e9n\u00e9fice du citoyen en Afrique. Et de noter que les prochaines assembl\u00e9es g\u00e9n\u00e9rales seront l\u2019occasion pour adopter les mesures act\u00e9es lors de cette r\u00e9union par l\u2019ensemble des membres de l\u2019UCESA.<\/p>\n<p class=\"rtejustify\">\u00a0<\/p>\n<p>Auteur: mbasraoui<br \/>\n<a href=\"https:\/\/www.leconomiste.com\/flash-infos\/ucesa-le-maroc-abrite-la-reunion-du-bureau\">Cliquez ici pour lire l&rsquo;article depuis sa source.<\/a><\/p>\n","protected":false},"excerpt":{"rendered":"<p>Le Conseil \u00c9conomique, Social et Environnemental (CESE) a accueilli, mercredi dernier, la r\u00e9union du bureau de l&rsquo;Union des Conseils \u00e9conomiques et sociaux et institutions similaires d\u2019Afrique (UCESA). Pr\u00e9sid\u00e9e par Ahmed R\u00e9da Chami, pr\u00e9sident en exercice de l\u2019UCESA et du CESE du Maroc, cette r\u00e9union tenue en mode semi-pr\u00e9sentiel a \u00e9t\u00e9 consacr\u00e9e \u00e0 l\u2019examen du projet [&hellip;]<\/p>\n","protected":false},"author":1763,"featured_media":0,"comment_status":"closed","ping_status":"closed","sticky":false,"template":"","format":"standard","meta":{"fifu_image_url":"","fifu_image_alt":"","footnotes":""},"categories":[78,54],"tags":[],"class_list":["post-118416","post","type-post","status-publish","format-standard","hentry","category-economie","category-maroc"],"_links":{"self":[{"href":"https:\/\/linitiative.ca\/International\/wp-json\/wp\/v2\/posts\/118416","targetHints":{"allow":["GET"]}}],"collection":[{"href":"https:\/\/linitiative.ca\/International\/wp-json\/wp\/v2\/posts"}],"about":[{"href":"https:\/\/linitiative.ca\/International\/wp-json\/wp\/v2\/types\/post"}],"author":[{"embeddable":true,"href":"https:\/\/linitiative.ca\/International\/wp-json\/wp\/v2\/users\/1763"}],"replies":[{"embeddable":true,"href":"https:\/\/linitiative.ca\/International\/wp-json\/wp\/v2\/comments?post=118416"}],"version-history":[{"count":0,"href":"https:\/\/linitiative.ca\/International\/wp-json\/wp\/v2\/posts\/118416\/revisions"}],"wp:attachment":[{"href":"https:\/\/linitiative.ca\/International\/wp-json\/wp\/v2\/media?parent=118416"}],"wp:term":[{"taxonomy":"category","embeddable":true,"href":"https:\/\/linitiative.ca\/International\/wp-json\/wp\/v2\/categories?post=118416"},{"taxonomy":"post_tag","embeddable":true,"href":"https:\/\/linitiative.ca\/International\/wp-json\/wp\/v2\/tags?post=118416"}],"curies":[{"name":"wp","href":"https:\/\/api.w.org\/{rel}","templated":true}]}}