{"id":118417,"date":"2021-06-11T09:55:07","date_gmt":"2021-06-11T13:55:07","guid":{"rendered":"https:\/\/linitiative.ca\/International\/croissance-economique-la-france-depasserait-la-moyenne-europeenne\/"},"modified":"2021-06-11T09:55:07","modified_gmt":"2021-06-11T13:55:07","slug":"croissance-economique-la-france-depasserait-la-moyenne-europeenne","status":"publish","type":"post","link":"https:\/\/linitiative.ca\/International\/croissance-economique-la-france-depasserait-la-moyenne-europeenne\/","title":{"rendered":"Croissance \u00e9conomique: la France d\u00e9passerait la moyenne europ\u00e9enne"},"content":{"rendered":"<p class=\"rtejustify\">La France devrait enregistr\u00e9 une croissance \u00e9conomique en 2021 qui d\u00e9passerait la moyenne europ\u00e9enne, a indiqu\u00e9, vendredi, le gouverneur de la Banque de France, Fran\u00e7ois Villeroy de Galhau. Avec une croissance moyenne enregistr\u00e9e \u00e0 4,4% cette ann\u00e9e et 4,7% l&rsquo;an prochain, les perspectives sont prometteuses, a-t-il d\u00e9clar\u00e9 sur Radio Classique.<\/p>\n<p class=\"rtejustify\">\u00ab\u00a0Pour cette ann\u00e9e, nous aurons, en France, plus de croissance et un peu moins d&rsquo;inflation que la moyenne europ\u00e9enne\u00a0\u00bb, a pr\u00e9cis\u00e9 le gouverneur de la banque centrale fran\u00e7aise, qui publiera prochainement ses pr\u00e9visions en 2021. Le gouvernement fran\u00e7ais table de son c\u00f4t\u00e9 sur une croissance moyenne de 5% pour cette ann\u00e9e.<\/p>\n<p class=\"rtejustify\">\u00c0 l&rsquo;Assembl\u00e9e nationale, le ministre de l&rsquo;\u00c9conomie, Bruno Le Maire, a \u00e9voqu\u00e9 les perspectives \u00e9conomiques du pays avec le retour de la croissance, l\u2019augmentation de l&rsquo;investissement de mani\u00e8re ininterrompue depuis trois trimestres et un fort rebond de la consommation depuis la r\u00e9ouverture des commerces et des restaurants.<\/p>\n<p class=\"rtejustify\">\u00a0<\/p>\n<p>Auteur: mbasraoui<br \/>\n<a href=\"https:\/\/www.leconomiste.com\/flash-infos\/croissance-economique-la-france-depasserait-la-moyenne-europeenne\">Cliquez ici pour lire l&rsquo;article depuis sa source.<\/a><\/p>\n","protected":false},"excerpt":{"rendered":"<p>La France devrait enregistr\u00e9 une croissance \u00e9conomique en 2021 qui d\u00e9passerait la moyenne europ\u00e9enne, a indiqu\u00e9, vendredi, le gouverneur de la Banque de France, Fran\u00e7ois Villeroy de Galhau. Avec une croissance moyenne enregistr\u00e9e \u00e0 4,4% cette ann\u00e9e et 4,7% l&rsquo;an prochain, les perspectives sont prometteuses, a-t-il d\u00e9clar\u00e9 sur Radio Classique. \u00ab\u00a0Pour cette ann\u00e9e, nous aurons, [&hellip;]<\/p>\n","protected":false},"author":1763,"featured_media":0,"comment_status":"closed","ping_status":"closed","sticky":false,"template":"","format":"standard","meta":{"fifu_image_url":"","fifu_image_alt":"","footnotes":""},"categories":[78,54],"tags":[],"class_list":["post-118417","post","type-post","status-publish","format-standard","hentry","category-economie","category-maroc"],"_links":{"self":[{"href":"https:\/\/linitiative.ca\/International\/wp-json\/wp\/v2\/posts\/118417","targetHints":{"allow":["GET"]}}],"collection":[{"href":"https:\/\/linitiative.ca\/International\/wp-json\/wp\/v2\/posts"}],"about":[{"href":"https:\/\/linitiative.ca\/International\/wp-json\/wp\/v2\/types\/post"}],"author":[{"embeddable":true,"href":"https:\/\/linitiative.ca\/International\/wp-json\/wp\/v2\/users\/1763"}],"replies":[{"embeddable":true,"href":"https:\/\/linitiative.ca\/International\/wp-json\/wp\/v2\/comments?post=118417"}],"version-history":[{"count":0,"href":"https:\/\/linitiative.ca\/International\/wp-json\/wp\/v2\/posts\/118417\/revisions"}],"wp:attachment":[{"href":"https:\/\/linitiative.ca\/International\/wp-json\/wp\/v2\/media?parent=118417"}],"wp:term":[{"taxonomy":"category","embeddable":true,"href":"https:\/\/linitiative.ca\/International\/wp-json\/wp\/v2\/categories?post=118417"},{"taxonomy":"post_tag","embeddable":true,"href":"https:\/\/linitiative.ca\/International\/wp-json\/wp\/v2\/tags?post=118417"}],"curies":[{"name":"wp","href":"https:\/\/api.w.org\/{rel}","templated":true}]}}