{"id":118419,"date":"2021-06-11T10:10:12","date_gmt":"2021-06-11T14:10:12","guid":{"rendered":"https:\/\/linitiative.ca\/International\/tennis-pour-federer-la-periode-la-plus-importante-commence-lundi\/"},"modified":"2021-06-11T10:10:12","modified_gmt":"2021-06-11T14:10:12","slug":"tennis-pour-federer-la-periode-la-plus-importante-commence-lundi","status":"publish","type":"post","link":"https:\/\/linitiative.ca\/International\/tennis-pour-federer-la-periode-la-plus-importante-commence-lundi\/","title":{"rendered":"Tennis: pour Federer, la p\u00e9riode \u00ab\u00a0la plus importante\u00a0\u00bb commence lundi"},"content":{"rendered":"<p class=\"rtejustify\">\u00ab\u00a0C&rsquo;est maintenant que commence la p\u00e9riode la plus importante pour moi\u00a0\u00bb, a affirm\u00e9 vendredi Roger Federer, qui d\u00e9butera lundi \u00e0 Halle (Allemagne) sa saison sur gazon apr\u00e8s s&rsquo;\u00eatre retir\u00e9 de Roland-Garros.<\/p>\n<p class=\"rtejustify\">Le Suisse de 39 ans, qui a de lui-m\u00eame d\u00e9cid\u00e9 de quitter le tournoi parisien avant les 8es de finale pour pr\u00e9server sa sant\u00e9, est un abonn\u00e9 du tournoi de Halle qu&rsquo;il a d\u00e9j\u00e0 remport\u00e9 dix fois, en guise de r\u00e9p\u00e9tition annuelle avant Wimbledon (28 juin-11 juillet). \u00ab\u00a0Je veux montrer mon meilleur tennis sur gazon et jouer pour gagner\u00a0\u00bb, a-t-il d\u00e9clar\u00e9 vendredi lors d&rsquo;une conf\u00e9rence de presse virtuelle. \u00ab\u00a0Pour moi c&rsquo;est tr\u00e8s facile sur herbe, je n&rsquo;ai m\u00eame pas besoin d&rsquo;une journ\u00e9e pour me sentir bien sur le gazon\u00a0\u00bb.<\/p>\n<p class=\"rtejustify\">D\u00e8s son premier entra\u00eenement \u00e0 Halle, l&rsquo;homme aux vingt titres du Grand Chelem \u00e9tait \u00e0 l&rsquo;aise: \u00ab\u00a0J&rsquo;ai senti combien tout redevient facilement automatique pour moi sur gazon\u00a0\u00bb. Ses principaux adversaires \u00e0 Halle seront l&rsquo;Allemand Alexander Zverev, qui devait jouer vendredi une demi-finale \u00e0 Roland Garros contre le Grec Stefanos Tsitsipas, et le num\u00e9ro deux mondial Daniil Medvedev.<\/p>\n<p class=\"rtejustify\">\u00ab\u00a0Une victoire d\u00e9montrerait que je suis sur la bonne voie pour retrouver la confiance et le plaisir\u00a0\u00bb, a poursuivi Federer, \u00ab\u00a0mais le plus important, c&rsquo;est que je ne me blesse pas\u00a0\u00bb.<\/p>\n<p class=\"rtejustify\">\u00a0<\/p>\n<p>Auteur: mbasraoui<br \/>\n<a href=\"https:\/\/www.leconomiste.com\/flash-infos\/tennis-pour-federer-la-periode-la-plus-importante-commence-lundi\">Cliquez ici pour lire l&rsquo;article depuis sa source.<\/a><\/p>\n","protected":false},"excerpt":{"rendered":"<p>\u00ab\u00a0C&rsquo;est maintenant que commence la p\u00e9riode la plus importante pour moi\u00a0\u00bb, a affirm\u00e9 vendredi Roger Federer, qui d\u00e9butera lundi \u00e0 Halle (Allemagne) sa saison sur gazon apr\u00e8s s&rsquo;\u00eatre retir\u00e9 de Roland-Garros. Le Suisse de 39 ans, qui a de lui-m\u00eame d\u00e9cid\u00e9 de quitter le tournoi parisien avant les 8es de finale pour pr\u00e9server sa sant\u00e9, [&hellip;]<\/p>\n","protected":false},"author":1763,"featured_media":0,"comment_status":"closed","ping_status":"closed","sticky":false,"template":"","format":"standard","meta":{"fifu_image_url":"","fifu_image_alt":"","footnotes":""},"categories":[78,54],"tags":[],"class_list":["post-118419","post","type-post","status-publish","format-standard","hentry","category-economie","category-maroc"],"_links":{"self":[{"href":"https:\/\/linitiative.ca\/International\/wp-json\/wp\/v2\/posts\/118419","targetHints":{"allow":["GET"]}}],"collection":[{"href":"https:\/\/linitiative.ca\/International\/wp-json\/wp\/v2\/posts"}],"about":[{"href":"https:\/\/linitiative.ca\/International\/wp-json\/wp\/v2\/types\/post"}],"author":[{"embeddable":true,"href":"https:\/\/linitiative.ca\/International\/wp-json\/wp\/v2\/users\/1763"}],"replies":[{"embeddable":true,"href":"https:\/\/linitiative.ca\/International\/wp-json\/wp\/v2\/comments?post=118419"}],"version-history":[{"count":0,"href":"https:\/\/linitiative.ca\/International\/wp-json\/wp\/v2\/posts\/118419\/revisions"}],"wp:attachment":[{"href":"https:\/\/linitiative.ca\/International\/wp-json\/wp\/v2\/media?parent=118419"}],"wp:term":[{"taxonomy":"category","embeddable":true,"href":"https:\/\/linitiative.ca\/International\/wp-json\/wp\/v2\/categories?post=118419"},{"taxonomy":"post_tag","embeddable":true,"href":"https:\/\/linitiative.ca\/International\/wp-json\/wp\/v2\/tags?post=118419"}],"curies":[{"name":"wp","href":"https:\/\/api.w.org\/{rel}","templated":true}]}}