{"id":118422,"date":"2021-06-11T15:14:51","date_gmt":"2021-06-11T19:14:51","guid":{"rendered":"https:\/\/linitiative.ca\/International\/equipe-dalgerie-tunisie-mondher-kebaier-nous-sommes-prets-a-defier-lalgerie\/"},"modified":"2021-06-11T15:14:51","modified_gmt":"2021-06-11T19:14:51","slug":"equipe-dalgerie-tunisie-mondher-kebaier-nous-sommes-prets-a-defier-lalgerie","status":"publish","type":"post","link":"https:\/\/linitiative.ca\/International\/equipe-dalgerie-tunisie-mondher-kebaier-nous-sommes-prets-a-defier-lalgerie\/","title":{"rendered":"Equipe d&rsquo;Alg\u00e9rie : Tunisie &#8211; Mondher Kebaier: \u00ab\u00a0Nous sommes pr\u00eats \u00e0 d\u00e9fier l&rsquo;Alg\u00e9rie\u00a0\u00bb"},"content":{"rendered":"<div readability=\"32\">\n<p>Auteur : <span>APS<\/span> <span class=\"time\">vendredi 11 juin 2021 11:58<\/span><\/p>\n<\/div>\n<div id=\"post_core\" readability=\"92\">\n<p>Le s\u00e9lectionneur tunisien de football, Mondher Kebaier, a affirm\u00e9 jeudi que son \u00e9quipe \u00e9tait \u00ab\u00a0pr\u00eate\u00a0\u00bb pour affronter l&rsquo;Alg\u00e9rie, vendredi en amical au stade Hamadi-Agrebi de Rad\u00e8s (20h30), en vue du 2e tour \u00e9liminatoire du Mondial 2022, dont le d\u00e9but a \u00e9t\u00e9 report\u00e9 de juin \u00e0 septembre prochain. \u00ab\u00a0C&rsquo;est un match qui rev\u00eat une grande importance, compte tenu de la valeur de l&rsquo;adversaire, champion d&rsquo;Afrique 2019\u00a0\u00bb, a indiqu\u00e9 Kebaier, saluant \u00ab\u00a0la comp\u00e9tence et l&rsquo;apport\u00a0\u00bb du s\u00e9lectionneur national Djamel Belmadi. Kebaier s&rsquo;exprimait en conf\u00e9rence de presse tenue au si\u00e8ge de la F\u00e9d\u00e9ration tunisienne de football (FTF), en compagnie du milieu de terrain de Ferencvaros TC (Div.1 \/ Hongrie), A\u00efssa La\u00efdouni. La s\u00e9lection tunisienne s&rsquo;est impos\u00e9e samedi \u00e0 Rad\u00e8s face \u00e0 la RD Congo (1-0), en attendant d&rsquo;affronter l&rsquo;Alg\u00e9rie vendredi, puis le Mali, le 15 juin, dans ce qui sera l&rsquo;ultime test pr\u00e9paratif des \u00ab\u00a0Aigles de Carthage\u00a0\u00bb. Kebaier, arriv\u00e9 sur le banc des \u00ab\u00a0Aigles de Carthage\u00a0\u00bb en ao\u00fbt 2019, en remplacement du Fran\u00e7ais Alain Giresse, a assur\u00e9 qu&rsquo;il fera en sorte de faire jouer tout l&rsquo;effectif aux deux prochains matchs amicaux face \u00e0 l&rsquo;Alg\u00e9rie et au Mali, en vue de \u00ab\u00a0trouver 20 joueurs du m\u00eame niveau et de la m\u00eame efficacit\u00e9\u00a0\u00bb. Il a ajout\u00e9 qu&rsquo;il tentera \u00e9galement de \u00ab\u00a0consacrer une dynamique de victoire et d\u00e9velopper la culture de la gagne chez le onze tunisien dont le principal objectif est de jouer les premiers r\u00f4les sur la sc\u00e8ne continentale et r\u00e9gionale\u00a0\u00bb. Les deux \u00e9quipes vont s&rsquo;affronter pour la 44e fois, toutes comp\u00e9titions confondues. L&rsquo;Alg\u00e9rie et la Tunisie comptent le m\u00eame nombre de victoires (15), alors que 13 matchs se sont sold\u00e9s sur un score de parit\u00e9.<\/p>\n<p><strong>La\u00efdouni: \u00ab\u00a0Se donner \u00e0 fond pour s&rsquo;imposer\u00a0\u00bb<\/strong><\/p>\n<p>Le milieu international tunisien Aissa La\u00efdouni, a d\u00e9clar\u00e9 jeudi que son \u00e9quipe allait \u00ab\u00a0se donner \u00e0 fond\u00a0\u00bb pour tenter de s&rsquo;imposer face \u00e0 l&rsquo;\u00e9quipe alg\u00e9rienne, vendredi en match amical au stade Hamadi-Agrebi de Rad\u00e8s (20h30), en vue du 2e tour des \u00e9liminatoires de la Coupe du monde 2022, dont le coup d&rsquo;envoi a \u00e9t\u00e9 report\u00e9 de juin \u00e0 septembre. \u00ab\u00a0Ce sera un beau derby contre une belle \u00e9quipe alg\u00e9rienne, championne d&rsquo;Afrique. Ce sera un tr\u00e8s bon match pour nous, on va se donner \u00e0 fond pour d\u00e9crocher la victoire. Nous avons\u00a0 bien travaill\u00e9 durant la semaine\u00a0\u00bb, a indiqu\u00e9 La\u00efdouni, au cours d&rsquo;une conf\u00e9rence de presse tenue \u00e0 Tunis. La s\u00e9lection tunisienne s&rsquo;est impos\u00e9e samedi \u00e0 Rad\u00e9s face \u00e0 la RD Congo (1-0), en attendant d&rsquo;affronter l&rsquo;Alg\u00e9rie vendredi, puis le Mali, le 15 juin, dans ce qui sera l&rsquo;ultime test pr\u00e9paratif des \u00ab\u00a0Aigles de Carthage\u00a0\u00bb. \u00ab\u00a0Qu&rsquo;est-ce qu&rsquo;on s&rsquo;est dit entre nous les joueurs ? pas plus de choses que contre la RD Congo. On en parle comme un match comme celui face \u00e0 la RDC ou autre,\u00a0 m\u00eame si \u00e7a reste un derby important pour les joueurs et pour le peuple, avec plus d&rsquo;engouement. Le plus important c&rsquo;est le terrain, on peut parler pendant des heures avant la rencontre, mais rien ne remplacera le carr\u00e9 vert\u00a0\u00bb, a ajout\u00e9 le soci\u00e9taire de Ferencvaros TC (Div.1\/ Hongrie). Le joueur de 24 ans, qui pouvait\u00a0 \u00e9galement joueur pour l&rsquo;Alg\u00e9rie (n\u00e9 de p\u00e8re alg\u00e9rien, ndlr), a mis l&rsquo;accent sur l&rsquo;importance de \u00ab\u00a0rester concentr\u00e9s sur le match\u00a0\u00bb, tout en esp\u00e9rant \u00ab\u00a0d\u00e9crocher un r\u00e9sultat positif\u00a0\u00bb. De son c\u00f4t\u00e9, l&rsquo;\u00e9quipe nationale d&rsquo;Alg\u00e9rie s&rsquo;est impos\u00e9e lors des deux premiers matchs amicaux, jeudi et dimanche \u00e0 Blida respectivement face \u00e0 la Mauritanie (4-1) et au Mali (1-0). Les \u00ab\u00a0Verts\u00a0\u00bb, co-d\u00e9tenteurs du record africain d&rsquo;invincibilit\u00e9 en compagnie de la C\u00f4te d&rsquo;Ivoire (26 rencontres), auront \u00e0 coeur de le battre face \u00e0 la Tunisie. Les deux \u00e9quipes vont s&rsquo;affronter pour la 44e fois, toutes comp\u00e9titions confondues. L&rsquo;Alg\u00e9rie et la Tunisie comptent le m\u00eame nombre de victoires (15), alors que 13 matchs se sont sold\u00e9s sur un score de parit\u00e9.<\/p>\n<p><strong>Publi\u00e9 dans :<\/strong> <span>Mondher Kebaier<\/span><\/p>\n<\/div>\n<p>Auteur:<br \/>\n<a href=\"http:\/\/www.lebuteur.com\/article\/detail?titre=tunisie-mondher-kebaier-nous-sommes-prets-a-defier-lalgerie&#038;id=100336&#038;utm_source=feedburner&#038;utm_medium=feed&#038;utm_campaign=Feed%3A+GalerieFArtciles+%28Les+derniers+articles++-+lebuteur.com%29\">Cliquez ici pour lire l&rsquo;article depuis sa source.<\/a><\/p>\n","protected":false},"excerpt":{"rendered":"<p>Auteur : APS vendredi 11 juin 2021 11:58 Le s\u00e9lectionneur tunisien de football, Mondher Kebaier, a affirm\u00e9 jeudi que son \u00e9quipe \u00e9tait \u00ab\u00a0pr\u00eate\u00a0\u00bb pour affronter l&rsquo;Alg\u00e9rie, vendredi en amical au stade Hamadi-Agrebi de Rad\u00e8s (20h30), en vue du 2e tour \u00e9liminatoire du Mondial 2022, dont le d\u00e9but a \u00e9t\u00e9 report\u00e9 de juin \u00e0 septembre prochain. [&hellip;]<\/p>\n","protected":false},"author":1738,"featured_media":0,"comment_status":"closed","ping_status":"closed","sticky":false,"template":"","format":"standard","meta":{"fifu_image_url":"\/\/cdn.lebuteur.com\/data\/images\/article\/thumbs\/large-tunisie-mondher-kebaier-nous-sommes-prets-a-defier-lalgerie-d8146.jpg","fifu_image_alt":"Equipe d'Alg\u00e9rie : Tunisie - Mondher Kebaier: \"Nous sommes pr\u00eats \u00e0 d\u00e9fier l'Alg\u00e9rie\"","footnotes":""},"categories":[53,75],"tags":[],"class_list":["post-118422","post","type-post","status-publish","format-standard","hentry","category-algerie","category-sport"],"_links":{"self":[{"href":"https:\/\/linitiative.ca\/International\/wp-json\/wp\/v2\/posts\/118422","targetHints":{"allow":["GET"]}}],"collection":[{"href":"https:\/\/linitiative.ca\/International\/wp-json\/wp\/v2\/posts"}],"about":[{"href":"https:\/\/linitiative.ca\/International\/wp-json\/wp\/v2\/types\/post"}],"author":[{"embeddable":true,"href":"https:\/\/linitiative.ca\/International\/wp-json\/wp\/v2\/users\/1738"}],"replies":[{"embeddable":true,"href":"https:\/\/linitiative.ca\/International\/wp-json\/wp\/v2\/comments?post=118422"}],"version-history":[{"count":0,"href":"https:\/\/linitiative.ca\/International\/wp-json\/wp\/v2\/posts\/118422\/revisions"}],"wp:attachment":[{"href":"https:\/\/linitiative.ca\/International\/wp-json\/wp\/v2\/media?parent=118422"}],"wp:term":[{"taxonomy":"category","embeddable":true,"href":"https:\/\/linitiative.ca\/International\/wp-json\/wp\/v2\/categories?post=118422"},{"taxonomy":"post_tag","embeddable":true,"href":"https:\/\/linitiative.ca\/International\/wp-json\/wp\/v2\/tags?post=118422"}],"curies":[{"name":"wp","href":"https:\/\/api.w.org\/{rel}","templated":true}]}}