{"id":118426,"date":"2021-06-11T04:45:00","date_gmt":"2021-06-11T08:45:00","guid":{"rendered":"https:\/\/linitiative.ca\/International\/tahar-belkhodja-bechir-ben-yahmed-un-parcours-pathetique\/"},"modified":"2021-06-11T04:45:00","modified_gmt":"2021-06-11T08:45:00","slug":"tahar-belkhodja-bechir-ben-yahmed-un-parcours-pathetique","status":"publish","type":"post","link":"https:\/\/linitiative.ca\/International\/tahar-belkhodja-bechir-ben-yahmed-un-parcours-pathetique\/","title":{"rendered":"Tahar Belkhodja: Bechir Ben Yahmed, un parcours path\u00e9tique"},"content":{"rendered":"<p><img decoding=\"async\" src=\"\/uploads\/FCK_files\/Taher-Belkhouja.jpg\" alt=\"\" width=\"20%\" vspace=\"5\" hspace=\"5\" align=\"right\"\/>Le Covid nous poursuit. Notre ami Ben Yahmed vient de le subir. Si B\u00e9chir n\u2019en mourra pas, du moins pour ceux qui l\u2019ont c\u00f4toy\u00e9. J\u2019en ai eu le privil\u00e8ge et l\u2019honneur d\u00e8s 1955, j\u2019\u00e9tais secr\u00e9taire g\u00e9n\u00e9ral de l\u2019Uget, les \u00e9tudiants appr\u00e9ciaient son ind\u00e9pendance d\u2019esprit et son int\u00e9grit\u00e9 intellectuelle.<\/p>\n<p>Notre alliance personnelle se consolida depuis mon entretien insolite avec le G\u00e9n\u00e9ral de Gaulle lors de ce fameux d\u00eener \u00e0 l\u2019Elys\u00e9e le 1er f\u00e9vrier 1961. La dext\u00e9rit\u00e9 de Si B\u00e9chir nous a permis d\u2019\u00e9lucider subtilement les \u00e9cueils, et d\u2019arriver \u00e0 bon port \u00e0 Rambouillet, le 27 f\u00e9vrier 1961, lors de son entretien avec Bourguiba.<\/p>\n<p>Le t\u00eate-\u00e0-t\u00eate entre les deux Chefs d\u2019Etat a dur\u00e9 cinq heures et leur a permis d\u2019aborder all\u00e8grement les objectifs et les strat\u00e9gies des uns et des autres. Le substrat n\u2019en sera pas pour autant d\u00e9voil\u00e9. C\u2019\u00e9tait du clair-obscur. D\u00e9sempar\u00e9, Si B\u00e9chir temp\u00eatait et ses \u00e9ditos devenaient de plus en plus incisifs.<\/p>\n<p class=\"c2\"><img decoding=\"async\" src=\"\/uploads\/FCK_files\/IMG_6474.jpg\" alt=\"\" width=\"100%\" vspace=\"5\" hspace=\"5\" align=\"middle\"\/><\/p>\n<p>Les probl\u00e8mes restaient latents:<\/p>\n<p><span class=\"c3\"><strong>Primo:<\/strong><\/span> de Gaulle demeurait obs\u00e9d\u00e9 par \u00ab sa France \u00bb qui devait acc\u00e9der tant\u00f4t au club atomique. Secundo : il restait \u00ab fix\u00e9 \u00bb sur le Sahara, inventori\u00e9 depuis 1830.<\/p>\n<p>Bourguiba, quant \u00e0 lui, \u00e9tait obnubil\u00e9 par la borne 233, marquant nos fronti\u00e8res au Sud avec l\u2019Alg\u00e9rie qui pouvait ouvrir \u00e0 la Tunisie des perspectives vitales, politiques et \u00e9conomiques. Le probl\u00e8me alg\u00e9rien attendra la fin de la guerre.<\/p>\n<p>Cependant, les Etas-Unis et la France consentaient volontairement \u00e0 \u00e9vacuer\u00a0 leurs bases au Maroc, tout en sachant l\u2019acuit\u00e9 du probl\u00e8me de Bizerte. La France rechignait encore pour reconna\u00eetre notre souverainet\u00e9, et s\u2019accorder sur l\u2019\u00e9vacuation.<\/p>\n<p class=\"c2\"><img decoding=\"async\" src=\"\/uploads\/FCK_files\/GraphiqueColl\u00e9-1(1)(1).jpg\" alt=\"\" width=\"100%\" vspace=\"5\" hspace=\"5\" align=\"middle\"\/><\/p>\n<p>Assidu de Masmoudi, Ben Yahmed r\u00e9ussit \u00e0 impliquer ou du moins \u00e0 int\u00e9resser l\u2019intelligentsia de Paris et en particulier Jean Daniel, le patron des m\u00e9dias ; Jean Lacouture, le politologue; Jean Rous, l\u2019ami de la Tunisie ; Alain Savary, le messager de Mendes France aupr\u00e8s de Bourguiba \u00e0 l\u2019\u00eele de Groix,\u00a0 Roger St\u00e9phane et Jean Pierre S\u00e9rini\u00a0 les m\u00e9diatiques ;\u00a0 le p\u00e8re Gauthier, du Monde, etc. Le r\u00e9seau politique comprenait Chevalier \u00e0 l\u2019Elys\u00e9e, Gilet et Gorse aux Affaires \u00e9trang\u00e8res\u2026 Tout ce gotha formait la garde rapproch\u00e9e pro-tunisienne, et nous \u00e9tions tous pr\u00e9occup\u00e9s par l\u2019\u00e9volution de la guerre en Alg\u00e9rie.<\/p>\n<p><span class=\"c3\"><strong>D\u00e9but juillet 1961,<\/strong><\/span> le prolongement de la piste \u00e0 la base de Sidi Ahmed pour les avions supersoniques fut le casus belli, ou du moins le pr\u00e9texte providentiel pour l\u2019envoi de 6 000 destouriens \u00e0 Bizerte. L\u2019ambiance \u00e9tait \u00e9lectrique. Il fallait calmer le jeu.<\/p>\n<p><span class=\"c3\"><strong>Le 7 juillet 1961,<\/strong><\/span> j\u2019accompagnais \u00e0 l\u2019Elys\u00e9e l\u2019envoy\u00e9 sp\u00e9cial du pr\u00e9sident Bourguiba. Nous f\u00fbmes re\u00e7us \u00abcavali\u00e8rement\u00bb par le G\u00e9n\u00e9ral qui parcourut le message r\u00e9dig\u00e9 in extenso par Ben Yahmed. Nous proposions de faire \u00e9voluer la base vers un chantier naval en coop\u00e9ration avec la France. La r\u00e9ponse nous fut donn\u00e9e \u00ab verbalement \u00bb par le charg\u00e9 d\u2019affaires fran\u00e7ais \u00e0 Tunis. Bourguiba s\u2019en offusqua. Ben Yahmed \u00e9tait mortifi\u00e9. L\u2019ambiance politique pourrissait.\u00a0 La pression populaire \u00e0 Bizerte s\u2019amplifiait. Les responsables politiques des deux pays semblaient d\u00e9pass\u00e9s.\u00a0<\/p>\n<p>Le communiqu\u00e9 du Conseil des ministres fran\u00e7ais stipula : \u00abLes conversations ne peuvent se d\u00e9rouler dans une atmosph\u00e8re de troubles et de manifestations !\u00bb<\/p>\n<p><img decoding=\"async\" src=\"\/uploads\/FCK_files\/Photo-BBY-et-Fran\u00e7ois-Mitterrand--avril-1983.jpg\" alt=\"\" width=\"100%\" vspace=\"5\" hspace=\"5\" align=\"middle\"\/><\/p>\n<p>L\u2019amour-propre et le ressentiment entr\u00e8rent en jeu des deux c\u00f4t\u00e9s. Bahi Ladgham r\u00e9v\u00e9la quelques ann\u00e9es plus tard qu\u2019il n\u2019a pas \u00e9t\u00e9 consult\u00e9 pour l\u2019envoi des militants \u00e0 Bizerte. Le vice-amiral Amman fut emp\u00each\u00e9 de rejoindre son ambassade \u00e0 Tunis. C\u2019\u00e9tait une b\u00e9vue, elle fut \u00abr\u00e9par\u00e9e\u00bb le lendemain, mais le mal \u00e9tait fait.<\/p>\n<p>Le secr\u00e9taire g\u00e9n\u00e9ral de l\u2019ONU est contr\u00f4l\u00e9, le coffre de sa voiture est fouill\u00e9. L\u2019ONU exprima son d\u00e9pit, on lui avait d\u00e9j\u00e0 rejet\u00e9 sa demande de visite de la base.<\/p>\n<p><span class=\"c3\"><strong>Le 20 juillet 1961,<\/strong><\/span> des contingents de l\u2019arm\u00e9e fran\u00e7aise en Alg\u00e9rie \u00e9taient parachut\u00e9s \u00e0 Bizerte. On s\u2019installa dans la violence. Ce fut la d\u00e9b\u00e2cle suivie de l\u2019h\u00e9catombe. Le vrai bilan rapport\u00e9 officiellement par l\u2019Amiral \u00e9tait de 27 tu\u00e9s du c\u00f4t\u00e9 fran\u00e7ais et de 700 du c\u00f4t\u00e9 tunisien, contrairement aux all\u00e9gations.<\/p>\n<p><span class=\"c3\"><strong>Le 23 juillet 1961,<\/strong><\/span> les relations diplomatiques sont rompues. Jean Daniel \u00e9tait au \u00abfront\u00bb accompagn\u00e9 de son ami Ben Yahmed. Il fut bless\u00e9, puis hospitalis\u00e9 \u00e0 Bizerte. Il \u00e9crira plus tard : \u00abBourguiba comme de Gaulle devaient tr\u00e8s vite prouver que l\u2019avenir peut \u00eatre impun\u00e9ment injuri\u00e9, que le sang s\u00e8che vite, et que le sort des peuples se r\u00e9duit souvent aux caprices des h\u00e9ros\u00bb.<\/p>\n<p><img decoding=\"async\" src=\"\/uploads\/FCK_files\/hocghiminh.jpg\" alt=\"\" width=\"100%\" vspace=\"5\" hspace=\"5\" align=\"middle\"\/><\/p>\n<p><span class=\"c3\"><strong>Le 5 septembre,<\/strong><\/span> de Gaulle proclama que la souverainet\u00e9 de la Tunisie sur Bizerte n\u2019\u00e9tait pas contest\u00e9e. Bourguiba occulta les autres critiques acerbes sur la gestion de la crise par les Tunisiens. Ben Yahmed et Masmoudi se disent fortement contrari\u00e9s. Jeune Afrique fait para\u00eetre un pamphlet titr\u00e9 : \u00able Pouvoir personnel\u00bb. Bourguiba r\u00e9agit, Ben Yahmed d\u00e9missionne, Masmoudi le rejoint. La Tunisie attendra 1963 pour l\u2019\u00e9vacuation totale de Bizerte.<\/p>\n<p>Bechir \u00e9crira dans son \u00abCe Que Je Crois\u00bb du 11 avril 2000 : \u00ab Bourguiba se prit pour moi d\u2019une affection dont il ne s&rsquo;est d\u00e9parti jamais, m\u00eame lorsque nos chemins ont diverg\u00e9\u2026Je lui voue une admiration que sa mort n\u2019interrompt pas\u2026il aurait \u00e9t\u00e9 un grand r\u00e9volutionnaire m\u00e9connu. La taille de son pays, ses moyens\u2026ses subtiles tactiques l\u2019ont emp\u00each\u00e9 d\u2019avoir le rayonnement qu\u2019appelait son g\u00e9nie politique.\u00bb.<\/p>\n<p class=\"c5\"><strong>Tahar Belkhodja<\/strong><br \/><span class=\"c4\"><em>Ancien ambassadeur,<br \/>ancien ministre<\/em><\/span><\/p>\n<p class=\"c6\"><strong>Lire aussi<\/strong><\/p>\n<p class=\"c6\"><a href=\"https:\/\/www.leaders.com.tn\/article\/32011-si-bechir-ben-yahmed-un-maitre-pour-moi-et-quel-maitre\" target=\"_blank\" rel=\"noopener\">Afif Ben Yedder &#8211; Si B\u00e9chir Ben Yahmed : Un ma\u00eetre pour moi. Et quel ma\u00eetre !<\/a><\/p>\n<p class=\"c6\"><a href=\"https:\/\/www.leaders.com.tn\/article\/31816-bechir-ben-yahmed-s-est-eteint-son-encre-ne-sechera-pas\" target=\"_blank\" rel=\"noopener\">B\u00e9chir Ben Yahmed s\u2019est \u00e9teint&#8230; son encre ne s\u00e8chera pas<\/a><\/p>\n<p class=\"c6\"><a href=\"https:\/\/www.leaders.com.tn\/article\/31821-hommage-a-bechir-ben-yahmed-la-liberte-de-la-presse-en-deuil\" target=\"_blank\" rel=\"noopener\">Hommage \u00e0 B\u00e9chir Ben Yahmed : La libert\u00e9 de la presse en deuil !<\/a><\/p>\n<p class=\"c6\"><a href=\"https:\/\/www.leaders.com.tn\/article\/17476-bechir-ben-yahmed-tunisie-une-guerre-non-assumee\" target=\"_blank\" rel=\"noopener\">B\u00e9chir Ben Yahmed: Tunisie, une guerre non assum\u00e9e<\/a><\/p>\n<p><a href=\"https:\/\/www.leaders.com.tn\/article\/19898-bechir-ben-yahmed-ennhadha-sort-de-l-islam-politique\" target=\"_blank\" rel=\"noopener\">Ben Yahmed : \u00ab\u00a0Que faire pour \u00e9viter \u00e0 la Tunisie de tomber dans l\u2019escarcelle de l\u2019internationale islamiste\u00a0\u00bb<\/a><\/p>\n<p>Auteur:<br \/>\n<a href=\"https:\/\/www.leaders.com.tn\/article\/32017-tahar-belkhodja-bechir-ben-yahmed-un-parcours-pathetique\">Cliquez ici pour lire l&rsquo;article depuis sa source.<\/a><\/p>\n","protected":false},"excerpt":{"rendered":"<p>Le Covid nous poursuit. Notre ami Ben Yahmed vient de le subir. Si B\u00e9chir n\u2019en mourra pas, du moins pour ceux qui l\u2019ont c\u00f4toy\u00e9. J\u2019en ai eu le privil\u00e8ge et l\u2019honneur d\u00e8s 1955, j\u2019\u00e9tais secr\u00e9taire g\u00e9n\u00e9ral de l\u2019Uget, les \u00e9tudiants appr\u00e9ciaient son ind\u00e9pendance d\u2019esprit et son int\u00e9grit\u00e9 intellectuelle. Notre alliance personnelle se consolida depuis mon [&hellip;]<\/p>\n","protected":false},"author":1772,"featured_media":0,"comment_status":"closed","ping_status":"closed","sticky":false,"template":"","format":"standard","meta":{"fifu_image_url":"\/uploads\/FCK_files\/Taher-Belkhouja.jpg","fifu_image_alt":"Tahar Belkhodja: Bechir Ben Yahmed, un parcours path\u00e9tique","footnotes":""},"categories":[73,55],"tags":[],"class_list":["post-118426","post","type-post","status-publish","format-standard","hentry","category-actualite","category-tunisie"],"_links":{"self":[{"href":"https:\/\/linitiative.ca\/International\/wp-json\/wp\/v2\/posts\/118426","targetHints":{"allow":["GET"]}}],"collection":[{"href":"https:\/\/linitiative.ca\/International\/wp-json\/wp\/v2\/posts"}],"about":[{"href":"https:\/\/linitiative.ca\/International\/wp-json\/wp\/v2\/types\/post"}],"author":[{"embeddable":true,"href":"https:\/\/linitiative.ca\/International\/wp-json\/wp\/v2\/users\/1772"}],"replies":[{"embeddable":true,"href":"https:\/\/linitiative.ca\/International\/wp-json\/wp\/v2\/comments?post=118426"}],"version-history":[{"count":0,"href":"https:\/\/linitiative.ca\/International\/wp-json\/wp\/v2\/posts\/118426\/revisions"}],"wp:attachment":[{"href":"https:\/\/linitiative.ca\/International\/wp-json\/wp\/v2\/media?parent=118426"}],"wp:term":[{"taxonomy":"category","embeddable":true,"href":"https:\/\/linitiative.ca\/International\/wp-json\/wp\/v2\/categories?post=118426"},{"taxonomy":"post_tag","embeddable":true,"href":"https:\/\/linitiative.ca\/International\/wp-json\/wp\/v2\/tags?post=118426"}],"curies":[{"name":"wp","href":"https:\/\/api.w.org\/{rel}","templated":true}]}}