{"id":118429,"date":"2021-06-11T10:59:30","date_gmt":"2021-06-11T14:59:30","guid":{"rendered":"https:\/\/linitiative.ca\/International\/anas-el-arras-pdg-de-growin-portugal-laccord-avec-ladd-permettra-aux-startups-marocaines-dacceder-au-marche-europeen\/"},"modified":"2021-06-11T10:59:30","modified_gmt":"2021-06-11T14:59:30","slug":"anas-el-arras-pdg-de-growin-portugal-laccord-avec-ladd-permettra-aux-startups-marocaines-dacceder-au-marche-europeen","status":"publish","type":"post","link":"https:\/\/linitiative.ca\/International\/anas-el-arras-pdg-de-growin-portugal-laccord-avec-ladd-permettra-aux-startups-marocaines-dacceder-au-marche-europeen\/","title":{"rendered":"Anas El Arras, PDG de GrowIN Portugal : \u00abl\u2019accord avec l\u2019ADD permettra aux startups marocaines d\u2019acc\u00e9der au march\u00e9 europ\u00e9en\u00bb"},"content":{"rendered":"<p><strong><a href=\"https:\/\/www.add.gov.ma\/\">L\u2019Agence de D\u00e9veloppement du Digital (ADD)<\/a> et la plateforme de conseil <a href=\"https:\/\/www.growinportugal.com\/\">GrowIN<\/a> Portugal ont lanc\u00e9 une initiative pour soutenir l\u2019internationalisation des startups marocaines et portugaises en signant un accord strat\u00e9gique. Ce partenariat favorisera la promotion de la coop\u00e9ration entre les deux organisations, en mettant l\u2019accent sur le soutien \u00e0 l\u2019expansion des startups dans leurs \u00e9cosyst\u00e8mes respectifs. Plus de d\u00e9tails avec Anas El Arras, pr\u00e9sident-directeur g\u00e9n\u00e9ral de GrowIN Portugal.<\/strong><\/p>\n<div class=\"c10\">\n<\/div>\n<p><strong>Challenge : Pourquoi avoir lanc\u00e9 cette initiative avec l\u2019ADD ?<\/strong><br \/><strong>Anas El Arras<\/strong> : Cet accord fait suite \u00e0 une visite de la d\u00e9l\u00e9gation de l\u2019ADD effectu\u00e9e \u00e0 Lisbonne en novembre 2019 et \u00e0 deux visites de GrowIN Portugal \u00e0 Rabat en janvier 2021, ainsi que plusieurs \u00e9changes entre les deux entit\u00e9s qui partagent la m\u00eame vision, celle de promouvoir l\u2019\u00e9cosyst\u00e8me des startups, de booster l\u2019innovation et d\u2019acc\u00e9l\u00e9rer la transformation digitale.<\/p>\n<p><strong>Challenge : Quelles sont les retomb\u00e9es attendues de cette initiative ?<\/strong><br \/>Anas El Arras : Cette initiative aboutira au renforcement des relations entre l\u2019\u00e9cosyst\u00e8me portugais et marocain \u00e0 travers de l\u2019ex\u00e9cution de plusieurs actions notamment le lancement d\u2019une comp\u00e9tition de startups maroco-portugaise \u00e0 dimension internationale et qui permettra aux entrepreneurs brillants des deux pays d\u2019y participer et d\u2019en b\u00e9n\u00e9ficier. Par ailleurs, cet accord permettra d\u2019organiser des visites de d\u00e9l\u00e9gations et de promouvoir le dialogue constructif entre les acteurs de l\u2019\u00e9cosyst\u00e8me, ainsi que d\u2019\u00e9changer des informations et le savoir-faire sur l\u2019\u00e9volution des startups dans les deux pays.<\/p>\n<p><strong>Lire aussi | <a href=\"https:\/\/www.challenge.ma\/air-arabia-maroc-reprise-des-vols-avec-leurope-187953\/\" target=\"_blank\" rel=\"noreferrer noopener\">Air Arabia Maroc : reprise des vols avec l\u2019Europe<\/a><\/strong><\/p>\n<p><strong>Challenge : Quelles sont les opportunit\u00e9s offertes au Portugal pour les startups marocaines ?<\/strong><br \/>Anas El Arras : Dans le cadre de ce partenariat, les startups marocaines pourront b\u00e9n\u00e9ficier des nombreuses opportunit\u00e9s que propose l\u2019\u00e9cosyst\u00e8me portugais, notamment l\u2019acc\u00e8s au march\u00e9 europ\u00e9en, accro\u00eetre leur activit\u00e9 commerciale, r\u00e9aliser des lev\u00e9es de fonds et b\u00e9n\u00e9ficier d\u2019un acc\u00e8s au capital et aux investissements publics et priv\u00e9s au Portugal, ainsi que dans l\u2019Union europ\u00e9enne.\u00a0<\/p>\n<p>Auteur: Karim Handaoui<br \/>\n<a href=\"https:\/\/www.challenge.ma\/anas-el-arras-pdg-de-growin-portugal-laccord-avec-ladd-permettra-aux-startups-marocaines-dacceder-au-marche-europeen-187993\/\">Cliquez ici pour lire l&rsquo;article depuis sa source.<\/a><\/p>\n","protected":false},"excerpt":{"rendered":"<p>L\u2019Agence de D\u00e9veloppement du Digital (ADD) et la plateforme de conseil GrowIN Portugal ont lanc\u00e9 une initiative pour soutenir l\u2019internationalisation des startups marocaines et portugaises en signant un accord strat\u00e9gique. Ce partenariat favorisera la promotion de la coop\u00e9ration entre les deux organisations, en mettant l\u2019accent sur le soutien \u00e0 l\u2019expansion des startups dans leurs \u00e9cosyst\u00e8mes [&hellip;]<\/p>\n","protected":false},"author":1787,"featured_media":0,"comment_status":"closed","ping_status":"closed","sticky":false,"template":"","format":"standard","meta":{"fifu_image_url":"","fifu_image_alt":"","footnotes":""},"categories":[78,54],"tags":[],"class_list":["post-118429","post","type-post","status-publish","format-standard","hentry","category-economie","category-maroc"],"_links":{"self":[{"href":"https:\/\/linitiative.ca\/International\/wp-json\/wp\/v2\/posts\/118429","targetHints":{"allow":["GET"]}}],"collection":[{"href":"https:\/\/linitiative.ca\/International\/wp-json\/wp\/v2\/posts"}],"about":[{"href":"https:\/\/linitiative.ca\/International\/wp-json\/wp\/v2\/types\/post"}],"author":[{"embeddable":true,"href":"https:\/\/linitiative.ca\/International\/wp-json\/wp\/v2\/users\/1787"}],"replies":[{"embeddable":true,"href":"https:\/\/linitiative.ca\/International\/wp-json\/wp\/v2\/comments?post=118429"}],"version-history":[{"count":0,"href":"https:\/\/linitiative.ca\/International\/wp-json\/wp\/v2\/posts\/118429\/revisions"}],"wp:attachment":[{"href":"https:\/\/linitiative.ca\/International\/wp-json\/wp\/v2\/media?parent=118429"}],"wp:term":[{"taxonomy":"category","embeddable":true,"href":"https:\/\/linitiative.ca\/International\/wp-json\/wp\/v2\/categories?post=118429"},{"taxonomy":"post_tag","embeddable":true,"href":"https:\/\/linitiative.ca\/International\/wp-json\/wp\/v2\/tags?post=118429"}],"curies":[{"name":"wp","href":"https:\/\/api.w.org\/{rel}","templated":true}]}}