{"id":118430,"date":"2021-06-11T11:06:24","date_gmt":"2021-06-11T15:06:24","guid":{"rendered":"https:\/\/linitiative.ca\/International\/voitures-hybrides-et-electriques-ou-en-est-le-maroc-dossier\/"},"modified":"2021-06-11T11:06:24","modified_gmt":"2021-06-11T15:06:24","slug":"voitures-hybrides-et-electriques-ou-en-est-le-maroc-dossier","status":"publish","type":"post","link":"https:\/\/linitiative.ca\/International\/voitures-hybrides-et-electriques-ou-en-est-le-maroc-dossier\/","title":{"rendered":"Voitures hybrides et \u00e9lectriques : o\u00f9 en est le Maroc ? [Dossier]"},"content":{"rendered":"<p><strong>Aujourd\u2019hui, le secteur automobile dans le monde a op\u00e9r\u00e9 \u00e0 marche forc\u00e9e sa mutation \u00e9cologique capitalisant majoritairement pour l\u2019instant, sur les v\u00e9hicules hybrides et \u00e9lectriques, sans compter que de nouveaux entrants ont investi le march\u00e9, au rang desquels les producteurs ou op\u00e9rateurs de bornes de recharge, les \u00e9nerg\u00e9ticiens, en passant par les fournisseurs de services vari\u00e9s. Un contexte auquel devra faire face le Maroc, d\u2019autant que la presque totalit\u00e9 des futurs v\u00e9hicules neufs import\u00e9s de l\u2019\u00e9tranger aupr\u00e8s des constructeurs automobiles mondiaux s\u2019inscrira dans le cadre de cette mobilit\u00e9 propre in\u00e9luctable.<\/strong><\/p>\n<div class=\"c10\">\n<\/div>\n<p><strong>Le Royaume devra \u00e9galement anticiper et pr\u00e9voir les adaptations n\u00e9cessaires en mati\u00e8re de production d\u2019\u00e9quipements d\u00e9di\u00e9s \u00e0 la voiture \u00e9lectrique, notamment\u00a0 les bornes de recharge. Ceci, pour accompagner et driver cette acc\u00e9l\u00e9ration du d\u00e9veloppement de la mobilit\u00e9 \u00e9lectrique mondiale. Ou en est-on \u00e0 l\u2019heure actuelle, face \u00e0 cette transition \u00e9nerg\u00e9tique automobile ? Qu\u2019est-ce qui a \u00e9t\u00e9 fait pour promouvoir l\u2019essor des v\u00e9hicules propres et que reste-t-il \u00e0 faire? Qu\u2019en est-il de l\u2019offre dans ce segment propos\u00e9e par les importateurs locaux ? Le Royaume a-t-il des cartes \u00e0 abattre pour accueillir une industrie d\u00e9di\u00e9e \u00e0 la mobilit\u00e9 verte et figurer parmi les \u00abglobal players\u00bb ?<\/strong><\/p>\n<p><strong>Lire aussi | <a href=\"https:\/\/www.challenge.ma\/nasser-bourita-reagit-a-la-resolution-du-parlement-europeen-187940\/\">Nasser Bourita r\u00e9agit \u00e0 la r\u00e9solution du Parlement europ\u00e9en<\/a><\/strong><\/p>\n<p>Ces derni\u00e8res ann\u00e9es dans le Royaume, une large frange des importateurs automobiles ont investi le segment des v\u00e9hicules propres, disposant notamment dans leur gamme de mod\u00e8les d\u2019hybrides, d\u2019hybrides rechargeables et d\u2019\u00e9lectriques. Des v\u00e9hicules tous segments confondus (de la petite citadine polyvalente aux SUV et autres berlines de luxe), dont nous avons list\u00e9 dans ce dossier quelques exemplaires afin de se faire une id\u00e9e un peu plus pr\u00e9cise de l\u2019offre existante. Le fait, est que les ventes de ce type de v\u00e9hicules ne repr\u00e9sentent m\u00eame pas 1% du march\u00e9 global pour l\u2019exercice commercial 2020.<\/p>\n<p><strong>Lire aussi | <a href=\"https:\/\/www.challenge.ma\/lespagne-envisage-dimposer-des-visas-a-tous-les-marocains-pour-entrer-a-sebta-et-melilla-187912\/\">L\u2019Espagne envisage d\u2019imposer des visas \u00e0 tous les Marocains pour entrer \u00e0 Sebta et Melilla !<\/a><\/strong><\/p>\n<p><strong>Lire la suite dans votre e-magazine Challenge en cliquant sur la couverture.<\/strong><\/p>\n<p><strong>Autres sujets du dossier :<\/strong><\/p>\n<p>-Adil Bennani, Pr\u00e9sident de l\u2019AIVAM : \u00ab\u00a0Il reste beaucoup \u00e0 faire pour dynamiser l\u2019hybride\u00a0et l\u2019\u00e9lectrique au Maroc\u00a0\u00bb\u00a0<\/p>\n<p>-Industrie : le Maroc peut produire des composants \u00a0de la voiture \u00e9lectrique<\/p>\n<p>-Khalid Qalam, Expert et Consultant Senior ind\u00e9pendant dans le secteur de l\u2019Automobile et de la Mobilit\u00e9 : \u00ab\u00a0Nous devrons accueillir une \u00abGigafactory\u00bb de batteries pour v\u00e9hicules \u00e9lectriques\u00a0\u00bb<\/p>\n<p>-Autonomie des Batteries \u00e9lectriques: des op\u00e9rateurs qui innovent \u00a0<\/p>\n<p>-Quelle \u00e9nergie pour quel usage ?<\/p>\n<p>-Le dico de l\u2019auto : Ces mots qu\u2019il nous faut int\u00e9grer \u00a0\u00a0<\/p>\n<p>-14 mod\u00e8les pour\u00a0rouler \u00abpropre\u00bb<\/p>\n<figure class=\"wp-block-image size-large\"><a href=\"https:\/\/emag.challenge.ma\/793\/mobile\/index.html\"><img decoding=\"async\" loading=\"lazy\" width=\"786\" height=\"1024\" src=\"https:\/\/www.challenge.ma\/wp-content\/uploads\/2021\/06\/1-7-786x1024.jpg\" alt=\"\" class=\"wp-image-187926\" srcset=\"https:\/\/www.challenge.ma\/wp-content\/uploads\/2021\/06\/1-7-786x1024.jpg 786w, https:\/\/www.challenge.ma\/wp-content\/uploads\/2021\/06\/1-7-230x300.jpg 230w, https:\/\/www.challenge.ma\/wp-content\/uploads\/2021\/06\/1-7-768x1001.jpg 768w, https:\/\/www.challenge.ma\/wp-content\/uploads\/2021\/06\/1-7-1178x1536.jpg 1178w, https:\/\/www.challenge.ma\/wp-content\/uploads\/2021\/06\/1-7-360x469.jpg 360w, https:\/\/www.challenge.ma\/wp-content\/uploads\/2021\/06\/1-7-750x978.jpg 750w, https:\/\/www.challenge.ma\/wp-content\/uploads\/2021\/06\/1-7.jpg 1381w\" sizes=\"auto, (max-width: 786px) 100vw, 786px\"\/><\/a><\/figure>\n<p>Auteur: challenge<br \/>\n<a href=\"https:\/\/www.challenge.ma\/voitures-hybrides-et-electriques-ou-en-est-le-maroc-dossier-187959\/\">Cliquez ici pour lire l&rsquo;article depuis sa source.<\/a><\/p>\n","protected":false},"excerpt":{"rendered":"<p>Aujourd\u2019hui, le secteur automobile dans le monde a op\u00e9r\u00e9 \u00e0 marche forc\u00e9e sa mutation \u00e9cologique capitalisant majoritairement pour l\u2019instant, sur les v\u00e9hicules hybrides et \u00e9lectriques, sans compter que de nouveaux entrants ont investi le march\u00e9, au rang desquels les producteurs ou op\u00e9rateurs de bornes de recharge, les \u00e9nerg\u00e9ticiens, en passant par les fournisseurs de services [&hellip;]<\/p>\n","protected":false},"author":1787,"featured_media":0,"comment_status":"closed","ping_status":"closed","sticky":false,"template":"","format":"standard","meta":{"fifu_image_url":"https:\/\/www.challenge.ma\/wp-content\/uploads\/2021\/06\/1-7-786x1024.jpg","fifu_image_alt":"Voitures hybrides et \u00e9lectriques : o\u00f9 en est le Maroc ? [Dossier]","footnotes":""},"categories":[78,54],"tags":[],"class_list":["post-118430","post","type-post","status-publish","format-standard","hentry","category-economie","category-maroc"],"_links":{"self":[{"href":"https:\/\/linitiative.ca\/International\/wp-json\/wp\/v2\/posts\/118430","targetHints":{"allow":["GET"]}}],"collection":[{"href":"https:\/\/linitiative.ca\/International\/wp-json\/wp\/v2\/posts"}],"about":[{"href":"https:\/\/linitiative.ca\/International\/wp-json\/wp\/v2\/types\/post"}],"author":[{"embeddable":true,"href":"https:\/\/linitiative.ca\/International\/wp-json\/wp\/v2\/users\/1787"}],"replies":[{"embeddable":true,"href":"https:\/\/linitiative.ca\/International\/wp-json\/wp\/v2\/comments?post=118430"}],"version-history":[{"count":0,"href":"https:\/\/linitiative.ca\/International\/wp-json\/wp\/v2\/posts\/118430\/revisions"}],"wp:attachment":[{"href":"https:\/\/linitiative.ca\/International\/wp-json\/wp\/v2\/media?parent=118430"}],"wp:term":[{"taxonomy":"category","embeddable":true,"href":"https:\/\/linitiative.ca\/International\/wp-json\/wp\/v2\/categories?post=118430"},{"taxonomy":"post_tag","embeddable":true,"href":"https:\/\/linitiative.ca\/International\/wp-json\/wp\/v2\/tags?post=118430"}],"curies":[{"name":"wp","href":"https:\/\/api.w.org\/{rel}","templated":true}]}}