{"id":118433,"date":"2021-06-11T13:03:47","date_gmt":"2021-06-11T17:03:47","guid":{"rendered":"https:\/\/linitiative.ca\/International\/medecins-etrangers-au-maroc-les-medecins-du-prive-disent-non\/"},"modified":"2021-06-11T13:03:47","modified_gmt":"2021-06-11T17:03:47","slug":"medecins-etrangers-au-maroc-les-medecins-du-prive-disent-non","status":"publish","type":"post","link":"https:\/\/linitiative.ca\/International\/medecins-etrangers-au-maroc-les-medecins-du-prive-disent-non\/","title":{"rendered":"M\u00e9decins \u00e9trangers au Maroc : les m\u00e9decins du priv\u00e9 disent non !"},"content":{"rendered":"<p><strong>A quelques jours de l\u2019examen au Parlement du projet de loi modifiant et compl\u00e9tant la loi n\u00b0131.13 relative \u00e0 l\u2019exercice de la m\u00e9decine et destin\u00e9 \u00e0 r\u00e9viser les conditions d\u2019acc\u00e8s pour les m\u00e9decins \u00e9trangers au Maroc, les m\u00e9decins marocains du priv\u00e9 se mobilisent. Sous la houlette du Conseil National de l\u2019Ordre des M\u00e9decins (CNOM), ils ont d\u00e9cid\u00e9 de d\u00e9poser d\u2019ici l\u00e0 une proposition d\u2019amendements de la loi. Les d\u00e9tails.<\/strong><\/p>\n<div class=\"c10\">\n<\/div>\n<p>D\u00e8s le vendredi 16 juin, la Commission des secteurs sociaux de la Chambre des repr\u00e9sentants va statuer sur le projet de loi modifiant et compl\u00e9tant la loi n\u00b0131.13 relative \u00e0 l\u2019exercice de la m\u00e9decine et destin\u00e9 \u00e0 r\u00e9viser les conditions d\u2019acc\u00e8s pour les m\u00e9decins \u00e9trangers au Maroc. Depuis, c\u2019est le branle-bas de combat dans le secteur de la sant\u00e9, du moins du c\u00f4t\u00e9 du Conseil National de l\u2019Ordre des M\u00e9decins (CNOM). Ce dernier qui a mandat\u00e9 trois syndicats, notamment le Coll\u00e8ge Syndical National des M\u00e9decins G\u00e9n\u00e9ralistes Priv\u00e9s (CSNMSP), le Syndicat National des M\u00e9decins du Secteur Lib\u00e9ral (SNMSL) et le Syndicat National des M\u00e9decins G\u00e9n\u00e9ralistes(SNMG), ainsi que l\u2019Association Nationale des Cliniques Priv\u00e9es (ANCP), a d\u00e9cid\u00e9 de d\u00e9poser d\u2019ici l\u00e0 une proposition d\u2019amendements de la loi. Pour ces repr\u00e9sentants des m\u00e9decins du secteur priv\u00e9, \u00ab\u00a0la loi n\u00b0131.13 relative \u00e0 l\u2019exercice de la m\u00e9decine qui va \u00eatre r\u00e9vis\u00e9e veut autoriser les m\u00e9decins \u00e9trangers \u00e0 pratiquer au Maroc sans \u00e9quivalence et sur simple proposition de \u00abmoul chekkara\u00a0\u00bb\u00a0\u00bb.<\/p>\n<p>Pour cela, ils \u00a0ont appel\u00e9 tous leurs coll\u00e8gues \u00e0 la mobilisation pour aller au Parlement d\u00e9fendre la proposition d\u2019amendement comme ils l\u2019avaient fait en 2019 en faisant la tourn\u00e9e aupr\u00e8s des groupes parlementaires. \u00ab\u00a0Cette loi est une catastrophe, si elle n\u2019est pas amend\u00e9e, sera une catastrophe pour le secteur priv\u00e9\u00a0\u00bb, affirment-ils. Concr\u00e8tement, que craignent ces professionnels marocains de sant\u00e9\u00a0? A leurs yeux, de grands groupes saoudiens et turcs ont d\u00e9j\u00e0 sign\u00e9 pour installer de m\u00e9gas structures clef en main, qui fonctionneraient avec des m\u00e9decins turcs, indiens, tha\u00eflandais, exer\u00e7ant avec des salaires bas. \u00ab\u00a0Aucun cabinet ne survivrait aux prix cass\u00e9s, surtout que le gouvernement ne va m\u00eame pas obliger ces structures \u00e0 s\u2019installer dans les d\u00e9serts m\u00e9dicaux!\u00a0\u00bb, mart\u00e8lent-ils.<\/p>\n<p><strong>Lire aussi | <a href=\"https:\/\/www.challenge.ma\/intelcia-souffle-sa-20eme-bougie-188014\/\">Intelcia, la multinationale marocaine souffle sa 20\u00e8me bougie<\/a><\/strong><\/p>\n<p>Selon un membre du Syndicat national des m\u00e9decins du secteur lib\u00e9ral, le gouvernement ne veut rien entendre. Car, la r\u00e9union qu\u2019ils ont tenue la semaine derni\u00e8re avec Khalid A\u00eft Taleb, ministre de la Sant\u00e9, en pr\u00e9sence \u00a0du secr\u00e9taire g\u00e9n\u00e9ral par int\u00e9rim de son d\u00e9partement, du directeur du d\u00e9partement r\u00e9glementaire et contentieux de son d\u00e9partement, de Dr Khalid Lahlou, Directeur G\u00e9n\u00e9ral de l\u2019ANAM, et de Bouchra Meddah, directrice des m\u00e9dicaments et de la pharmacie, n\u2019a abouti \u00e0 rien. \u00ab\u00a0Le ministre a plut\u00f4t essay\u00e9 de nous convaincre\u00a0 de ne pas s\u2019opposer \u00e0 l\u2019ouverture de la m\u00e9decine aux \u00e9trangers. Nous avons logiquement refus\u00e9. C\u2019est ce qui motive notre mobilisation actuelle car il y a urgence\u00a0\u00bb, dit-il.<\/p>\n<p>Pour rappel, la future g\u00e9n\u00e9ralisation de la protection sociale destin\u00e9e \u00e0 terme \u00e0 couvrir 22 millions de personnes actuellement d\u00e9pourvues d\u2019assurance maladie, n\u00e9cessitera des ressources humaines m\u00e9dicales pour sa r\u00e9alisation. Le Maroc qui fait face \u00e0 un d\u00e9ficit de praticiens a d\u00e9cid\u00e9 d\u2019ouvrir son secteur de la sant\u00e9 aux comp\u00e9tences \u00e9trang\u00e8res. Car, selon les pouvoirs publics, le Royaume est encore loin de son objectif de mettre chaque ann\u00e9e sur le march\u00e9 de la sant\u00e9 3300 nouveaux m\u00e9decins sans compter que le d\u00e9ficit se creuse \u00e0 cause de l\u2019\u00e9migration, principalement en France, du d\u00e9part \u00e0 la retraite et de la retraite anticip\u00e9e. Plus de 8 000 m\u00e9decins marocains n\u00e9s dans le Royaume exercent actuellement dans l\u2019Hexagone. Ne faudrait-il pas les faire revenir\u00a0? Car, le Maroc qui ne compte que 27 266 m\u00e9decins, dont 53% op\u00e8rent dans le secteur priv\u00e9, avec un ratio de 7,1 m\u00e9decins pour 10 000 habitants, est loin du standard de l\u2019Organisation Mondiale de la Sant\u00e9 (OMS) fix\u00e9 \u00e0 15,3 m\u00e9decins pour 10 000 habitants.<\/p>\n<p><strong>Lire aussi <em>|<\/em> <a href=\"https:\/\/www.challenge.ma\/air-arabia-maroc-reprise-des-vols-avec-leurope-187953\/\">Air Arabia Maroc : reprise des vols avec l\u2019Europe<\/a><\/strong><\/p>\n<p>Auteur: Adama Sylla<br \/>\n<a href=\"https:\/\/www.challenge.ma\/medecins-etrangers-au-maroc-les-medecins-du-prive-disent-non-188051\/\">Cliquez ici pour lire l&rsquo;article depuis sa source.<\/a><\/p>\n","protected":false},"excerpt":{"rendered":"<p>A quelques jours de l\u2019examen au Parlement du projet de loi modifiant et compl\u00e9tant la loi n\u00b0131.13 relative \u00e0 l\u2019exercice de la m\u00e9decine et destin\u00e9 \u00e0 r\u00e9viser les conditions d\u2019acc\u00e8s pour les m\u00e9decins \u00e9trangers au Maroc, les m\u00e9decins marocains du priv\u00e9 se mobilisent. Sous la houlette du Conseil National de l\u2019Ordre des M\u00e9decins (CNOM), ils [&hellip;]<\/p>\n","protected":false},"author":1787,"featured_media":0,"comment_status":"closed","ping_status":"closed","sticky":false,"template":"","format":"standard","meta":{"fifu_image_url":"","fifu_image_alt":"","footnotes":""},"categories":[78,54],"tags":[],"class_list":["post-118433","post","type-post","status-publish","format-standard","hentry","category-economie","category-maroc"],"_links":{"self":[{"href":"https:\/\/linitiative.ca\/International\/wp-json\/wp\/v2\/posts\/118433","targetHints":{"allow":["GET"]}}],"collection":[{"href":"https:\/\/linitiative.ca\/International\/wp-json\/wp\/v2\/posts"}],"about":[{"href":"https:\/\/linitiative.ca\/International\/wp-json\/wp\/v2\/types\/post"}],"author":[{"embeddable":true,"href":"https:\/\/linitiative.ca\/International\/wp-json\/wp\/v2\/users\/1787"}],"replies":[{"embeddable":true,"href":"https:\/\/linitiative.ca\/International\/wp-json\/wp\/v2\/comments?post=118433"}],"version-history":[{"count":0,"href":"https:\/\/linitiative.ca\/International\/wp-json\/wp\/v2\/posts\/118433\/revisions"}],"wp:attachment":[{"href":"https:\/\/linitiative.ca\/International\/wp-json\/wp\/v2\/media?parent=118433"}],"wp:term":[{"taxonomy":"category","embeddable":true,"href":"https:\/\/linitiative.ca\/International\/wp-json\/wp\/v2\/categories?post=118433"},{"taxonomy":"post_tag","embeddable":true,"href":"https:\/\/linitiative.ca\/International\/wp-json\/wp\/v2\/tags?post=118433"}],"curies":[{"name":"wp","href":"https:\/\/api.w.org\/{rel}","templated":true}]}}