{"id":118436,"date":"2021-06-11T16:38:08","date_gmt":"2021-06-11T20:38:08","guid":{"rendered":"https:\/\/linitiative.ca\/International\/tunisie-video-saied-et-mechichi-le-face-a-face-tant-attendu\/"},"modified":"2021-06-11T16:38:08","modified_gmt":"2021-06-11T20:38:08","slug":"tunisie-video-saied-et-mechichi-le-face-a-face-tant-attendu","status":"publish","type":"post","link":"https:\/\/linitiative.ca\/International\/tunisie-video-saied-et-mechichi-le-face-a-face-tant-attendu\/","title":{"rendered":"Tunisie [VIDEO] : Saied et Mechichi, le face \u00e0 face tant attendu !"},"content":{"rendered":"<div class=\"post-cont-in left relative\">\n<div id=\"post-info-wrap\" class=\"left relative post-info-out\">\n<div class=\"post-info-img left relative\"><img decoding=\"async\" alt=\"\" src=\"https:\/\/secure.gravatar.com\/avatar\/ea481d7287ad38ca1787f44b5bb1b70e?s=50&amp;d=mm&amp;r=g\" srcset=\"https:\/\/secure.gravatar.com\/avatar\/ea481d7287ad38ca1787f44b5bb1b70e?s=100&amp;d=mm&amp;r=g 2x\" class=\"avatar avatar-50 photo\" height=\"50\" width=\"50\" loading=\"lazy\"\/><\/div>\n<div class=\"post-info-in post-info-right left relative post-info-name left relative\"><span><span class=\"post-info-text\">Par<\/span> <span class=\"author-name vcard fn author\"><a href=\"https:\/\/www.tunisienumerique.com\/author\/rania-ben-slimane\/\" title=\"Articles par rania ben slimane\" rel=\"author\">rania ben slimane<\/a><\/span><\/span> <span class=\"post-date updated\"><time class=\"post-date updated\" datetime=\"2021-06-11\">\u00a0| Il y a 22 secondes<\/time><\/span><br \/>\n<meta itemprop=\"dateModified\" content=\"2021-06-11\"\/><\/div>\n<\/div>\n<p><span class=\"ssb_inline-share_heading left\">Cet article vous a \u00e9t\u00e9 utile? Partagez le, il int\u00e9ressera d\u2019autres personnes. Merci!<\/span><\/p>\n<div class=\"simplesocialbuttons simplesocial-round-btm-border simplesocialbuttons_inline simplesocialbuttons-align-left post-670903 post simplesocialbuttons-inline-no-animation\"><button class=\"simplesocial-fb-share\" target=\"_blank\" data-href=\"https:\/\/www.facebook.com\/sharer\/sharer.php?u=https:\/\/www.tunisienumerique.com\/tunisie-video-saied-et-mechichi-le-face-a-face-tant-attendu\/\" onclick=\"javascript:window.open(this.dataset.href, '', 'menubar=no,toolbar=no,resizable=yes,scrollbars=yes,height=600,width=600');return false;\"><span class=\"simplesocialtxt\">Facebook<\/span><\/button> <button class=\"simplesocial-twt-share\" data-href=\"https:\/\/twitter.com\/share?text=Tunisie+%5BVIDEO%5D+%3A+Saied+et+Mechichi%2C+le+face+%C3%A0+face+tant+attendu+%21&amp;url=https:\/\/www.tunisienumerique.com\/tunisie-video-saied-et-mechichi-le-face-a-face-tant-attendu\/\" rel=\"nofollow\" onclick=\"javascript:window.open(this.dataset.href, '', 'menubar=no,toolbar=no,resizable=yes,scrollbars=yes,height=600,width=600');return false;\"><span class=\"simplesocialtxt\">Twitter<\/span><\/button> <button target=\"popup\" class=\"simplesocial-linkedin-share\" data-href=\"https:\/\/www.linkedin.com\/cws\/share?url=https:\/\/www.tunisienumerique.com\/tunisie-video-saied-et-mechichi-le-face-a-face-tant-attendu\/\" onclick=\"javascript:window.open(this.dataset.href, '', 'menubar=no,toolbar=no,resizable=yes,scrollbars=yes,height=600,width=600');return false;\"><span class=\"simplesocialtxt\">LinkedIn<\/span><\/button> <button onclick=\"javascript:window.open(this.dataset.href, '_blank' );return false;\" class=\"simplesocial-whatsapp-share\" data-href=\"https:\/\/api.whatsapp.com\/send?text=https:\/\/www.tunisienumerique.com\/tunisie-video-saied-et-mechichi-le-face-a-face-tant-attendu\/\"><span class=\"simplesocialtxt\">WhatsApp<\/span><\/button><\/p>\n<\/div>\n<div class=\"code-block code-block-1 c5\">\n <ins class=\"adsbygoogle c4\" data-ad-layout=\"in-article\" data-ad-format=\"fluid\" data-ad-client=\"ca-pub-2102118777505746\" data-ad-slot=\"7301775417\"\/>\n<\/div>\n<p>Le pr\u00e9sident de la R\u00e9publique, Kais Saied a re\u00e7u ce soir 11 juin 2021, le Chef du Gouvernement par ailleurs ministre de l\u2019Int\u00e9rieur par int\u00e9rim, Hichem Mechichi et la ministre de la Justice par Int\u00e9rim, Hasna Ben Slimane au Palais de Carthage.<\/p>\n<p>La r\u00e9union a port\u00e9 sur la situation d\u00e9t\u00e9rior\u00e9e du pays, notamment en raison de la corruption, des complots et du conflit des pr\u00e9rogatives \u00e0 la t\u00eate du pouvoir ex\u00e9cutif.<\/p>\n<p>De son c\u00f4t\u00e9, Kais Saied a affirm\u00e9 qu\u2019il est de son devoir de prot\u00e9ger le pays et sa constitution et qu\u2019il connait parfaitement ces lobbies qui ne s\u2019int\u00e9ressent qu\u2019\u00e0 leur maintien au pouvoir.<\/p>\n<p>\u00ab <em>La Tunisie n\u2019est pas une marchandise ! La loi doit s\u2019appliquer \u00e0 tous les citoyens sur le m\u00eame pied d\u2019\u00e9galit\u00e9. Je n\u2019autoriserai \u00e0 personne de porter atteinte \u00e0 la r\u00e9putation ou l\u2019entit\u00e9 physique des tunisiens! Ce qui s\u2019est pass\u00e9 aujourd\u2019hui est inadmissible ! Assumez votre responsabilit\u00e9 !<\/em>\u00a0\u00bb, a-t-il martel\u00e9.<\/p>\n<p>En effet, Saied a tenu responsable le Chef du gouvernement, Hichem Mechichi quant \u00e0 l\u2019affaire de l\u2019agression polici\u00e8re contre un mineur \u00e0 Sidi Hassine et \u00e0 celle de l\u2019acc\u00e8s des d\u00e9put\u00e9s aux tribunaux pendant les audiences.<\/p>\n<p>A ce propos, Saied s\u2019est \u00e9tonn\u00e9 de l\u2019immobilisme du minist\u00e8re public dans le cadre de l\u2019infiltration de ces d\u00e9put\u00e9s infiltr\u00e9s.<\/p>\n<p>En outre, il a indiqu\u00e9 que 15 plaintes contre d\u2019anciens d\u00e9put\u00e9s \u00e0 l\u2019ARP pour des crimes de corruption et de m\u0153urs, n\u2019ont pas \u00e9t\u00e9 re\u00e7ues par le cabinet du Parlement.<\/p>\n<p>Il a rappel\u00e9 qu\u2019en 1959, lorsque des demandes de lev\u00e9e d\u2019immunit\u00e9 parlementaire ont \u00e9t\u00e9 envoy\u00e9es au parlement, elles ont \u00e9t\u00e9 approuv\u00e9es, tandis qu\u2019en 2021, l\u2019ARP se cache derri\u00e8re des proc\u00e9dures pour ne pas approuver ces requ\u00eates.<\/p>\n<p>A ce titre, il r\u00e9it\u00e9r\u00e9 ses reproches au minist\u00e8re public exigeant son action contre les contrevenants que ce soit au sein de l\u2019ARP ou sur les r\u00e9seaux sociaux pour prot\u00e9ger la stature du pr\u00e9sident de la R\u00e9publique.<\/p>\n<p>\u00ab\u00a0<em>Il faut que les institutions appliquent la loi, ce n\u2019est pas de cette mani\u00e8re qu\u2019on g\u00e8re un Etat\u00a0! La situation est critique (\u2026) Je le dis haut et fort aujourd\u2019hui, je ne vais pas laisser les lobbies porter atteinte aux symboles de l\u2019Etat ni aux citoyens\u00a0!<\/em> \u00bb, a t-il pr\u00e9cis\u00e9.<\/p>\n<p><span class=\"ssb_inline-share_heading left\">Cet article vous a \u00e9t\u00e9 utile? Partagez le, il int\u00e9ressera d\u2019autres personnes. Merci!<\/span><\/p>\n<div class=\"simplesocialbuttons simplesocial-round-btm-border simplesocialbuttons_inline simplesocialbuttons-align-left post-670903 post simplesocialbuttons-inline-no-animation\"><button class=\"simplesocial-fb-share\" target=\"_blank\" data-href=\"https:\/\/www.facebook.com\/sharer\/sharer.php?u=https:\/\/www.tunisienumerique.com\/tunisie-video-saied-et-mechichi-le-face-a-face-tant-attendu\/\" onclick=\"javascript:window.open(this.dataset.href, '', 'menubar=no,toolbar=no,resizable=yes,scrollbars=yes,height=600,width=600');return false;\"><span class=\"simplesocialtxt\">Facebook<\/span><\/button> <button class=\"simplesocial-twt-share\" data-href=\"https:\/\/twitter.com\/share?text=Tunisie+%5BVIDEO%5D+%3A+Saied+et+Mechichi%2C+le+face+%C3%A0+face+tant+attendu+%21&amp;url=https:\/\/www.tunisienumerique.com\/tunisie-video-saied-et-mechichi-le-face-a-face-tant-attendu\/\" rel=\"nofollow\" onclick=\"javascript:window.open(this.dataset.href, '', 'menubar=no,toolbar=no,resizable=yes,scrollbars=yes,height=600,width=600');return false;\"><span class=\"simplesocialtxt\">Twitter<\/span><\/button> <button target=\"popup\" class=\"simplesocial-linkedin-share\" data-href=\"https:\/\/www.linkedin.com\/cws\/share?url=https:\/\/www.tunisienumerique.com\/tunisie-video-saied-et-mechichi-le-face-a-face-tant-attendu\/\" onclick=\"javascript:window.open(this.dataset.href, '', 'menubar=no,toolbar=no,resizable=yes,scrollbars=yes,height=600,width=600');return false;\"><span class=\"simplesocialtxt\">LinkedIn<\/span><\/button> <button onclick=\"javascript:window.open(this.dataset.href, '_blank' );return false;\" class=\"simplesocial-whatsapp-share\" data-href=\"https:\/\/api.whatsapp.com\/send?text=https:\/\/www.tunisienumerique.com\/tunisie-video-saied-et-mechichi-le-face-a-face-tant-attendu\/\"><span class=\"simplesocialtxt\">WhatsApp<\/span><\/button><\/p>\n<\/div>\n<p><strong>Que se passe-t-il en Tunisie?<\/strong><br \/>Nous expliquons sur notre <a href=\"https:\/\/www.youtube.com\/channel\/UCRzypVq0B_yBad5eGrwBx0Q?sub_confirmation=1\" target=\"_blank\" rel=\"noopener\">cha\u00eene YouTube<\/a> . <a href=\"https:\/\/www.youtube.com\/channel\/UCRzypVq0B_yBad5eGrwBx0Q?sub_confirmation=1\" target=\"_blank\" rel=\"noopener\">Abonnez-vous!<\/a><\/p>\n<div class=\"mvp-org-wrap\" itemprop=\"publisher\">\n<div class=\"mvp-org-logo\" itemprop=\"logo\"><img decoding=\"async\" src=\"https:\/\/www.tunisienumerique.com\/wp-content\/uploads\/2017\/02\/logo_tunisie_numerique.png\"\/><br \/>\n<meta itemprop=\"url\" content=\"https:\/\/www.tunisienumerique.com\/wp-content\/uploads\/2017\/02\/logo_tunisie_numerique.png\"\/><\/div>\n<p><meta content=\"Tunisie\"\/><\/div>\n<div class=\"mvp-related-posts left relative\">\n<h4 class=\"post-header\"><span class=\"post-header\">Lire aussi<\/span><\/h4>\n<\/div>\n<div id=\"article-ad\">\n <ins class=\"adsbygoogle c6\" data-ad-client=\"ca-pub-2102118777505746\" data-ad-slot=\"6513972734\" data-ad-format=\"auto\" data-full-width-responsive=\"true\"\/>\n<\/div>\n<\/div>\n<div id=\"post-sidebar-wrap\">\n <ins class=\"adsbygoogle c6\" data-ad-client=\"ca-pub-2102118777505746\" data-ad-slot=\"6168283410\" data-ad-format=\"auto\" data-full-width-responsive=\"true\"\/>\n<\/div>\n<p>Auteur: rania ben slimane<br \/>\n<a href=\"https:\/\/www.tunisienumerique.com\/tunisie-video-saied-et-mechichi-le-face-a-face-tant-attendu\/\">Cliquez ici pour lire l&rsquo;article depuis sa source.<\/a><\/p>\n","protected":false},"excerpt":{"rendered":"<p>Par rania ben slimane \u00a0| Il y a 22 secondes Cet article vous a \u00e9t\u00e9 utile? Partagez le, il int\u00e9ressera d\u2019autres personnes. Merci! Facebook Twitter LinkedIn WhatsApp Le pr\u00e9sident de la R\u00e9publique, Kais Saied a re\u00e7u ce soir 11 juin 2021, le Chef du Gouvernement par ailleurs ministre de l\u2019Int\u00e9rieur par int\u00e9rim, Hichem Mechichi et [&hellip;]<\/p>\n","protected":false},"author":1789,"featured_media":0,"comment_status":"closed","ping_status":"closed","sticky":false,"template":"","format":"standard","meta":{"fifu_image_url":"https:\/\/secure.gravatar.com\/avatar\/ea481d7287ad38ca1787f44b5bb1b70e?s=50&d=mm&r=g","fifu_image_alt":"Tunisie [VIDEO] : Saied et Mechichi, le face \u00e0 face tant attendu !","footnotes":""},"categories":[73,55],"tags":[],"class_list":["post-118436","post","type-post","status-publish","format-standard","hentry","category-actualite","category-tunisie"],"_links":{"self":[{"href":"https:\/\/linitiative.ca\/International\/wp-json\/wp\/v2\/posts\/118436","targetHints":{"allow":["GET"]}}],"collection":[{"href":"https:\/\/linitiative.ca\/International\/wp-json\/wp\/v2\/posts"}],"about":[{"href":"https:\/\/linitiative.ca\/International\/wp-json\/wp\/v2\/types\/post"}],"author":[{"embeddable":true,"href":"https:\/\/linitiative.ca\/International\/wp-json\/wp\/v2\/users\/1789"}],"replies":[{"embeddable":true,"href":"https:\/\/linitiative.ca\/International\/wp-json\/wp\/v2\/comments?post=118436"}],"version-history":[{"count":0,"href":"https:\/\/linitiative.ca\/International\/wp-json\/wp\/v2\/posts\/118436\/revisions"}],"wp:attachment":[{"href":"https:\/\/linitiative.ca\/International\/wp-json\/wp\/v2\/media?parent=118436"}],"wp:term":[{"taxonomy":"category","embeddable":true,"href":"https:\/\/linitiative.ca\/International\/wp-json\/wp\/v2\/categories?post=118436"},{"taxonomy":"post_tag","embeddable":true,"href":"https:\/\/linitiative.ca\/International\/wp-json\/wp\/v2\/tags?post=118436"}],"curies":[{"name":"wp","href":"https:\/\/api.w.org\/{rel}","templated":true}]}}