{"id":118442,"date":"2021-06-10T18:41:29","date_gmt":"2021-06-10T22:41:29","guid":{"rendered":"https:\/\/linitiative.ca\/International\/sommet-mondial-sur-les-systemes-alimentaires-le-burkina-faso-sactive\/"},"modified":"2021-06-10T18:41:29","modified_gmt":"2021-06-10T22:41:29","slug":"sommet-mondial-sur-les-systemes-alimentaires-le-burkina-faso-sactive","status":"publish","type":"post","link":"https:\/\/linitiative.ca\/International\/sommet-mondial-sur-les-systemes-alimentaires-le-burkina-faso-sactive\/","title":{"rendered":"Sommet mondial sur les syst\u00e8mes alimentaires : le Burkina Faso s\u2019active"},"content":{"rendered":"<div class=\"td-post-featured-image\"><a href=\"https:\/\/www.sidwaya.info\/wp-content\/uploads\/2021\/06\/1-29.jpg\" data-caption=\"\"><img loading=\"lazy\" decoding=\"async\" width=\"595\" height=\"397\" class=\"entry-thumb td-modal-image\" src=\"https:\/\/www.sidwaya.info\/wp-content\/uploads\/2021\/06\/1-29.jpg\" srcset=\"https:\/\/www.sidwaya.info\/wp-content\/uploads\/2021\/06\/1-29.jpg 595w, https:\/\/www.sidwaya.info\/wp-content\/uploads\/2021\/06\/1-29-300x200.jpg 300w, https:\/\/www.sidwaya.info\/wp-content\/uploads\/2021\/06\/1-29-150x100.jpg 150w\" sizes=\"auto, (max-width: 595px) 100vw, 595px\" alt=\"\" title=\"1\"\/><\/a><\/div>\n<p><strong>Le gouvernement burkinab\u00e8 \u00e0 travers les minist\u00e8res en charge de l\u2019agriculture, de la sant\u00e9, des ressources animales et des partenaires techniques et financiers, pr\u00e9pare sa participation au 1er sommet mondial sur les syst\u00e8mes alimentaires pr\u00e9vu pour se tenir \u00e0 New York (Etats-Unis) en septembre prochain. Pour situer les enjeux de cet \u00e9v\u00e8nement, une conf\u00e9rence de presse a \u00e9t\u00e9 organis\u00e9e, le 10 juin 2021, au sein du Service d\u2019information du gouvernement (SIG).<\/strong><\/p>\n<p>Dans le cadre de la d\u00e9cennie d\u2019actions pour atteindre les Objectifs de d\u00e9veloppement durable (ODD) d\u2019ici \u00e0 2030, le premier Sommet sur les syst\u00e8mes alimentaires se tiendra en septembre 2021 \u00e0 New York aux Etats-Unis. Le sommet vise \u00e0 sensibiliser le public \u00e0 la n\u00e9cessit\u00e9 de travailler ensemble pour transformer la fa\u00e7on dont le monde produit, consomme et pense les aliments. Convoqu\u00e9 par le Secr\u00e9taire g\u00e9n\u00e9ral des Nations unies, Ant\u00f3nio Guterres, l\u2019\u00e9v\u00e9nement lancera de nouvelles actions audacieuses pour r\u00e9aliser des progr\u00e8s sur les 17 ODD, dont chacun repose dans une certaine mesure sur des syst\u00e8mes alimentaires plus sains, plus durables et plus \u00e9quitables. Vu l\u2019importance de cet \u00e9v\u00e8nement, le Burkina Faso se pr\u00e9pare. Le 10 juin 2021, le ministre de l\u2019Agriculture, des Am\u00e9nagements hydroagricoles et de la M\u00e9canisation, Salifou Ou\u00e9draogo, accompagn\u00e9 de ses homologues de la Sant\u00e9 et des Ressources animales, a anim\u00e9 un point de presse. Selon ses termes, chaque Etat membre a \u00e9t\u00e9 invit\u00e9 \u00e0 conduire des concertations nationales, avec l\u2019ensemble des parties prenantes des Syst\u00e8mes alimentaires. Le Burkina Faso tiendra ces s\u00e9ries de concertations nationales autour de trois grandes th\u00e9matiques, suivant une d\u00e9marche inclusive, a confi\u00e9 le ministre en charge de l\u2019agriculture.<\/p>\n<p>\u00ab Les \u00e9changes diversifi\u00e9s et ax\u00e9s sur des r\u00e9sultats porteront notamment sur comment assurer que les politiques nationales encouragent effectivement une production durable et une consommation d\u2019aliments diversifi\u00e9s, sains et nutritifs, accessibles \u00e0 toutes les couches de la population de notre pays, comment les dynamiques de production, de transformation, de fortification, de conservation\/stockage et de commercialisation garantissent une qualit\u00e9 nutritionnelle et sanitaire des aliments au profit des populations et quels sont les engagements de toutes les parties prenantes qui doivent favoriser de nouvelles actions et organisations de syst\u00e8mes alimentaires r\u00e9silients et durables au Burkina Faso \u00bb, a-t-il expliqu\u00e9.<\/p>\n<p><strong>Des consultations nationales en vue<\/strong><\/p>\n<p>Il a pr\u00e9cis\u00e9 que la s\u00e9rie de consultations nationales regroupera des d\u00e9cideurs politiques et de parties prenantes tels que les membres du gouvernement, les d\u00e9put\u00e9s, les \u00e9lus locaux, les jeunes, les femmes, la soci\u00e9t\u00e9 civile, les scientifiques, les religieux, les producteurs, les partenaires techniques au d\u00e9veloppement, les ONG et toutes les diff\u00e9rentes couches socio-professionnelles. A entendre le ministre Salifou Ou\u00e9draogo, l\u2019ensemble de ces concertations avec ces acteurs permettront de faire un diagnostic approfondi des syst\u00e8mes alimentaires actuels, en relevant ses forces et ses faiblesses. Ce, a-t-il indiqu\u00e9, afin de permettre de prendre des engagements communs encore plus forts et plus \u00e9quitables et d\u2019identifier les r\u00e9formes et actions n\u00e9cessaires pour am\u00e9liorer la r\u00e9silience et la durabilit\u00e9 des syst\u00e8mes alimentaires nationaux.<\/p>\n<p>Toujours dans le cadre des pr\u00e9paratifs du sommet, il a inform\u00e9 de la nomination d\u2019un Coordonnateur des syst\u00e8mes de s\u00e9curit\u00e9 alimentaires (CSSA) en la personne d\u2019Alassane Guir\u00e9. Il est charg\u00e9 de suivre de bout en bout tout le processus en collaboration avec toutes les diff\u00e9rentes composantes. A la question de comprendre davantage la d\u00e9finition des syst\u00e8mes alimentaires, Alassane Guir\u00e9 a argu\u00e9 qu\u2019ils d\u00e9signent tous les maillons de la chaine, allant de la production jusqu\u2019\u00e0 la consommation de produits sains, touchant ainsi, tous les aspects de l\u2019existence humaine. Une autre pr\u00e9occupation des journalistes a \u00e9t\u00e9 le d\u00e9lai imparti pour produire un document consensuel qui sera pr\u00e9sent\u00e9 \u00e0 New York aux acteurs du monde entier. Dr Lamourdia Thiombiano, un des facilitateurs et membre du CSSA, a assur\u00e9 que des rencontres sont organis\u00e9es dans les diff\u00e9rents minist\u00e8res pour capitaliser les acquis afin de les int\u00e9grer dans le document. D\u2019ores et d\u00e9j\u00e0, le ministre de l\u2019agriculture a fait comprendre que le sommet de septembre sera pr\u00e9c\u00e9d\u00e9 d\u2019un rassemblement pr\u00e9-sommet qui se tiendra \u00e0 Rome, en Italie du 26 au 28 juillet 2021. Ce rendez-vous de Rome permettra aux diff\u00e9rents pays participants, de peaufiner leur feuille de route pour le sommet de New York, a dit Salifou Ou\u00e9draogo.<\/p>\n<p class=\"c1\"><strong>Gaspard BAYALA<\/strong><\/p>\n<div class=\"td-a-rec td-a-rec-id-content_bottom tdi_33_9a6 td_block_template_1\">\n<p><img loading=\"lazy\" decoding=\"async\" class=\"aligncenter size-full wp-image-27454\" src=\"https:\/\/www.sidwaya.info\/wp-content\/uploads\/2020\/10\/PUB-Bandeau-paiement-mobile-siteweb.jpg\" alt=\"\" width=\"728\" height=\"90\"\/><\/div>\n<p>Auteur: BM. Sidwaya<br \/>\n<a href=\"https:\/\/www.sidwaya.info\/blog\/2021\/06\/10\/sommet-mondial-sur-les-systemes-alimentaires-le-burkina-faso-sactive\/\">Cliquez ici pour lire l&rsquo;article depuis sa source.<\/a><\/p>\n","protected":false},"excerpt":{"rendered":"<p>Le gouvernement burkinab\u00e8 \u00e0 travers les minist\u00e8res en charge de l\u2019agriculture, de la sant\u00e9, des ressources animales et des partenaires techniques et financiers, pr\u00e9pare sa participation au 1er sommet mondial sur les syst\u00e8mes alimentaires pr\u00e9vu pour se tenir \u00e0 New York (Etats-Unis) en septembre prochain. Pour situer les enjeux de cet \u00e9v\u00e8nement, une conf\u00e9rence de [&hellip;]<\/p>\n","protected":false},"author":1816,"featured_media":0,"comment_status":"closed","ping_status":"closed","sticky":false,"template":"","format":"standard","meta":{"fifu_image_url":"https:\/\/www.sidwaya.info\/wp-content\/uploads\/2021\/06\/1-29.jpg","fifu_image_alt":"Sommet mondial sur les syst\u00e8mes alimentaires : le Burkina Faso s\u2019active","footnotes":""},"categories":[73,81],"tags":[],"class_list":["post-118442","post","type-post","status-publish","format-standard","hentry","category-actualite","category-burkina-faso"],"_links":{"self":[{"href":"https:\/\/linitiative.ca\/International\/wp-json\/wp\/v2\/posts\/118442","targetHints":{"allow":["GET"]}}],"collection":[{"href":"https:\/\/linitiative.ca\/International\/wp-json\/wp\/v2\/posts"}],"about":[{"href":"https:\/\/linitiative.ca\/International\/wp-json\/wp\/v2\/types\/post"}],"author":[{"embeddable":true,"href":"https:\/\/linitiative.ca\/International\/wp-json\/wp\/v2\/users\/1816"}],"replies":[{"embeddable":true,"href":"https:\/\/linitiative.ca\/International\/wp-json\/wp\/v2\/comments?post=118442"}],"version-history":[{"count":0,"href":"https:\/\/linitiative.ca\/International\/wp-json\/wp\/v2\/posts\/118442\/revisions"}],"wp:attachment":[{"href":"https:\/\/linitiative.ca\/International\/wp-json\/wp\/v2\/media?parent=118442"}],"wp:term":[{"taxonomy":"category","embeddable":true,"href":"https:\/\/linitiative.ca\/International\/wp-json\/wp\/v2\/categories?post=118442"},{"taxonomy":"post_tag","embeddable":true,"href":"https:\/\/linitiative.ca\/International\/wp-json\/wp\/v2\/tags?post=118442"}],"curies":[{"name":"wp","href":"https:\/\/api.w.org\/{rel}","templated":true}]}}