{"id":118445,"date":"2021-06-11T12:18:02","date_gmt":"2021-06-11T16:18:02","guid":{"rendered":"https:\/\/linitiative.ca\/International\/afrique-de-louest-la-bm-soutient-lacces-a-lenergie\/"},"modified":"2021-06-11T12:18:02","modified_gmt":"2021-06-11T16:18:02","slug":"afrique-de-louest-la-bm-soutient-lacces-a-lenergie","status":"publish","type":"post","link":"https:\/\/linitiative.ca\/International\/afrique-de-louest-la-bm-soutient-lacces-a-lenergie\/","title":{"rendered":"Afrique de l\u2019Ouest : la BM soutient l\u2019acc\u00e8s \u00e0 l\u2019\u00e9nergie"},"content":{"rendered":"<div readability=\"32\">\n<p>Publi\u00e9 le 11.06.2021 \u00e0 17h18 par APA News<\/p>\n<\/div>\n<div readability=\"109\">\n<p>La Banque mondiale vient d\u2019octroyer un financement de 465 millions de dollars pour accro\u00eetre l\u2019acc\u00e8s \u00e0 l\u2019\u00e9nergie et int\u00e9grer les \u00e9nergies renouvelables en Afrique de l\u2019Ouest.Les pays de la Communaut\u00e9 \u00e9conomique des \u00c9tats de l\u2019Afrique de l\u2019Ouest (CEDEAO) vont \u00e9tendre l\u2019acc\u00e8s au r\u00e9seau \u00e9lectrique \u00e0 plus d\u2019un million de personnes, en am\u00e9liorer la stabilit\u00e9 pour 3,5 autres millions d\u2019habitants et accro\u00eetre l\u2019int\u00e9gration des \u00e9nergies renouvelables dans le syst\u00e8me d\u2019\u00e9changes d\u2019\u00e9nergie \u00e9lectrique ouest-africain (EEEOA).<\/p>\n<p>Le nouveau projet r\u00e9gional d\u2019acc\u00e8s \u00e0 l\u2019\u00e9lectricit\u00e9 et de stockage de l\u2019\u00e9nergie par batteries, approuv\u00e9 ce vendredi 21 juin 2021 par le Groupe de la Banque mondiale, permettra d\u2019augmenter les raccordements au r\u00e9seau dans les zones fragiles du Sahel, renforcer les capacit\u00e9s de l\u2019Autorit\u00e9 de r\u00e9gulation r\u00e9gionale du secteur de l\u2019\u00e9lectricit\u00e9 de la CEDEAO (ARREC) et am\u00e9liorer l\u2019exploitation du r\u00e9seau de l\u2019EEEOA gr\u00e2ce \u00e0 une infrastructure de stockage de l\u2019\u00e9nergie par batteries.<\/p>\n<p>Cette initiative novatrice ouvre la voie \u00e0 l\u2019\u00e9chelle de la r\u00e9gion, \u00e0 l\u2019augmentation des capacit\u00e9s de production et de transport des \u00e9nergies renouvelables, ainsi qu\u2019\u00e0 une hausse des investissements dans ce domaine, informe le communiqu\u00e9 de la BM parvenu vendredi \u00e0 APA.<\/p>\n<p>\u00ab Le raccordement au r\u00e9seau d\u2019un nombre accru de m\u00e9nages et d\u2019entreprises, l\u2019am\u00e9lioration de sa fiabilit\u00e9 et la mise en valeur des importantes ressources en \u00e9nergie renouvelable de la r\u00e9gion \u2014 de jour comme de nuit \u2014 contribueront \u00e0 acc\u00e9l\u00e9rer la transformation \u00e9conomique et sociale de l\u2019Afrique de l\u2019Ouest \u00bb, a indiqu\u00e9 le chef de service au p\u00f4le mondial d\u2019expertise en \u00e9nergie de la Banque mondiale, Charles Cormier, cit\u00e9 par la note.<\/p>\n<p>Ce nouveau projet s\u2019appuie sur les progr\u00e8s d\u00e9j\u00e0 r\u00e9alis\u00e9s et financera des travaux de g\u00e9nie civil pour acc\u00e9l\u00e9rer l\u2019acc\u00e8s en Mauritanie, au Niger et au S\u00e9n\u00e9gal, informe le document.<\/p>\n<p>En Mauritanie, l\u2019\u00e9lectrification rurale sera \u00e9tendue gr\u00e2ce \u00e0 la densification du r\u00e9seau des sous-stations existantes, ce qui permettra d\u2019\u00e9lectrifier les villes de Bogh\u00e9, Ka\u00e9di et Selibaby, ainsi que les villages voisins le long de la fronti\u00e8re sud avec le S\u00e9n\u00e9gal.<\/p>\n<p>Les populations situ\u00e9es le long du fleuve Niger et dans les r\u00e9gions du centre-est du pays, vivant non loin de l\u2019interconnexion entre le Niger et le Nig\u00e9ria b\u00e9n\u00e9ficieront \u00e9galement d\u2019un acc\u00e8s au r\u00e9seau, tout comme celles \u00e0 proximit\u00e9 des sous-stations en Casamance (S\u00e9n\u00e9gal). Les tarifs de raccordement au r\u00e9seau seront partiellement subventionn\u00e9s, limitant ainsi les co\u00fbts pour le million de personnes qui devraient en b\u00e9n\u00e9ficier.<\/p>\n<p>En C\u00f4te d\u2019Ivoire, au Niger et, \u00e0 terme au Mali, le projet financera des \u00e9quipements de stockage de l\u2019\u00e9nergie par batteries pour am\u00e9liorer la stabilit\u00e9 du r\u00e9seau \u00e9lectrique r\u00e9gional en augmentant la r\u00e9serve d\u2019\u00e9nergie dans ces pays et en facilitant l\u2019int\u00e9gration de sources d\u2019\u00e9nergies renouvelables intermittentes.<\/p>\n<p>Les technologies de stockage de l\u2019\u00e9nergie par batteries permettront aux op\u00e9rateurs de l\u2019EEEOA de stocker l\u2019\u00e9nergie renouvelable produite en dehors des heures de pointe. Ils pourront la distribuer pendant les p\u00e9riodes de forte demande, au lieu de recourir \u00e0 des syst\u00e8mes de production \u00e9lectrique \u00e0 forte intensit\u00e9 de carbone lorsque la demande est \u00e9lev\u00e9e en l\u2019absence de soleil ou de vent. L\u2019adoption de ces technologies devrait stimuler la participation du secteur priv\u00e9 dans la r\u00e9gion en soutenant le march\u00e9 des \u00e9nergies renouvelables.<\/p>\n<p>La capacit\u00e9 de stockage de l\u2019\u00e9nergie par batteries install\u00e9e dans le cadre du projet sera en mesure d\u2019emmagasiner les 793 m\u00e9gawatts d\u2019\u00e9nergie solaire suppl\u00e9mentaires que l\u2019EEEOA pr\u00e9voit de mettre en place dans les trois pays.<\/p>\n<p>\u00ab Ces ambitieux r\u00e9sultats seront atteints gr\u00e2ce \u00e0 une approche r\u00e9gionale. En collaborant, ces pays peuvent optimiser les investissements et les \u00e9conomies d\u2019\u00e9chelle ainsi qu\u2019harmoniser les \u00e9quipements et les normes. Ils peuvent aussi synchroniser les r\u00e9seaux pour partager plus largement le pouvoir transformateur de l\u2019\u00e9lectricit\u00e9 et acc\u00e9der \u00e0 une nouvelle \u00e8re d\u2019\u00e9changes d\u2019\u00e9nergie d\u00e9carbon\u00e9e \u00bb, explique la directrice de l\u2019int\u00e9gration r\u00e9gionale pour l\u2019Afrique subsaharienne, le Moyen-Orient et l\u2019Afrique du Nord \u00e0 la Banque mondiale, Deborah Wetzel.<\/p>\n<\/div>\n<p>Auteur: APA News<br \/>\n<a href=\"https:\/\/www.journalducameroun.com\/afrique-de-louest-la-bm-soutient-lacces-a-lenergie\/\">Cliquez ici pour lire l&rsquo;article depuis sa source.<\/a><\/p>\n","protected":false},"excerpt":{"rendered":"<p>Publi\u00e9 le 11.06.2021 \u00e0 17h18 par APA News La Banque mondiale vient d\u2019octroyer un financement de 465 millions de dollars pour accro\u00eetre l\u2019acc\u00e8s \u00e0 l\u2019\u00e9nergie et int\u00e9grer les \u00e9nergies renouvelables en Afrique de l\u2019Ouest.Les pays de la Communaut\u00e9 \u00e9conomique des \u00c9tats de l\u2019Afrique de l\u2019Ouest (CEDEAO) vont \u00e9tendre l\u2019acc\u00e8s au r\u00e9seau \u00e9lectrique \u00e0 plus d\u2019un [&hellip;]<\/p>\n","protected":false},"author":1965,"featured_media":0,"comment_status":"closed","ping_status":"closed","sticky":false,"template":"","format":"standard","meta":{"fifu_image_url":"","fifu_image_alt":"","footnotes":""},"categories":[73,82],"tags":[],"class_list":["post-118445","post","type-post","status-publish","format-standard","hentry","category-actualite","category-cameroun"],"_links":{"self":[{"href":"https:\/\/linitiative.ca\/International\/wp-json\/wp\/v2\/posts\/118445","targetHints":{"allow":["GET"]}}],"collection":[{"href":"https:\/\/linitiative.ca\/International\/wp-json\/wp\/v2\/posts"}],"about":[{"href":"https:\/\/linitiative.ca\/International\/wp-json\/wp\/v2\/types\/post"}],"author":[{"embeddable":true,"href":"https:\/\/linitiative.ca\/International\/wp-json\/wp\/v2\/users\/1965"}],"replies":[{"embeddable":true,"href":"https:\/\/linitiative.ca\/International\/wp-json\/wp\/v2\/comments?post=118445"}],"version-history":[{"count":0,"href":"https:\/\/linitiative.ca\/International\/wp-json\/wp\/v2\/posts\/118445\/revisions"}],"wp:attachment":[{"href":"https:\/\/linitiative.ca\/International\/wp-json\/wp\/v2\/media?parent=118445"}],"wp:term":[{"taxonomy":"category","embeddable":true,"href":"https:\/\/linitiative.ca\/International\/wp-json\/wp\/v2\/categories?post=118445"},{"taxonomy":"post_tag","embeddable":true,"href":"https:\/\/linitiative.ca\/International\/wp-json\/wp\/v2\/tags?post=118445"}],"curies":[{"name":"wp","href":"https:\/\/api.w.org\/{rel}","templated":true}]}}