{"id":118446,"date":"2021-06-11T13:18:02","date_gmt":"2021-06-11T17:18:02","guid":{"rendered":"https:\/\/linitiative.ca\/International\/zambie-edgar-lungu-autorise-a-briguer-un-3e-mandat\/"},"modified":"2021-06-11T13:18:02","modified_gmt":"2021-06-11T17:18:02","slug":"zambie-edgar-lungu-autorise-a-briguer-un-3e-mandat","status":"publish","type":"post","link":"https:\/\/linitiative.ca\/International\/zambie-edgar-lungu-autorise-a-briguer-un-3e-mandat\/","title":{"rendered":"Zambie : Edgar Lungu autoris\u00e9 \u00e0 briguer un 3\u00e8 mandat"},"content":{"rendered":"<div readability=\"32\">\n<p>Publi\u00e9 le 11.06.2021 \u00e0 18h18 par APA News<\/p>\n<\/div>\n<div readability=\"74\">\n<p>La Cour constitutionnelle Zambienne a autoris\u00e9, ce vendredi, le pr\u00e9sident sortant, Edgar Lungu, \u00e0 briguer un troisi\u00e8me mandat.Le chef de l\u2019Etat de Zambie peut alors pousser un ouf de soulagement. Il pourra prendre part \u00e0 la l\u2019\u00e9lection pr\u00e9sidentielle du 12 ao\u00fbt prochain.<\/p>\n<p>La Cour a rejet\u00e9 une demande de la Legal Resources Foundation de l\u2019Historien Sishuwa Sishuwa, et de la Chapter One Foundation, qui souhaitaient la disqualification de Lungu pour un nouveau mandat, au motif qu\u2019il a d\u00e9j\u00e0 effectu\u00e9 les deux mandats l\u00e9gaux.<\/p>\n<p>\u00ab La candidature de Lungu est valide et il a le droit de se pr\u00e9senter aux \u00e9lections du 12 ao\u00fbt 2021 \u00bb, a d\u00e9clar\u00e9 le tribunal.<\/p>\n<p>Les trois requ\u00e9rants avaient demand\u00e9 \u00e0 la Cour d\u2019ordonner que la candidature de Lungu comme candidat du Front patriotique aux \u00e9lections g\u00e9n\u00e9rales du 12 ao\u00fbt soit invalid\u00e9e, apr\u00e8s que ce dernier a pr\u00eat\u00e9 serment deux fois en tant que pr\u00e9sident.<\/p>\n<p>Selon les p\u00e9titionnaires, M. Lungu a pr\u00eat\u00e9 serment deux fois parce qu\u2019il n\u2019\u00e9tait pas vice-pr\u00e9sident du pays lorsqu\u2019il a termin\u00e9 le mandat du d\u00e9funt pr\u00e9sident, Michael Sata d\u00e9c\u00e9d\u00e9 en 2014.<\/p>\n<p>Avant de devenir pr\u00e9sident, Lungu a occup\u00e9 les fonctions de ministre de la Justice et de ministre de la D\u00e9fense sous Michael Sata et a \u00e9t\u00e9 choisi comme candidat du PF pour l\u2019\u00e9lection pr\u00e9sidentielle partielle de janvier 2015 qui devait d\u00e9terminer le mandat du d\u00e9funt chef de l\u2019Etat.<\/p>\n<p>Les avocats de Lungu ont toutefois soutenu que la p\u00e9riode d\u2019un an que le dirigeant zambien a servi en 2015, lorsqu\u2019il a pr\u00eat\u00e9 serment pour la premi\u00e8re fois, ne constituait pas un mandat.<\/p>\n<p>C\u2019est la troisi\u00e8me fois en un an que l\u2019\u00e9ligibilit\u00e9 de Lungu pour un autre mandat est remise en question. Le tribunal s\u2019est prononc\u00e9 en faveur du pr\u00e9sident dans les deux pr\u00e9c\u00e9dentes affaires judiciaires.<\/p>\n<\/div>\n<p>Auteur: APA News<br \/>\n<a href=\"https:\/\/www.journalducameroun.com\/zambie-edgar-lungu-autorise-a-briguer-un-3e-mandat\/\">Cliquez ici pour lire l&rsquo;article depuis sa source.<\/a><\/p>\n","protected":false},"excerpt":{"rendered":"<p>Publi\u00e9 le 11.06.2021 \u00e0 18h18 par APA News La Cour constitutionnelle Zambienne a autoris\u00e9, ce vendredi, le pr\u00e9sident sortant, Edgar Lungu, \u00e0 briguer un troisi\u00e8me mandat.Le chef de l\u2019Etat de Zambie peut alors pousser un ouf de soulagement. Il pourra prendre part \u00e0 la l\u2019\u00e9lection pr\u00e9sidentielle du 12 ao\u00fbt prochain. La Cour a rejet\u00e9 une [&hellip;]<\/p>\n","protected":false},"author":1965,"featured_media":0,"comment_status":"closed","ping_status":"closed","sticky":false,"template":"","format":"standard","meta":{"fifu_image_url":"","fifu_image_alt":"","footnotes":""},"categories":[73,82],"tags":[],"class_list":["post-118446","post","type-post","status-publish","format-standard","hentry","category-actualite","category-cameroun"],"_links":{"self":[{"href":"https:\/\/linitiative.ca\/International\/wp-json\/wp\/v2\/posts\/118446","targetHints":{"allow":["GET"]}}],"collection":[{"href":"https:\/\/linitiative.ca\/International\/wp-json\/wp\/v2\/posts"}],"about":[{"href":"https:\/\/linitiative.ca\/International\/wp-json\/wp\/v2\/types\/post"}],"author":[{"embeddable":true,"href":"https:\/\/linitiative.ca\/International\/wp-json\/wp\/v2\/users\/1965"}],"replies":[{"embeddable":true,"href":"https:\/\/linitiative.ca\/International\/wp-json\/wp\/v2\/comments?post=118446"}],"version-history":[{"count":0,"href":"https:\/\/linitiative.ca\/International\/wp-json\/wp\/v2\/posts\/118446\/revisions"}],"wp:attachment":[{"href":"https:\/\/linitiative.ca\/International\/wp-json\/wp\/v2\/media?parent=118446"}],"wp:term":[{"taxonomy":"category","embeddable":true,"href":"https:\/\/linitiative.ca\/International\/wp-json\/wp\/v2\/categories?post=118446"},{"taxonomy":"post_tag","embeddable":true,"href":"https:\/\/linitiative.ca\/International\/wp-json\/wp\/v2\/tags?post=118446"}],"curies":[{"name":"wp","href":"https:\/\/api.w.org\/{rel}","templated":true}]}}