{"id":118447,"date":"2021-06-11T14:18:02","date_gmt":"2021-06-11T18:18:02","guid":{"rendered":"https:\/\/linitiative.ca\/International\/mali-nomination-dun-nouveau-gouvernement-de-transition\/"},"modified":"2021-06-11T14:18:02","modified_gmt":"2021-06-11T18:18:02","slug":"mali-nomination-dun-nouveau-gouvernement-de-transition","status":"publish","type":"post","link":"https:\/\/linitiative.ca\/International\/mali-nomination-dun-nouveau-gouvernement-de-transition\/","title":{"rendered":"Mali: nomination d\u2019un nouveau gouvernement de transition"},"content":{"rendered":"<div readability=\"32\">\n<p>Publi\u00e9 le 11.06.2021 \u00e0 19h18 par APA News<\/p>\n<\/div>\n<div readability=\"158\">\n<p>Les militaires conservent plusieurs minist\u00e8res cl\u00e9s dans ce nouveau gouvernement de transition, d\u00e9voil\u00e9 ce vendredi 11 juin, par le Secr\u00e9taire g\u00e9n\u00e9ral de la pr\u00e9sidence par int\u00e9rim, Badra Aliou Coulibaly.Dans cette nouvelle \u00e9quipe gouvernementale dirig\u00e9e par le Premier ministre Choguel Kokalla Ma\u00efga, les militaires h\u00e9ritent des minist\u00e8res de la D\u00e9fense, de la S\u00e9curit\u00e9, de l\u2019Administration territoriale et de la R\u00e9conciliation.\u00a0<\/p>\n<p>L\u2019un des meneurs du coup d\u2019\u00c9tat d\u2019ao\u00fbt 2020, Sadio Camara, retrouve le portefeuille de la D\u00e9fense. Son \u00e9viction du gouvernement fin mai par l\u2019ex-pr\u00e9sident de la transition, Bah Ndaw, est consid\u00e9r\u00e9e comme l\u2019un des \u00e9l\u00e9ments ayant d\u00e9clench\u00e9 le second putsch du colonel Assimi Go\u00efta.\u00a0<\/p>\n<p>Le ministre Abdoulaye Diop, qui faisait partie du gouvernement sous le pr\u00e9sident Ibrahim Boubacar Ke\u00efta, retrouve son poste aux Affaires \u00e9trang\u00e8res et \u00e0 la Coop\u00e9ration internationale. Le procureur anticorruption, Mahamadou Kassogu\u00e9 va, lui, diriger le minist\u00e8re de la Justice et des Droits de l\u2019Homme.<\/p>\n<p>La nouvelle \u00e9quipe gouvernementale compte 25 ministres et trois ministres d\u00e9l\u00e9gu\u00e9s.<\/p>\n<p>La liste :<\/p>\n<p>1.\u00a0Ministre de la D\u00e9fense et des anciens Combattants :<\/p>\n<p>Colonel Sadio CAMARA<\/p>\n<p>2.\u00a0Ministre-de la Justice et des Droits de l\u2019Homme, Garde des-Sceaux : Monsieur Mahamadou KASSOGUE<\/p>\n<p>3.\u00a0Ministre de la Refondation de l\u2019\u00c9tat, charg\u00e9 des Relations avec les Institutions : Monsieur Ibrahim Ikassa MA\u00cfGA<\/p>\n<p>4.\u00a0Ministre de l\u2019Administration territoriale et de la D\u00e9centralisation : Lieutenant-colonel Abdoulaye MA\u00cfGA<\/p>\n<p>5. Ministre de la S\u00e9curit\u00e9 et de la Protection civile :\u00a0Colonel-major Daoud Aly MOHAMMEDINE<\/p>\n<p>6.\u00a0Ministre de la R\u00e9conciliation, de la Paix et de la Coh\u00e9sion nationale, charg\u00e9 de l\u2019Accord pour la Paix et la R\u00e9conciliation nationale : Colonel-major Isma\u00ebl WAGU\u00c9<\/p>\n<p>7. Ministre des Transports et des Infrastructures : Madame DEMBELE Madina SISSOKO<\/p>\n<p>8. Ministre des Affaires \u00e9trang\u00e8res et de la Coop\u00e9ration internationale : Monsieur Abdoulaye DIOP<\/p>\n<p>9. Ministre de l\u2019Economie et des Finances : Monsieur Alouss\u00e9ni SANOU<\/p>\n<p>10.\u00a0Ministre de l\u2019Education nationale : Madame SIDIBE Dedeou OUSMANE<\/p>\n<p>11 . Ministre de l\u2019Enseignement sup\u00e9rieur et de la Recherche scientifique : Monsieur Amadou KEITA<\/p>\n<p>12. Ministre des Mines, de l\u2019Energie et de l\u2019Eau : Monsieur Lamine Seydou TRAORE<\/p>\n<p>13. Ministre de la Sant\u00e9 et du D\u00e9veloppement social : Madame Di\u00e9minatou SANGARE<\/p>\n<p>14. Ministre du Travail, de la Fonction publique et du Dialogue social : Madame DIAWARA Aoua Paule DIALLO<\/p>\n<p>15.\u00a0Ministre de la Jeunesse et des Sports, charg\u00e9 de l\u2019Instruction civique et de la Construction citoyenne : Monsieur Mossa AG ATTAHER<\/p>\n<p>16. Ministre des Maliens \u00e9tablis \u00e0 l\u2019Ext\u00e9rieur et de l\u2019Int\u00e9gration africaine : Monsieur Alhamdou AG ILYENE<\/p>\n<p>17. Ministre du D\u00e9veloppement rural : Monsieur Modibo KEITA<\/p>\n<p>18. Ministre de l\u2019Entreprenariat national, de l\u2019Emploi et de la Formation professionnelle : Monsieur Bakary DOUMBIA<\/p>\n<p>19.\u00a0Ministre de la Promotion de la Femme, de l\u2019Enfant et de la Famille : Madame WADIDIE Foun\u00e8 COULIBALY<\/p>\n<p>20. Ministre de l\u2019Industrie et du Commerce : Monsieur Mahmoud OULD MOHAMED<\/p>\n<p>21.\u00a0Ministre de l\u2019Urbanisme, de l\u2019Habitat, des Domaines, de l\u2019Am\u00e9nagement du Territoire et de la Population : Monsieur Br\u00e9hima KAMENA<\/p>\n<p>22.\u00a0Ministre de l\u2019Environnement, de l\u2019Assainissement et du D\u00e9veloppement durable : Monsieur Modibo KONE<\/p>\n<p>23. Ministre de la Communication, de l\u2019Economie num\u00e9rique et de la Modernisation de l\u2019Administration : Monsieur Harouna Mamadou TOUREH<\/p>\n<p>24.\u00a0Ministre de l\u2019Artisanat, de la Culture, de l\u2019Industrie h\u00f4teli\u00e8re et du Tourisme : Monsieur Andogoly GUINDO<\/p>\n<p>25. Ministre des Affaires religieuses, du Culte et des Coutumes : Monsieur Mamadou KONE<\/p>\n<p>I.\u00a0Ministre d\u00e9l\u00e9gu\u00e9 aupr\u00e8s du Premier ministre, charg\u00e9 des R\u00e9formes politique et institutionnelles : Madame Fatoumata S\u00e9kou DICKO<\/p>\n<p>II.\u00a0Ministre d\u00e9l\u00e9gu\u00e9 aupr\u00e8s du ministre de la Sant\u00e9 et du D\u00e9veloppement social, charg\u00e9 de l\u2019Action humanitaire, de la Solidarit\u00e9, des R\u00e9fugi\u00e9s et des D\u00e9plac\u00e9s : Monsieur Oumarou DIARRA<\/p>\n<p>III.\u00a0Ministre d\u00e9l\u00e9gu\u00e9 aupr\u00e8s du ministre du D\u00e9veloppement rural, charg\u00e9 de l\u2019Elevage et de la P\u00eache : Monsieur Youba BA<\/p>\n<\/div>\n<p>Auteur: APA News<br \/>\n<a href=\"https:\/\/www.journalducameroun.com\/mali-nomination-dun-nouveau-gouvernement-de-transition\/\">Cliquez ici pour lire l&rsquo;article depuis sa source.<\/a><\/p>\n","protected":false},"excerpt":{"rendered":"<p>Publi\u00e9 le 11.06.2021 \u00e0 19h18 par APA News Les militaires conservent plusieurs minist\u00e8res cl\u00e9s dans ce nouveau gouvernement de transition, d\u00e9voil\u00e9 ce vendredi 11 juin, par le Secr\u00e9taire g\u00e9n\u00e9ral de la pr\u00e9sidence par int\u00e9rim, Badra Aliou Coulibaly.Dans cette nouvelle \u00e9quipe gouvernementale dirig\u00e9e par le Premier ministre Choguel Kokalla Ma\u00efga, les militaires h\u00e9ritent des minist\u00e8res de [&hellip;]<\/p>\n","protected":false},"author":1965,"featured_media":0,"comment_status":"closed","ping_status":"closed","sticky":false,"template":"","format":"standard","meta":{"fifu_image_url":"","fifu_image_alt":"","footnotes":""},"categories":[73,82],"tags":[],"class_list":["post-118447","post","type-post","status-publish","format-standard","hentry","category-actualite","category-cameroun"],"_links":{"self":[{"href":"https:\/\/linitiative.ca\/International\/wp-json\/wp\/v2\/posts\/118447","targetHints":{"allow":["GET"]}}],"collection":[{"href":"https:\/\/linitiative.ca\/International\/wp-json\/wp\/v2\/posts"}],"about":[{"href":"https:\/\/linitiative.ca\/International\/wp-json\/wp\/v2\/types\/post"}],"author":[{"embeddable":true,"href":"https:\/\/linitiative.ca\/International\/wp-json\/wp\/v2\/users\/1965"}],"replies":[{"embeddable":true,"href":"https:\/\/linitiative.ca\/International\/wp-json\/wp\/v2\/comments?post=118447"}],"version-history":[{"count":0,"href":"https:\/\/linitiative.ca\/International\/wp-json\/wp\/v2\/posts\/118447\/revisions"}],"wp:attachment":[{"href":"https:\/\/linitiative.ca\/International\/wp-json\/wp\/v2\/media?parent=118447"}],"wp:term":[{"taxonomy":"category","embeddable":true,"href":"https:\/\/linitiative.ca\/International\/wp-json\/wp\/v2\/categories?post=118447"},{"taxonomy":"post_tag","embeddable":true,"href":"https:\/\/linitiative.ca\/International\/wp-json\/wp\/v2\/tags?post=118447"}],"curies":[{"name":"wp","href":"https:\/\/api.w.org\/{rel}","templated":true}]}}