{"id":118448,"date":"2021-06-11T15:18:01","date_gmt":"2021-06-11T19:18:01","guid":{"rendered":"https:\/\/linitiative.ca\/International\/le-parlement-arabe-tient-une-reunion-durgence-au-sujet-de-la-resolution-du-pe-sur-le-maroc\/"},"modified":"2021-06-11T15:18:01","modified_gmt":"2021-06-11T19:18:01","slug":"le-parlement-arabe-tient-une-reunion-durgence-au-sujet-de-la-resolution-du-pe-sur-le-maroc","status":"publish","type":"post","link":"https:\/\/linitiative.ca\/International\/le-parlement-arabe-tient-une-reunion-durgence-au-sujet-de-la-resolution-du-pe-sur-le-maroc\/","title":{"rendered":"Le parlement arabe tient une r\u00e9union d\u2019urgence au sujet de la r\u00e9solution du PE sur le Maroc"},"content":{"rendered":"<div readability=\"32\">\n<p>Publi\u00e9 le 11.06.2021 \u00e0 20h18 par APA News<\/p>\n<\/div>\n<div readability=\"65\">\n<p>Le parlement arabe tiendra, le 26 juin courant au Caire, une r\u00e9union d\u2019urgence pour discuter de la derni\u00e8re r\u00e9solution du parlement europ\u00e9en sur le Maroc, qui a contenu des accusations infond\u00e9es au sujet de la politique du Royaume en mati\u00e8re migratoire.Dans un communiqu\u00e9 publi\u00e9 vendredi, le pr\u00e9sident du parlement arabe, Adel ben Abderrahman Al-Assoumi, a indiqu\u00e9 que la tenue de cette s\u00e9ance sp\u00e9ciale et d\u2019urgence a \u00e9t\u00e9 d\u00e9cid\u00e9e \u00ab\u00a0partant de la responsabilit\u00e9 du parlement arabe qui apportera son soutien et sa solidarit\u00e9 au Maroc qui fait face \u00e0 cette crise dans laquelle le parlement europ\u00e9en s\u2019est incrust\u00e9 de fa\u00e7on injustifi\u00e9e\u00a0\u00bb.<\/p>\n<p>Avant l\u2019adoption de ladite r\u00e9solution, le parlement arabe avait demand\u00e9 \u00e0 son pendant europ\u00e9en de se garder de toute intervention dans cette crise qui doit \u00eatre r\u00e9solue dans un cadre bilat\u00e9ral entre le Maroc et l\u2019Espagne, a-t-il ajout\u00e9, soulignant que \u00ab\u00a0l\u2019obstination du parlement europ\u00e9en \u00e0 aller de l\u2019avant dans ses positions provocatrices sur des questions arabes, en plus de la derni\u00e8re r\u00e9solution, rejet\u00e9e en bloc, requiert d\u00e9sormais une s\u00e9rieuse action arabe\u00a0\u00bb.<\/p>\n<p>Le Parlement arabe avait condamn\u00e9 la r\u00e9solution adopt\u00e9e par le Parlement europ\u00e9en \u00e0 l\u2019\u00e9gard du Maroc, qui contient des critiques insens\u00e9es et infond\u00e9es concernant les politiques du Royaume en mati\u00e8re d\u2019immigration ill\u00e9gale.<\/p>\n<p>Dans un communiqu\u00e9, le Parlement arabe a critiqu\u00e9 \u00ab\u00a0la position du Parlement europ\u00e9en et son obstination \u00e0 s\u2019immiscer dans une crise bilat\u00e9rale qui peut \u00eatre r\u00e9solue par des moyens diplomatiques et des n\u00e9gociations bilat\u00e9rales directes entre le Royaume du Maroc et l\u2019Espagne, passant outre la voix de la raison et de la sagesse, y compris celle du Parlement arabe qui lui a pourtant demand\u00e9 de s\u2019abstenir de toute ing\u00e9rence injustifi\u00e9e dans cette crise bilat\u00e9rale\u00a0\u00bb.<\/p>\n<\/div>\n<p>Auteur: APA News<br \/>\n<a href=\"https:\/\/www.journalducameroun.com\/le-parlement-arabe-tient-une-reunion-durgence-au-sujet-de-la-resolution-du-pe-sur-le-maroc\/\">Cliquez ici pour lire l&rsquo;article depuis sa source.<\/a><\/p>\n","protected":false},"excerpt":{"rendered":"<p>Publi\u00e9 le 11.06.2021 \u00e0 20h18 par APA News Le parlement arabe tiendra, le 26 juin courant au Caire, une r\u00e9union d\u2019urgence pour discuter de la derni\u00e8re r\u00e9solution du parlement europ\u00e9en sur le Maroc, qui a contenu des accusations infond\u00e9es au sujet de la politique du Royaume en mati\u00e8re migratoire.Dans un communiqu\u00e9 publi\u00e9 vendredi, le pr\u00e9sident [&hellip;]<\/p>\n","protected":false},"author":1965,"featured_media":0,"comment_status":"closed","ping_status":"closed","sticky":false,"template":"","format":"standard","meta":{"fifu_image_url":"","fifu_image_alt":"","footnotes":""},"categories":[73,82],"tags":[],"class_list":["post-118448","post","type-post","status-publish","format-standard","hentry","category-actualite","category-cameroun"],"_links":{"self":[{"href":"https:\/\/linitiative.ca\/International\/wp-json\/wp\/v2\/posts\/118448","targetHints":{"allow":["GET"]}}],"collection":[{"href":"https:\/\/linitiative.ca\/International\/wp-json\/wp\/v2\/posts"}],"about":[{"href":"https:\/\/linitiative.ca\/International\/wp-json\/wp\/v2\/types\/post"}],"author":[{"embeddable":true,"href":"https:\/\/linitiative.ca\/International\/wp-json\/wp\/v2\/users\/1965"}],"replies":[{"embeddable":true,"href":"https:\/\/linitiative.ca\/International\/wp-json\/wp\/v2\/comments?post=118448"}],"version-history":[{"count":0,"href":"https:\/\/linitiative.ca\/International\/wp-json\/wp\/v2\/posts\/118448\/revisions"}],"wp:attachment":[{"href":"https:\/\/linitiative.ca\/International\/wp-json\/wp\/v2\/media?parent=118448"}],"wp:term":[{"taxonomy":"category","embeddable":true,"href":"https:\/\/linitiative.ca\/International\/wp-json\/wp\/v2\/categories?post=118448"},{"taxonomy":"post_tag","embeddable":true,"href":"https:\/\/linitiative.ca\/International\/wp-json\/wp\/v2\/tags?post=118448"}],"curies":[{"name":"wp","href":"https:\/\/api.w.org\/{rel}","templated":true}]}}