{"id":118450,"date":"2021-06-11T11:22:48","date_gmt":"2021-06-11T15:22:48","guid":{"rendered":"https:\/\/linitiative.ca\/International\/assemblee-nationale-pourquoi-un-debat-dorientation-budgetaire\/"},"modified":"2021-06-11T11:22:48","modified_gmt":"2021-06-11T15:22:48","slug":"assemblee-nationale-pourquoi-un-debat-dorientation-budgetaire","status":"publish","type":"post","link":"https:\/\/linitiative.ca\/International\/assemblee-nationale-pourquoi-un-debat-dorientation-budgetaire\/","title":{"rendered":"Assembl\u00e9e nationale : pourquoi un D\u00e9bat d\u2019orientation budg\u00e9taire ?"},"content":{"rendered":"<div class=\"entry-content entry clearfix\" readability=\"63\">\n<p>La premi\u00e8re s\u00e9ance de D\u00e9bat d\u2019orientation budg\u00e9taire a eu lieu en juin 2019. Un exercice qui a \u00e9t\u00e9 institu\u00e9 au lendemain de l\u2019adoption par le Parlement de la loi portant Code de transparence et de bonne gouvernance dans la gestion des finances publiques au Cameroun et de celle portant r\u00e9gime financier de l\u2019Etat. Concr\u00e8tement, c\u2019est l\u2019article 11 de cette derni\u00e8re qui institue le DOB\u00a0: \u00ab\u00a0(1)\u00a0<em>chaque ann\u00e9e avant le 1<sup>er<\/sup>\u00a0juillet, le gouvernement transmet au Parlement les documents de cadrage \u00e0 moyen terme d\u00e9finis \u00e0 l\u2019article 10 ci-dessus (cadre budg\u00e9taires \u00e0 moyen terme et cadres de d\u00e9penses \u00e0 moyen terme), accompagn\u00e9s d\u2019un rapport sur la situation macro\u00e9conomique et d\u2019un rapport sur l\u2019ex\u00e9cution du budget de l\u2019exercice en cours. (2) Sur la base de ces documents et rapports, le Parlement organise un D\u00e9bat d\u2019orientation budg\u00e9taire en s\u00e9ance publique mais sans vote\u00a0\u00bb.<\/em><\/p>\n<p><strong>Pouvoir du Parlement<\/strong><\/p>\n<p>L\u2019introduction de ces dispositions dans le processus d\u2019\u00e9laboration de la loi de finances au Cameroun ambitionnait de donner plus de pouvoir au Parlement. \u00ab\u00a0<em>Le Parlement n\u2019intervenait dans la proc\u00e9dure budg\u00e9taire qu\u2019au moment o\u00f9 le projet de loi de finances lui \u00e9tait transmis pour examen et adoption. Ce positionnement au bout de la cha\u00eene d\u2019\u00e9laboration du budget de l\u2019Etat avait pour inconv\u00e9nient de focaliser l\u2019attention des parlementaires sur les probl\u00e9matiques li\u00e9es \u00e0 l\u2019allocation des ressources et d\u2019\u00e9luder les d\u00e9bats sur les objectifs et les instruments de la politique budg\u00e9taire\u00bb\u00a0<\/em>indiquait le minist\u00e8re des Finances en 2019. Le Parlement s\u2019est par cons\u00e9quent vu doter du pouvoir d\u2019agir sur la politique budg\u00e9taire en amont. \u00ab\u00a0<em>L\u2019int\u00e9r\u00eat de d\u00e9battre de la politique budg\u00e9taire est effectivement de moindre importance lorsque le projet de loi de Finances est d\u00e9j\u00e0 finalis\u00e9 et transmis par le Gouvernement pour examen et adoption dans un cadre temporel et institutionnel contraint\u00a0\u00bb.<\/em><\/p>\n<p><strong>Inefficacit\u00e9<\/strong><\/p>\n<p>Alors que la loi portant r\u00e9gime financier de l\u2019Etat encadre le D\u00e9bat d\u2019orientation budg\u00e9taire, force est de constater que dans les faits, le Gouvernement est \u00e0 la traine apr\u00e8s deux ans. En juin 2020, les d\u00e9put\u00e9s s\u2019\u00e9taient plaints du peu d\u2019int\u00e9r\u00eat qu\u2019accordait le pouvoir Ex\u00e9cutif \u00e0 leurs propositions. Le ministre des Finances avait alors \u00e9voqu\u00e9 la nouveaut\u00e9 de l\u2019exercice pour justifier ce d\u00e9faut.\u00a0\u00ab\u00a0<em>Tout cela est nouveau pour nous tous. Nous comptons am\u00e9liorer les choses l\u2019ann\u00e9e prochaine. Je voudrais quand m\u00eame que vous reconnaissiez que le contexte \u00e9tait diff\u00e9rent. C\u2019est cette pand\u00e9mie du Covid qui a fait qu\u2019il y ait une ordonnance pr\u00e9sidentielle. Ca nous a pris du temps qu\u2019on aurait pu consacrer pour permettre que les documents du DOB vous parviennent beaucoup plus vite\u2026.Nous sommes dans un d\u00e9bat d\u2019orientation budg\u00e9taire. Nous ne sommes pas \u00e0 une session de discussion budg\u00e9taire. Ca veut dire que le moment viendra o\u00f9 on parlera\u00a0 de fa\u00e7on pr\u00e9cise d\u2019allocations budg\u00e9taires ann\u00e9e apr\u00e8s ann\u00e9e avec des projets pr\u00e9cis. Nous faisons un travail de cadrage et nous demandons aux parlementaires de participer, de nous aider \u00e0 faire ce cadrage\u2026 \u00bb<\/em><\/p>\n<p>En rappel, en 2020, l\u2019Assembl\u00e9e nationale notamment avait demand\u00e9 au Gouvernement d\u2019int\u00e9grer certaines probl\u00e9matiques dans l\u2019\u00e9laboration de la loi de Finances. Les 15% du budget de l\u2019Etat \u00e0 allouer aux Collectivit\u00e9s territoriales d\u00e9centralis\u00e9es, le plan de reconstruction de la r\u00e9gion de l\u2019Extr\u00eame-Nord, la gestion Made in Cameroon notamment. Des points sur lesquels, les parlementaires ne manqueront pas de demander des comptes \u00e0 Louis Paul Motaze dans quelques jours.\u00a0<\/p>\n<\/div>\n<div class=\"toggle-post-content clearfix\"><a id=\"toggle-post-button\" class=\"button\" href=\"#\">Afficher plus <\/a><\/div>\n<p>Auteur: EcoMatin<br \/>\n<a href=\"https:\/\/ecomatin.net\/assemblee-nationale-pourquoi-un-debat-dorientation-budgetaire\/\">Cliquez ici pour lire l&rsquo;article depuis sa source.<\/a><\/p>\n","protected":false},"excerpt":{"rendered":"<p>La premi\u00e8re s\u00e9ance de D\u00e9bat d\u2019orientation budg\u00e9taire a eu lieu en juin 2019. Un exercice qui a \u00e9t\u00e9 institu\u00e9 au lendemain de l\u2019adoption par le Parlement de la loi portant Code de transparence et de bonne gouvernance dans la gestion des finances publiques au Cameroun et de celle portant r\u00e9gime financier de l\u2019Etat. Concr\u00e8tement, c\u2019est [&hellip;]<\/p>\n","protected":false},"author":1969,"featured_media":0,"comment_status":"closed","ping_status":"closed","sticky":false,"template":"","format":"standard","meta":{"fifu_image_url":"","fifu_image_alt":"","footnotes":""},"categories":[82,78],"tags":[],"class_list":["post-118450","post","type-post","status-publish","format-standard","hentry","category-cameroun","category-economie"],"_links":{"self":[{"href":"https:\/\/linitiative.ca\/International\/wp-json\/wp\/v2\/posts\/118450","targetHints":{"allow":["GET"]}}],"collection":[{"href":"https:\/\/linitiative.ca\/International\/wp-json\/wp\/v2\/posts"}],"about":[{"href":"https:\/\/linitiative.ca\/International\/wp-json\/wp\/v2\/types\/post"}],"author":[{"embeddable":true,"href":"https:\/\/linitiative.ca\/International\/wp-json\/wp\/v2\/users\/1969"}],"replies":[{"embeddable":true,"href":"https:\/\/linitiative.ca\/International\/wp-json\/wp\/v2\/comments?post=118450"}],"version-history":[{"count":0,"href":"https:\/\/linitiative.ca\/International\/wp-json\/wp\/v2\/posts\/118450\/revisions"}],"wp:attachment":[{"href":"https:\/\/linitiative.ca\/International\/wp-json\/wp\/v2\/media?parent=118450"}],"wp:term":[{"taxonomy":"category","embeddable":true,"href":"https:\/\/linitiative.ca\/International\/wp-json\/wp\/v2\/categories?post=118450"},{"taxonomy":"post_tag","embeddable":true,"href":"https:\/\/linitiative.ca\/International\/wp-json\/wp\/v2\/tags?post=118450"}],"curies":[{"name":"wp","href":"https:\/\/api.w.org\/{rel}","templated":true}]}}