{"id":118451,"date":"2021-06-11T11:29:51","date_gmt":"2021-06-11T15:29:51","guid":{"rendered":"https:\/\/linitiative.ca\/International\/partenariat-public-prive-lenam-a-lecole-du-livre-blanc-du-gicam\/"},"modified":"2021-06-11T11:29:51","modified_gmt":"2021-06-11T15:29:51","slug":"partenariat-public-prive-lenam-a-lecole-du-livre-blanc-du-gicam","status":"publish","type":"post","link":"https:\/\/linitiative.ca\/International\/partenariat-public-prive-lenam-a-lecole-du-livre-blanc-du-gicam\/","title":{"rendered":"Partenariat public-priv\u00e9 : l\u2019Enam \u00e0 l\u2019\u00e9cole du livre blanc du Gicam"},"content":{"rendered":"<p>l\u2019Ecole Nationale d\u2019Administration et de Magistrature\u00a0(Enam), a re\u00e7u la visite du plus important mouvement patronal du Cameroun, qu\u2019est le Gicam. Ceci dans le cadre de la convention de partenariat sign\u00e9e entre le Groupement inter-patronal du Cameroun (Gicam) et l\u2019Ecole Nationale d\u2019Administration et de Magistrature. La convention qui lie les deux parties depuis 2019, s\u2019est mat\u00e9rialis\u00e9e ce 11 juin 2021, \u00e0 la faveur de la c\u00e9r\u00e9monie de pr\u00e9sentation du livre blanc du Gicam. \u00ab C\u2019est une boussole de l\u2019Etat que nous partageons. Nous avons\u00a0 constat\u00e9 justement\u00a0 des retards. Nous sommes tr\u00e8s en retard sur les objectifs qui nous sont fix\u00e9s. Il s\u2019agit mesdames et messieurs, de vous partager \u00e0 travers ce livre blanc notre vision..\u00bb, s\u2019exprime le Pr\u00e9sident du Groupement inter-patronal du Cameroun, C\u00e9lestin Tawamba.<\/p>\n<p><strong>Lire aussi<\/strong> : <strong><a href=\"https:\/\/ecomatin.net\/climat-des-affaires-le-gicam-presente-son-livre-blanc-sur-leconomie-camerounaise\/\">Climat des affaires : le Gicam pr\u00e9sente son livre blanc sur l\u2019\u00e9conomie camerounaise<\/a><\/strong><\/p>\n<p>Durant pr\u00e8s de quatre heures d\u2019horloge, la vision de l\u2019\u00e9conomie camerounaise selon les chefs d\u2019entreprises du pays a \u00e9t\u00e9 partag\u00e9e au corps enseignement de ladite \u00e9cole et \u00e0 ses \u00e9tudiants. C\u2019est \u00e0 travers diff\u00e9rents expos\u00e9s, aussi riches que vari\u00e9s que les membres du Gicam, \u00e0 l\u2019instar de la Directrice Ex\u00e9cutive Aline Val\u00e9rie Mbono, que l\u2019assistance a pu se faire une id\u00e9e non seulement \u00a0de la \u00ab\u00a0Bible du Gicam\u00a0\u00bb, mais aussi de la position du Groupement sur les questions de l\u2019\u00e9conomie nationale. Des pr\u00e9sentations portant sur la probl\u00e9matique du financement, les questions de fiscalit\u00e9 et de gouvernance, mais aussi l\u2019urgence d\u2019un dialogue \u00e9conomique et social r\u00e9nov\u00e9 et efficace\u00a0et enfin le mod\u00e8le \u00e9conomique, ont meubl\u00e9 l\u2019agenda de la c\u00e9r\u00e9monie.<\/p>\n<p><strong>Lire aussi<\/strong> : <strong><a href=\"https:\/\/ecomatin.net\/dialogue-public-privee-ce-que-dion-ngute-va-fairee-au-gicam\/\">Dialogue public-priv\u00e9 : ce que Dion Ngute va faire au Gicam<\/a><\/strong><\/p>\n<p>Sur la question de la fiscalit\u00e9 des entreprises. Laure Kenmogne Djoumessi membre du conseil d\u2019administration, a d\u00e9taill\u00e9 les facteurs qui plombent la survie des entreprises notamment des PME au Cameroun. \u00ab\u00a0Les entreprises sont compl\u00e8tement asphyxies. C\u2019est les PME qui subissent \u00a0la fameuse retenue \u00e0 la source. Parce que quand une PME travaille avec la grande entreprise, la grande entreprise retient l\u2019imp\u00f4t \u00e0 la source. Apres on s\u2019\u00e9tonne que la dur\u00e9e de vie d\u2019une PME est de 4 \u00e0 5 ans. Tout est fait pour qu\u2019elles meurent\u00bb, indique le membre du conseil d\u2019administration du Gicam. Au sortir de la c\u00e9r\u00e9monie, les administrateurs ont pu avoir une analyse et des outils cl\u00e9s de l\u2019\u00e9conomie du point de vue du secteur priv\u00e9.<\/p>\n<p><strong>Lire aussi<\/strong> : <strong><a href=\"https:\/\/ecomatin.net\/ecomatin-recoit-le-livre-blanc-du-gicam\/\">EcoMatin re\u00e7oit le \u00ab Livre blanc \u00bb du Gicam<\/a><\/strong><\/p>\n<p>Notons que, le \u00ab\u00a0Livre blanc de l\u2019\u00e9conomie camerounaise\u00a0\u00bb est con\u00e7u et r\u00e9alis\u00e9 par le Groupement inter patronal du Cameroun (Gicam). Il \u00a0aborde plusieurs sujets sur la fiscalit\u00e9, l\u2019endettement public, le budget, les march\u00e9s publics, la justice, ou encore le syst\u00e8me financier camerounais dont la n\u00e9cessit\u00e9 de r\u00e9novation et de diversification s\u2019impose, pense le Gicam. A ce sujet, le groupement patronal propose des r\u00e9formes sur \u00ab\u00a0le renforcement de l\u2019offre bancaire, l\u2019\u00e9largissement de l\u2019infrastructure financi\u00e8re, l\u2019approfondissement de l\u2019interm\u00e9diation financi\u00e8re, le d\u00e9veloppement des march\u00e9s de capitaux, l\u2019apurement de la dette int\u00e9rieure, et le d\u00e9veloppement du march\u00e9 de l\u2019assurance\u00a0\u00bb. Plus pr\u00e9cis\u00e9ment, l\u2019optimisation des recettes fiscales, la rationalisation de l\u2019endettement public, la modernisation de la justice, la lutte contre la fraude, la contrebande et la contrefa\u00e7on etc.<\/p>\n<p>Auteur: Amina MALLOUM<br \/>\n<a href=\"https:\/\/ecomatin.net\/partenariat-publicc-prive-lenam-a-lecole-du-livre-blanc-du-gicam\/\">Cliquez ici pour lire l&rsquo;article depuis sa source.<\/a><\/p>\n","protected":false},"excerpt":{"rendered":"<p>l\u2019Ecole Nationale d\u2019Administration et de Magistrature\u00a0(Enam), a re\u00e7u la visite du plus important mouvement patronal du Cameroun, qu\u2019est le Gicam. Ceci dans le cadre de la convention de partenariat sign\u00e9e entre le Groupement inter-patronal du Cameroun (Gicam) et l\u2019Ecole Nationale d\u2019Administration et de Magistrature. La convention qui lie les deux parties depuis 2019, s\u2019est mat\u00e9rialis\u00e9e [&hellip;]<\/p>\n","protected":false},"author":1969,"featured_media":0,"comment_status":"closed","ping_status":"closed","sticky":false,"template":"","format":"standard","meta":{"fifu_image_url":"","fifu_image_alt":"","footnotes":""},"categories":[82,78],"tags":[],"class_list":["post-118451","post","type-post","status-publish","format-standard","hentry","category-cameroun","category-economie"],"_links":{"self":[{"href":"https:\/\/linitiative.ca\/International\/wp-json\/wp\/v2\/posts\/118451","targetHints":{"allow":["GET"]}}],"collection":[{"href":"https:\/\/linitiative.ca\/International\/wp-json\/wp\/v2\/posts"}],"about":[{"href":"https:\/\/linitiative.ca\/International\/wp-json\/wp\/v2\/types\/post"}],"author":[{"embeddable":true,"href":"https:\/\/linitiative.ca\/International\/wp-json\/wp\/v2\/users\/1969"}],"replies":[{"embeddable":true,"href":"https:\/\/linitiative.ca\/International\/wp-json\/wp\/v2\/comments?post=118451"}],"version-history":[{"count":0,"href":"https:\/\/linitiative.ca\/International\/wp-json\/wp\/v2\/posts\/118451\/revisions"}],"wp:attachment":[{"href":"https:\/\/linitiative.ca\/International\/wp-json\/wp\/v2\/media?parent=118451"}],"wp:term":[{"taxonomy":"category","embeddable":true,"href":"https:\/\/linitiative.ca\/International\/wp-json\/wp\/v2\/categories?post=118451"},{"taxonomy":"post_tag","embeddable":true,"href":"https:\/\/linitiative.ca\/International\/wp-json\/wp\/v2\/tags?post=118451"}],"curies":[{"name":"wp","href":"https:\/\/api.w.org\/{rel}","templated":true}]}}