{"id":118452,"date":"2021-06-11T11:48:24","date_gmt":"2021-06-11T15:48:24","guid":{"rendered":"https:\/\/linitiative.ca\/International\/cameroun-union-europeenne-les-nouveaux-axes-de-la-cooperation\/"},"modified":"2021-06-11T11:48:24","modified_gmt":"2021-06-11T15:48:24","slug":"cameroun-union-europeenne-les-nouveaux-axes-de-la-cooperation","status":"publish","type":"post","link":"https:\/\/linitiative.ca\/International\/cameroun-union-europeenne-les-nouveaux-axes-de-la-cooperation\/","title":{"rendered":"Cameroun-Union europ\u00e9enne : les nouveaux axes de la coop\u00e9ration"},"content":{"rendered":"<p>Le ministre de l\u2019Economie, de la planification et de l\u2019am\u00e9nagement du territoire (Minepat), Alamine Ousmane Mey, et le nouvel Ambassadeur, Chef de D\u00e9l\u00e9gation de l\u2019Union europ\u00e9enne au Cameroun, son Excellence Philippe Van Damme, ont copr\u00e9sid\u00e9s le 10 juin 2021, la r\u00e9union semestrielle du suivi du partenariat Cameroun-Union europ\u00e9enne. Rencontre au cours de laquelle plusieurs aspects ont \u00e9t\u00e9 abord\u00e9s par les deux personnalit\u00e9s, notamment la mise en \u0153uvre de l\u2019Accord de partenariat \u00e9conomique (APE), le plan d\u2019action 2021, les priorit\u00e9s de programmation r\u00e9gionale et multi pays, la coordination du partenariat au sens du futur Accord Oeacp-UE.<\/p>\n<p><strong>Lire aussi<\/strong> : <strong><a href=\"https:\/\/ecomatin.net\/ape-le-cameroun-et-lue-affichent-des-divergencess-sur-la-mise-en-oeuvre-des-regles-dorigines\/\">APE : le Cameroun et l\u2019UE affichent des divergences sur la mise en \u0153uvre des r\u00e8gles d\u2019origines<\/a><\/strong><\/p>\n<p>Sur le point de la mise en \u0153uvre des APE, il \u00e9tait pr\u00e9visible que soit abord\u00e9e la question du protocole commun sur les r\u00e8gles d\u2019origine. Vu que cet aspect \u00e9tait \u00e0 l\u2019ordre du jour de la rencontre du comit\u00e9 APE Cameroun-Union Europ\u00e9enne, tenue du 26 au 27 avril 2021. Rencontre durant laquelle les deux parties affichaient des divergences sur les r\u00e8gles d\u2019origine. \u00ab\u00a0Il a \u00e9t\u00e9 convenu qu\u2019on allait essayer de r\u00e9gler l\u2019aspect r\u00e8gle d\u2019origine dans les meilleurs d\u00e9lais. Ceci a \u00e9t\u00e9 reconfirm\u00e9 par le Minepat aujourd\u2019hui. On a plein l\u2019espoir que \u00e7a pourra se r\u00e9gler rapidement et on pourra passer \u00e0 l\u2019\u00e9tape suivante dans le cadre des APE\u00a0\u00bb, confie son Excellence Philippe Van Damme. Il est \u00e0 noter concernant ce point que les n\u00e9gociations n\u2019avancent pas depuis au moins 3 ans. Parmi les points de friction entre les deux parties\u00a0: la r\u00e8gle de minimis qui fixe le seuil admissible des non originaires \u00e0 appliquer par d\u00e9rogation aux normes fix\u00e9es pour chaque produit\u00a0; l\u2019administration de la preuve d\u2019origine.<\/p>\n<p><strong>Lire aussi<\/strong> : <strong><a href=\"https:\/\/ecomatin.net\/lue-et-les-pays-de-loeacp-signent-un-nouvel-accord-de-partenariat\/\">L\u2019UE et les pays de l\u2019Oeacp signent un nouvel accord de partenariat<\/a><\/strong><\/p>\n<p>S\u2019agissant de la coop\u00e9ration future entre le Cameroun et l\u2019UE, elle se peaufine avec les traits du nouvel accord entre les pays membres de l\u2019Organisation des Etats Afrique, Cara\u00efbes et Pacifique (Oeacp), dont le Cameroun est membre et l\u2019UE. \u00ab\u00a0Nous avons aussi discuter des perspectives d\u2019avenir puisque nous quittons le cadre de l\u2019accord de Cotonou et du Fonds europ\u00e9en de d\u00e9veloppement pour passer dans une nouvelle \u00e8re post-Cotonou, avec une coop\u00e9ration tout aussi intense mais dans un cadre l\u00e9g\u00e8rement modifi\u00e9 et adapter aux nouvelles r\u00e9alit\u00e9s du monde et j\u2019ai pens\u00e9 qu\u2019il \u00e9tait important que nous r\u00e9fl\u00e9chissions ensemble comment organiser cette nouvelle \u00e9poque de notre coop\u00e9ration\u00a0\u00bb\u00a0\u00bb, confie l\u2019autorit\u00e9 europ\u00e9enne.<\/p>\n<p><strong>Lire aussi<\/strong> : <strong><a href=\"https:\/\/ecomatin.net\/assemblee-nationale-9-projets-de-loi-sur-la-table-des-deputes\/\">Assembl\u00e9e nationale: 9 Projets de loi sur la table des d\u00e9put\u00e9s<\/a><\/strong><\/p>\n<p>Notons que l\u2019accord post-Cotonou entrera en vigueur une fois que les deux parties auront achev\u00e9 leurs proc\u00e9dures internes relatives \u00e0 la signature et \u00e0 la conclusion. D\u2019une dur\u00e9e de 20 ans, celui-ci se fera sous de nouveaux prismes. Notamment le passage du Fonds europ\u00e9en de d\u00e9veloppement au profit de l\u2019Instrument de voisinage, de coop\u00e9ration au d\u00e9veloppement et de coop\u00e9ration internationale (Ndici). Et les domaines d\u2019intervention prioritaires pour les 79 pays membres que sont\u00a0: les droits de l\u2019homme, la d\u00e9mocratie et la gouvernance au sein de soci\u00e9t\u00e9s ax\u00e9es sur les personnes et fond\u00e9es sur les droits, la paix et la s\u00e9curit\u00e9, le d\u00e9veloppement humain et social, la viabilit\u00e9 environnementale et le changement climatique, la croissance et le d\u00e9veloppement \u00e9conomiques durables et inclusifs, et la migration et la mobilit\u00e9.<\/p>\n<p>Auteur: Cindy MBALA<br \/>\n<a href=\"https:\/\/ecomatin.net\/cameroun-union-europeenne-les-nouveaux-axess-de-la-cooperation\/\">Cliquez ici pour lire l&rsquo;article depuis sa source.<\/a><\/p>\n","protected":false},"excerpt":{"rendered":"<p>Le ministre de l\u2019Economie, de la planification et de l\u2019am\u00e9nagement du territoire (Minepat), Alamine Ousmane Mey, et le nouvel Ambassadeur, Chef de D\u00e9l\u00e9gation de l\u2019Union europ\u00e9enne au Cameroun, son Excellence Philippe Van Damme, ont copr\u00e9sid\u00e9s le 10 juin 2021, la r\u00e9union semestrielle du suivi du partenariat Cameroun-Union europ\u00e9enne. Rencontre au cours de laquelle plusieurs aspects [&hellip;]<\/p>\n","protected":false},"author":1969,"featured_media":0,"comment_status":"closed","ping_status":"closed","sticky":false,"template":"","format":"standard","meta":{"fifu_image_url":"","fifu_image_alt":"","footnotes":""},"categories":[82,78],"tags":[],"class_list":["post-118452","post","type-post","status-publish","format-standard","hentry","category-cameroun","category-economie"],"_links":{"self":[{"href":"https:\/\/linitiative.ca\/International\/wp-json\/wp\/v2\/posts\/118452","targetHints":{"allow":["GET"]}}],"collection":[{"href":"https:\/\/linitiative.ca\/International\/wp-json\/wp\/v2\/posts"}],"about":[{"href":"https:\/\/linitiative.ca\/International\/wp-json\/wp\/v2\/types\/post"}],"author":[{"embeddable":true,"href":"https:\/\/linitiative.ca\/International\/wp-json\/wp\/v2\/users\/1969"}],"replies":[{"embeddable":true,"href":"https:\/\/linitiative.ca\/International\/wp-json\/wp\/v2\/comments?post=118452"}],"version-history":[{"count":0,"href":"https:\/\/linitiative.ca\/International\/wp-json\/wp\/v2\/posts\/118452\/revisions"}],"wp:attachment":[{"href":"https:\/\/linitiative.ca\/International\/wp-json\/wp\/v2\/media?parent=118452"}],"wp:term":[{"taxonomy":"category","embeddable":true,"href":"https:\/\/linitiative.ca\/International\/wp-json\/wp\/v2\/categories?post=118452"},{"taxonomy":"post_tag","embeddable":true,"href":"https:\/\/linitiative.ca\/International\/wp-json\/wp\/v2\/tags?post=118452"}],"curies":[{"name":"wp","href":"https:\/\/api.w.org\/{rel}","templated":true}]}}