{"id":118453,"date":"2021-06-11T16:30:51","date_gmt":"2021-06-11T20:30:51","guid":{"rendered":"https:\/\/linitiative.ca\/International\/marrakech-un-voleur-de-velomoteurs-mis-sous-les-verrous\/"},"modified":"2021-06-11T16:30:51","modified_gmt":"2021-06-11T20:30:51","slug":"marrakech-un-voleur-de-velomoteurs-mis-sous-les-verrous","status":"publish","type":"post","link":"https:\/\/linitiative.ca\/International\/marrakech-un-voleur-de-velomoteurs-mis-sous-les-verrous\/","title":{"rendered":"Marrakech  : Un voleur de v\u00e9lomoteurs mis sous les verrous"},"content":{"rendered":"<header>\n<\/header>\n<div class=\"entry-content clearfix\" readability=\"41\">\n<figure class=\"post-thumbnail\" itemprop=\"associatedMedia\" itemscope=\"itemscope\" itemtype=\"http:\/\/schema.org\/ImageObject\"><img decoding=\"async\" class=\"post_layout_5_img\" src=\"http:\/\/aujourdhui.ma\/wp-content\/uploads\/2016\/12\/Voleurs-velomoteurs.jpg\" alt=\"Marrakech : Un voleur de v\u00e9lomoteurs mis sous les verrous\"\/><\/figure>\n<p>Un malfaiteur sp\u00e9cialis\u00e9 dans le vol de v\u00e9lomoteurs a \u00e9t\u00e9 arr\u00eat\u00e9, mardi dernier, par les \u00e9l\u00e9ments de la police judiciaire relevant du district de la s\u00fbret\u00e9 de Gueliz, \u00e0 Marrakech, apprend-on d\u2019un communiqu\u00e9 rendu public par la pr\u00e9fecture de police de cette ville. Suite \u00e0 une plainte faisant \u00e9tat de la disparition d\u2019un v\u00e9lomoteur juste \u00e0 c\u00f4t\u00e9 d\u2019un hypermarch\u00e9, les limiers de Gueliz ont men\u00e9 une enqu\u00eate sold\u00e9e par l\u2019identification de ce malfrat et son complice. Ce dernier a pris la fuite \u00e0 bord du v\u00e9lomoteur vol\u00e9. Il est activement recherch\u00e9, a pr\u00e9cis\u00e9 le m\u00eame communiqu\u00e9 policier.<\/p>\n<\/div>\n<p>Auteur: ALM<br \/>\n<a href=\"https:\/\/aujourdhui.ma\/faits-divers\/marrakech-un-voleur-de-velomoteurs-mis-sous-les-verrous\">Cliquez ici pour lire l&rsquo;article depuis sa source.<\/a><\/p>\n","protected":false},"excerpt":{"rendered":"<p>Un malfaiteur sp\u00e9cialis\u00e9 dans le vol de v\u00e9lomoteurs a \u00e9t\u00e9 arr\u00eat\u00e9, mardi dernier, par les \u00e9l\u00e9ments de la police judiciaire relevant du district de la s\u00fbret\u00e9 de Gueliz, \u00e0 Marrakech, apprend-on d\u2019un communiqu\u00e9 rendu public par la pr\u00e9fecture de police de cette ville. Suite \u00e0 une plainte faisant \u00e9tat de la disparition d\u2019un v\u00e9lomoteur juste [&hellip;]<\/p>\n","protected":false},"author":1759,"featured_media":0,"comment_status":"closed","ping_status":"closed","sticky":false,"template":"","format":"standard","meta":{"fifu_image_url":"http:\/\/aujourdhui.ma\/wp-content\/uploads\/2016\/12\/Voleurs-velomoteurs.jpg","fifu_image_alt":"Marrakech  : Un voleur de v\u00e9lomoteurs mis sous les verrous","footnotes":""},"categories":[73,54],"tags":[],"class_list":["post-118453","post","type-post","status-publish","format-standard","hentry","category-actualite","category-maroc"],"_links":{"self":[{"href":"https:\/\/linitiative.ca\/International\/wp-json\/wp\/v2\/posts\/118453","targetHints":{"allow":["GET"]}}],"collection":[{"href":"https:\/\/linitiative.ca\/International\/wp-json\/wp\/v2\/posts"}],"about":[{"href":"https:\/\/linitiative.ca\/International\/wp-json\/wp\/v2\/types\/post"}],"author":[{"embeddable":true,"href":"https:\/\/linitiative.ca\/International\/wp-json\/wp\/v2\/users\/1759"}],"replies":[{"embeddable":true,"href":"https:\/\/linitiative.ca\/International\/wp-json\/wp\/v2\/comments?post=118453"}],"version-history":[{"count":0,"href":"https:\/\/linitiative.ca\/International\/wp-json\/wp\/v2\/posts\/118453\/revisions"}],"wp:attachment":[{"href":"https:\/\/linitiative.ca\/International\/wp-json\/wp\/v2\/media?parent=118453"}],"wp:term":[{"taxonomy":"category","embeddable":true,"href":"https:\/\/linitiative.ca\/International\/wp-json\/wp\/v2\/categories?post=118453"},{"taxonomy":"post_tag","embeddable":true,"href":"https:\/\/linitiative.ca\/International\/wp-json\/wp\/v2\/tags?post=118453"}],"curies":[{"name":"wp","href":"https:\/\/api.w.org\/{rel}","templated":true}]}}