{"id":118463,"date":"2021-06-12T09:58:49","date_gmt":"2021-06-12T13:58:49","guid":{"rendered":"https:\/\/linitiative.ca\/International\/le-travail-des-enfants-concerne-13-des-menages-en-2020\/"},"modified":"2021-06-12T09:58:49","modified_gmt":"2021-06-12T13:58:49","slug":"le-travail-des-enfants-concerne-13-des-menages-en-2020","status":"publish","type":"post","link":"https:\/\/linitiative.ca\/International\/le-travail-des-enfants-concerne-13-des-menages-en-2020\/","title":{"rendered":"Le travail des enfants concerne 1,3% des m\u00e9nages en 2020"},"content":{"rendered":"<div readability=\"36\">\n<p>Le ph\u00e9nom\u00e8ne des enfants au travail a concern\u00e9 113.000 m\u00e9nages en 2020, soit 1,3% de l\u2019ensemble des m\u00e9nages marocains, indique le Haut-Commissariat au Plan (HCP).<\/p>\n<\/div>\n<div readability=\"73\">\n<p>Ces m\u00e9nages demeurent concentr\u00e9s sur les zones rurales (85.000 m\u00e9nages contre 27.000 dans les villes) et pr\u00e8s de 8% d\u2019entre eux sont dirig\u00e9s par des femmes, fait savoir le HCP dans une note publi\u00e9e \u00e0 l\u2019occasion de la c\u00e9l\u00e9bration de la Journ\u00e9e mondiale contre le travail des enfants.<\/p>\n<p>Ce sont les m\u00e9nages de grande taille qui restent le plus affect\u00e9s, rel\u00e8ve la m\u00eame source, pr\u00e9cisant que la proportion des m\u00e9nages ayant au moins un enfant au travail est de 0,6% pour les m\u00e9nages de trois personnes et augmente progressivement avec la taille pour atteindre 3,6% parmi les m\u00e9nages de 6 personnes ou plus.<\/p>\n<p>La note fait \u00e9galement ressortir que les caract\u00e9ristiques socioculturelles du m\u00e9nage et de son chef en particulier sont d\u00e9terminantes pour ce ph\u00e9nom\u00e8ne. Ainsi, la proportion des m\u00e9nages dont au moins un enfant est au travail est quasi nulle parmi les m\u00e9nages avec un chef ayant un niveau d\u2019instruction sup\u00e9rieur et s\u2019\u00e9tablit \u00e0 2,1% parmi les m\u00e9nages dont le chef n\u2019a aucun niveau d\u2019instruction.<\/p>\n<p>Selon le type d\u2019activit\u00e9 du chef de m\u00e9nage, cette proportion passe de 0,4% pour les m\u00e9nages dont les chefs sont inactifs \u00e0 0,6% pour les ch\u00f4meurs et atteint 1,8% pour les m\u00e9nages dirig\u00e9s par des actifs occup\u00e9s, ajoute le HCP qui souligne que plus on avance dans l\u2019\u00e9chelle sociale plus l\u2019effectif des enfants au travail diminue.<\/p>\n<p>En effet, l\u2019analyse de ce ph\u00e9nom\u00e8ne selon la cat\u00e9gorie socioprofessionnelle du chef de m\u00e9nage r\u00e9v\u00e8le que 53,6% des enfants au travail sont issus du milieu d\u2019exploitants agricoles, 15,7% du milieu populaire, 20,3% du milieu interm\u00e9diaire et 10,3% proviennent milieu des chefs inactifs. Le ph\u00e9nom\u00e8ne demeure quasi-inexistant au sein du milieu sup\u00e9rieur.<\/p>\n<\/div>\n<p>Auteur: Meriem IGASS<br \/>\n<a href=\"http:\/\/www.mapmarrakech.ma\/fr\/le-travail-des-enfants-concerne-13-des-menages-en-2020\/\">Cliquez ici pour lire l&rsquo;article depuis sa source.<\/a><\/p>\n","protected":false},"excerpt":{"rendered":"<p>Le ph\u00e9nom\u00e8ne des enfants au travail a concern\u00e9 113.000 m\u00e9nages en 2020, soit 1,3% de l\u2019ensemble des m\u00e9nages marocains, indique le Haut-Commissariat au Plan (HCP). Ces m\u00e9nages demeurent concentr\u00e9s sur les zones rurales (85.000 m\u00e9nages contre 27.000 dans les villes) et pr\u00e8s de 8% d\u2019entre eux sont dirig\u00e9s par des femmes, fait savoir le HCP [&hellip;]<\/p>\n","protected":false},"author":1788,"featured_media":0,"comment_status":"closed","ping_status":"closed","sticky":false,"template":"","format":"standard","meta":{"fifu_image_url":"","fifu_image_alt":"","footnotes":""},"categories":[54,76],"tags":[],"class_list":["post-118463","post","type-post","status-publish","format-standard","hentry","category-maroc","category-regions"],"_links":{"self":[{"href":"https:\/\/linitiative.ca\/International\/wp-json\/wp\/v2\/posts\/118463","targetHints":{"allow":["GET"]}}],"collection":[{"href":"https:\/\/linitiative.ca\/International\/wp-json\/wp\/v2\/posts"}],"about":[{"href":"https:\/\/linitiative.ca\/International\/wp-json\/wp\/v2\/types\/post"}],"author":[{"embeddable":true,"href":"https:\/\/linitiative.ca\/International\/wp-json\/wp\/v2\/users\/1788"}],"replies":[{"embeddable":true,"href":"https:\/\/linitiative.ca\/International\/wp-json\/wp\/v2\/comments?post=118463"}],"version-history":[{"count":0,"href":"https:\/\/linitiative.ca\/International\/wp-json\/wp\/v2\/posts\/118463\/revisions"}],"wp:attachment":[{"href":"https:\/\/linitiative.ca\/International\/wp-json\/wp\/v2\/media?parent=118463"}],"wp:term":[{"taxonomy":"category","embeddable":true,"href":"https:\/\/linitiative.ca\/International\/wp-json\/wp\/v2\/categories?post=118463"},{"taxonomy":"post_tag","embeddable":true,"href":"https:\/\/linitiative.ca\/International\/wp-json\/wp\/v2\/tags?post=118463"}],"curies":[{"name":"wp","href":"https:\/\/api.w.org\/{rel}","templated":true}]}}